{"id":198563,"date":"2025-06-23T16:20:09","date_gmt":"2025-06-23T16:20:09","guid":{"rendered":"https:\/\/www.europesays.com\/fr\/198563\/"},"modified":"2025-06-23T16:20:09","modified_gmt":"2025-06-23T16:20:09","slug":"fougeres-attend-toujours-un-repechage-en-nationale-1","status":"publish","type":"post","link":"https:\/\/www.europesays.com\/fr\/198563\/","title":{"rendered":"Foug\u00e8res attend toujours un rep\u00eachage en Nationale 1"},"content":{"rendered":"<p>            Par<br \/>\n        <strong><br \/>\n            <a href=\"https:\/\/actu.fr\/auteur\/benoit-fouque\" title=\"Consulter tous les articles de Benoit Fouque\" target=\"_blank\" rel=\"noopener\">Benoit Fouque<\/a><br \/>\n        <\/strong><\/p>\n<p>        Publi\u00e9 le<\/p>\n<p>            23 juin 2025 \u00e0 16h05        <\/p>\n<p>Un communiqu\u00e9 laconique mais une d\u00e9cision qui n\u2019est pas d\u00e9finitive. La <b>F\u00e9d\u00e9ration fran\u00e7aise de basket-ball<\/b> a annonc\u00e9, <b>lundi 23 juin<\/b>, que la commission de contr\u00f4le de gestion (CCG) avait statu\u00e9 sur les dossiers mis en d\u00e9lib\u00e9r\u00e9 et ceux des clubs int\u00e9grant les divisions <b>LF2\/NM1<\/b>.<\/p>\n<p class=\" wall-content\">Parmi eux figurait <a href=\"https:\/\/actu.fr\/tag\/pays-de-fougeres-basket\" target=\"_blank\" rel=\"noopener\">Pays de Foug\u00e8res basket<\/a>\u00a0<b>(Ille-et-Vilaine)<\/b>, premier rel\u00e9gable du championnat de <b>Nationale 1<\/b> \u00e0 l\u2019issue de la saison 2024-2025.<\/p>\n<p class=\" wall-content\">Fin mai dernier, la CCG avait avait mis en d\u00e9lib\u00e9r\u00e9 ses d\u00e9cisions relatives \u00e0 l\u2019engagement en championnat de<b>\u00a0Nationale 2<\/b> masculine 2025\/26 des <b>Blues Brothers<\/b>. L\u2019instance a confirm\u00e9 cette d\u00e9cision.<\/p>\n<p class=\" wall-content\">Les clubs de <b>Metz BC<\/b>, <b>Toulouse OAC<\/b> et l\u2019<b>US Maubeuge BB <\/b>sont aussi engag\u00e9s en<b> Nationale 2<\/b>. Le <b>BC Li\u00e9vinois<\/b> et les <b>Enfants du Forez basket <\/b>(Feurs) font l\u2019objet d\u2019une r\u00e9trogradation en championnat de <b>Ligue R\u00e9gionale<\/b>.<\/p>\n<p>Vid\u00e9os : en ce moment sur Actu<\/p>\n<blockquote class=\"ac-article-quote wall-content\">\n<p>Les clubs peuvent contester ces d\u00e9cisions devant la Chambre d\u2019Appel FFBB dans les dix jours ouvrables suivant la notification.<\/p>\n<p>CCG<\/p><\/blockquote>\n<p class=\" wall-content\">Pour <b>Foug\u00e8res<\/b>, il ne s\u2019agit pas d\u2019une d\u00e9cision d\u00e9finitive mais d\u2019une suite logique. Etant premier rel\u00e9gable, la f\u00e9d\u00e9ration a act\u00e9 son engagement en <b>Nationale 2<\/b>. Le PFB attend d\u00e9sormais que l\u2019instance d\u00e9cide d\u2019un \u00e9ventuel rep\u00eachage en <b>Nationale 1<\/b>.\u00a0<\/p>\n<p class=\" wall-content\">Si c\u2019est le cas, le club devrait \u00eatre officiellement avis\u00e9 de cette d\u00e9cision par courrier. Une nouvelle audience pourrait \u00eatre demand\u00e9e au <b>PFB <\/b>devant la CCG.<\/p>\n<p class=\" wall-content\">Suivez toute l\u2019actualit\u00e9 de vos villes et m\u00e9dias favoris en vous inscrivant \u00e0 <a href=\"https:\/\/moncompte.actu.fr\" title=\"D\u00e9couvez Mon Actu\" rel=\"nofollow noopener\" data-trk=\"{&quot;cta&quot;:{&quot;action&quot;:&quot;https:\\\/\\\/moncompte.actu.fr&quot;,&quot;category&quot;:&quot;mon compte&quot;,&quot;from&quot;:&quot;article footer&quot;,&quot;name&quot;:&quot;Mon actu&quot;,&quot;type&quot;:&quot;cta&quot;}}\" target=\"_blank\">Mon Actu<\/a>.<\/p>\n<ul class=\"ac-article-tag wall-content\">\n<li><a href=\"https:\/\/actu.fr\/tag\/pays-de-fougeres-basket\" data-trk=\"{&quot;cta&quot;:{&quot;action&quot;:&quot;Pays de Foug\\u00e8res basket&quot;,&quot;category&quot;:&quot;tag&quot;,&quot;from&quot;:&quot;article footer&quot;,&quot;name&quot;:&quot;Pays de Foug\\u00e8res basket&quot;,&quot;type&quot;:&quot;cta&quot;}}\" target=\"_blank\" rel=\"noopener\">#Pays de Foug\u00e8res basket<\/a><\/li>\n<\/ul>\n","protected":false},"excerpt":{"rendered":"Par Benoit Fouque Publi\u00e9 le 23 juin 2025 \u00e0 16h05 Un communiqu\u00e9 laconique mais une d\u00e9cision qui n\u2019est&hellip;\n","protected":false},"author":2,"featured_media":198564,"comment_status":"","ping_status":"","sticky":false,"template":"","format":"standard","meta":{"footnotes":""},"categories":[1414],"tags":[1465,1464,1011,27,25697,60],"class_list":{"0":"post-198563","1":"post","2":"type-post","3":"status-publish","4":"format-standard","5":"has-post-thumbnail","7":"category-basket","8":"tag-basket","9":"tag-basketball","10":"tag-fr","11":"tag-france","12":"tag-pays-de-fougeres-basket","13":"tag-sports"},"share_on_mastodon":{"url":"https:\/\/pubeurope.com\/@fr\/114733595023485926","error":""},"_links":{"self":[{"href":"https:\/\/www.europesays.com\/fr\/wp-json\/wp\/v2\/posts\/198563","targetHints":{"allow":["GET"]}}],"collection":[{"href":"https:\/\/www.europesays.com\/fr\/wp-json\/wp\/v2\/posts"}],"about":[{"href":"https:\/\/www.europesays.com\/fr\/wp-json\/wp\/v2\/types\/post"}],"author":[{"embeddable":true,"href":"https:\/\/www.europesays.com\/fr\/wp-json\/wp\/v2\/users\/2"}],"replies":[{"embeddable":true,"href":"https:\/\/www.europesays.com\/fr\/wp-json\/wp\/v2\/comments?post=198563"}],"version-history":[{"count":0,"href":"https:\/\/www.europesays.com\/fr\/wp-json\/wp\/v2\/posts\/198563\/revisions"}],"wp:featuredmedia":[{"embeddable":true,"href":"https:\/\/www.europesays.com\/fr\/wp-json\/wp\/v2\/media\/198564"}],"wp:attachment":[{"href":"https:\/\/www.europesays.com\/fr\/wp-json\/wp\/v2\/media?parent=198563"}],"wp:term":[{"taxonomy":"category","embeddable":true,"href":"https:\/\/www.europesays.com\/fr\/wp-json\/wp\/v2\/categories?post=198563"},{"taxonomy":"post_tag","embeddable":true,"href":"https:\/\/www.europesays.com\/fr\/wp-json\/wp\/v2\/tags?post=198563"}],"curies":[{"name":"wp","href":"https:\/\/api.w.org\/{rel}","templated":true}]}}