{"id":198572,"date":"2025-06-23T16:25:12","date_gmt":"2025-06-23T16:25:12","guid":{"rendered":"https:\/\/www.europesays.com\/fr\/198572\/"},"modified":"2025-06-23T16:25:12","modified_gmt":"2025-06-23T16:25:12","slug":"archie-et-lilibet-ce-violent-retour-de-boomerang-qui-attend-meghan-markle","status":"publish","type":"post","link":"https:\/\/www.europesays.com\/fr\/198572\/","title":{"rendered":"Archie et Lilibet : ce violent retour de boomerang qui attend Meghan Markle"},"content":{"rendered":"<p>Depuis quelques mois maintenant, Meghan Markle n\u2019h\u00e9site plus \u00e0<br \/>\nafficher ses enfants. En photo, en vid\u00e9o, <strong>le visage<br \/>\nd\u2019Archie et de Lilibet<\/strong> est partout. Mais voil\u00e0 que pour<br \/>\ncertains, <a href=\"https:\/\/www.closermag.fr\/royautes\/meghan-markle-accusee-dhypocrisie-apres-la-decision-surprise-concernant-archie-et-lilibet-3557296#:~:text=La%20duchesse%20de%20Sussex%20s,ses%20enfants%20Archie%20et%20Lilibet.\" target=\"_blank\" rel=\"noopener\"><br \/>\nl\u2019\u00e9pouse du prince Harry<\/a> est vis\u00e9e par certains d\u00e9tracteurs qui<br \/>\nl\u2019accusent de se servir de l\u2019image de ses enfants pour faire du<br \/>\nbusiness. Pire encore, les deux bambins pourraient m\u00eame en vouloir<br \/>\n\u00e0 leurs parents.<\/p>\n<p>Selon les experts de l&rsquo;\u00e9mission Royal Exclusive du Sun,<br \/>\nla duchesse de Sussex pourrait faire face \u00e0 une<br \/>\n<strong>\u201cterrible vengeance\u201d<\/strong> de la part de ses<br \/>\nenfants. L\u2019auteur Hugo Vickers a ainsi d\u00e9clar\u00e9 : \u201cJe pense<br \/>\nsimplement qu&rsquo;il y aura une terrible vengeance lorsque ces enfants<br \/>\ngrandiront\u201d.\u00a0<\/p>\n<p><img itemprop=\"thumbnailUrl\" decoding=\"async\" loading=\"lazy\" class=\"aligncenter size-full wp-image-3557506 img-responsive\" src=\"https:\/\/www.europesays.com\/fr\/wp-content\/uploads\/2025\/06\/bestimage_00474972_000067-scaled.jpg\" alt=\"Le prince Harry, duc de Sussex, et Meghan Markle, duchesse de Sussex assistent au festival de musique de Mountbatten au Royal Albert Hall de Londres, Royaume Uni, le 7 mars 2020.\" width=\"1707\" height=\"2560\"\/> \u00a9 Bestimage<\/p>\n<p>Meghan Markle : risque-t-elle des probl\u00e8mes suite \u00e0 la<br \/>\ndivulgation des photos de ses enfants ?<\/p>\n<p>Et les mots de cet expert sont tr\u00e8s durs : \u201cJe veux dire, je<br \/>\nne sais pas pour vous, mais je serais tr\u00e8s ennuy\u00e9 si je d\u00e9couvrais<br \/>\nque j&rsquo;ai \u00e9t\u00e9 utilis\u00e9 dans tous ces messages d&rsquo;une mani\u00e8re \u00e9trange<br \/>\npar mes parents\u201d. Il rappelle notamment l\u2019\u00e9pisode de<br \/>\nDisneyland.<\/p>\n<p>En effet, la <a href=\"https:\/\/www.closermag.fr\/royautes\/inconfortable-meghan-markle-admet-que-linteret-suscite-par-ses-enfants-a-un-sacre-inconvenient-3556080\" target=\"_blank\" rel=\"noopener\"><br \/>\nduchesse de Sussex<\/a> avait alors d\u00e9voil\u00e9 des vid\u00e9os dans<br \/>\nlesquelles on peut y voir les enfants s\u2019amuser avec le prince<br \/>\nHarry. <strong>\u201cDe m\u00eame, ils vont grandir \u00e0 un moment donn\u00e9 et<br \/>\nd\u00e9couvrir qu&rsquo;ils n&rsquo;ont jamais connu leurs grands-parents, leurs<br \/>\ngrands-p\u00e8res\u201d.\u00a0<\/strong><\/p>\n<p>La duchesse de Sussex est-elle en train<br \/>\nde faire du business en se servant de l&rsquo;image d&rsquo;Archie et de<br \/>\nLilibet ?<\/p>\n<p>Mais Meghan Markle pourrait-elle vraiment voir ses enfants se<br \/>\nretourner contre elle ? \u201cEt puis, bien s\u00fbr, ils se r\u00e9veilleront<br \/>\naussi pour r\u00e9aliser qu&rsquo;ils auraient pu \u00eatre le cousin du prince<br \/>\nGeorge, un futur roi, et qu&rsquo;ils auraient pu \u00eatre ici en train de<br \/>\npasser un bon moment avec les autres enfants, leurs cousins<br \/>\n\u200b\u200bapr\u00e8s, ils ne les conna\u00eetront plus\u201d, confie l\u2019expert.<\/p>\n<p><a href=\"https:\/\/www.closermag.fr\/royautes\/meghan-exploite-archie-et-lilibet-ses-enfants-vont-lui-permettre-de-devenir-riche-selon-un-expert-3554361\" target=\"_blank\" rel=\"noopener\"><br \/>\nMeghan Markle<\/a> devrait ainsi faire tr\u00e8s attention \u00e0 tout ce<br \/>\nqu\u2019elle publie au sujet de ses bambins. Et une chose est s\u00fbre, les<br \/>\navis sont tr\u00e8s critiques : \u201cJe ne sais pas pourquoi nous ne<br \/>\npouvons pas voir les visages des enfants. Je pense qu&rsquo;elle a<br \/>\nmanifestement une sorte de plan l\u00e0-bas o\u00f9 elle pourrait<br \/>\n<strong>vouloir des liens avec de l&rsquo;argent un jour,<\/strong> je ne<br \/>\nsais pas\u201d, lan\u00e7ait un expert.<\/p>\n","protected":false},"excerpt":{"rendered":"Depuis quelques mois maintenant, Meghan Markle n\u2019h\u00e9site plus \u00e0 afficher ses enfants. En photo, en vid\u00e9o, le visage&hellip;\n","protected":false},"author":2,"featured_media":198573,"comment_status":"","ping_status":"","sticky":false,"template":"","format":"standard","meta":{"footnotes":""},"categories":[1359],"tags":[548,58,59,1011,27,13418,908,973,20439],"class_list":{"0":"post-198572","1":"post","2":"type-post","3":"status-publish","4":"format-standard","5":"has-post-thumbnail","7":"category-people","8":"tag-article-simple","9":"tag-divertissement","10":"tag-entertainment","11":"tag-fr","12":"tag-france","13":"tag-lilibet","14":"tag-meghan-markle","15":"tag-people","16":"tag-prince-archie"},"share_on_mastodon":{"url":"https:\/\/pubeurope.com\/@fr\/114733614691216956","error":""},"_links":{"self":[{"href":"https:\/\/www.europesays.com\/fr\/wp-json\/wp\/v2\/posts\/198572","targetHints":{"allow":["GET"]}}],"collection":[{"href":"https:\/\/www.europesays.com\/fr\/wp-json\/wp\/v2\/posts"}],"about":[{"href":"https:\/\/www.europesays.com\/fr\/wp-json\/wp\/v2\/types\/post"}],"author":[{"embeddable":true,"href":"https:\/\/www.europesays.com\/fr\/wp-json\/wp\/v2\/users\/2"}],"replies":[{"embeddable":true,"href":"https:\/\/www.europesays.com\/fr\/wp-json\/wp\/v2\/comments?post=198572"}],"version-history":[{"count":0,"href":"https:\/\/www.europesays.com\/fr\/wp-json\/wp\/v2\/posts\/198572\/revisions"}],"wp:featuredmedia":[{"embeddable":true,"href":"https:\/\/www.europesays.com\/fr\/wp-json\/wp\/v2\/media\/198573"}],"wp:attachment":[{"href":"https:\/\/www.europesays.com\/fr\/wp-json\/wp\/v2\/media?parent=198572"}],"wp:term":[{"taxonomy":"category","embeddable":true,"href":"https:\/\/www.europesays.com\/fr\/wp-json\/wp\/v2\/categories?post=198572"},{"taxonomy":"post_tag","embeddable":true,"href":"https:\/\/www.europesays.com\/fr\/wp-json\/wp\/v2\/tags?post=198572"}],"curies":[{"name":"wp","href":"https:\/\/api.w.org\/{rel}","templated":true}]}}