{"id":198574,"date":"2025-06-23T16:26:13","date_gmt":"2025-06-23T16:26:13","guid":{"rendered":"https:\/\/www.europesays.com\/fr\/198574\/"},"modified":"2025-06-23T16:26:13","modified_gmt":"2025-06-23T16:26:13","slug":"images-de-lunivers-le-plus-grand-appareil-photo-numerique-jamais-construit-publie-ses-premiers-cliches","status":"publish","type":"post","link":"https:\/\/www.europesays.com\/fr\/198574\/","title":{"rendered":"Images de l\u2019univers | Le plus grand appareil photo num\u00e9rique jamais construit publie ses premiers clich\u00e9s"},"content":{"rendered":"<p class=\"lead textModule textModule--type-lead \" style=\"\">(New\u00a0York) Le plus grand appareil photo num\u00e9rique jamais construit a publi\u00e9 lundi ses premi\u00e8res photos spectaculaires de l\u2019univers, notamment des n\u00e9buleuses color\u00e9es, des \u00e9toiles et des galaxies. <\/p>\n<p>                    Publi\u00e9 \u00e0 10\u00a0h\u00a028<\/p>\n<p>    <a class=\"print\" href=\"https:\/\/www.lapresse.ca\/actualites\/sciences\/2025-06-23\/images-de-l-univers\/javascript:window.print();\" title=\"Imprimer la page\" rel=\"nofollow noopener\" target=\"_blank\"><\/p>\n<p>        <img loading=\"lazy\" decoding=\"async\" width=\"16\" height=\"18\" src=\"https:\/\/www.europesays.com\/fr\/wp-content\/uploads\/2025\/04\/share-icon.png\" alt=\"Partager\"\/><\/p>\n<p>\n                                    Adithi Ramakrishnan<\/p>\n<p>                                                    Associated Press<\/p>\n<p class=\"paragraph textModule textModule--type-paragraph \" style=\"\">L\u2019observatoire Vera C. Rubin, situ\u00e9 au sommet d\u2019une montagne au Chili, a \u00e9t\u00e9 construit pour observer plus en d\u00e9tail le ciel nocturne et en explorer les recoins cach\u00e9s. Financ\u00e9 par la National Science Foundation et le d\u00e9partement am\u00e9ricain de l\u2019\u00c9nergie, il observera le ciel austral pendant les dix prochaines ann\u00e9es. <\/p>\n<p class=\"paragraph textModule textModule--type-paragraph \" style=\"\">Les premi\u00e8res images de l\u2019observatoire montrent les n\u00e9buleuses Trifide et Lagune, situ\u00e9es \u00e0 des milliers d\u2019ann\u00e9es-lumi\u00e8re de la Terre. Une ann\u00e9e-lumi\u00e8re \u00e9quivaut \u00e0 pr\u00e8s de 6000\u00a0milliards de kilom\u00e8tres. Un groupe de galaxies connu sous le nom d\u2019amas de la Vierge a \u00e9galement \u00e9t\u00e9 photographi\u00e9, notamment deux spirales bleues brillantes. <\/p>\n<p>                                        <img decoding=\"async\" src=\"https:\/\/www.europesays.com\/fr\/wp-content\/uploads\/2025\/06\/89aa31f191043faf99791190efc43ad6.jpg\" alt=\"\" class=\"photoModule__visual\" itemprop=\"contentUrl url\"\/><\/p>\n<p class=\"credit photoModule__caption photoModule__caption--credit\" style=\"\">\n                    PHOTO OBSERVATOIRE VERA C. RUBIN, FOURNIE PAR ASSOCIATED PRESS\n                <\/p>\n<p class=\"description photoModule__caption photoModule__caption--description\" style=\"\">\n                    Les premi\u00e8res images de l\u2019observatoire montrent les n\u00e9buleuses Trifide et Lagune, situ\u00e9es \u00e0 des milliers d\u2019ann\u00e9es-lumi\u00e8re de la Terre.\n                <\/p>\n<p class=\"paragraph textModule textModule--type-paragraph \" style=\"\">L\u2019observatoire esp\u00e8re photographier 20\u00a0milliards de galaxies et d\u00e9couvrir de nouveaux ast\u00e9ro\u00efdes et autres objets c\u00e9lestes.\u00a0\u00a0<\/p>\n<p class=\"paragraph textModule textModule--type-paragraph \" style=\"\">Ce projet porte le nom de l\u2019astronome Vera Rubin, qui a fourni les premi\u00e8res preuves intrigantes de l\u2019existence d\u2019une force myst\u00e9rieuse appel\u00e9e mati\u00e8re noire qui pourrait se cacher dans l\u2019univers. Les chercheurs esp\u00e8rent que la cam\u00e9ra sophistiqu\u00e9e de l\u2019observatoire permettra de trouver des indices sur cette entit\u00e9 insaisissable ainsi que sur une autre appel\u00e9e \u00e9nergie noire. <\/p>\n","protected":false},"excerpt":{"rendered":"(New\u00a0York) Le plus grand appareil photo num\u00e9rique jamais construit a publi\u00e9 lundi ses premi\u00e8res photos spectaculaires de l\u2019univers,&hellip;\n","protected":false},"author":2,"featured_media":198575,"comment_status":"","ping_status":"","sticky":false,"template":"","format":"standard","meta":{"footnotes":""},"categories":[1358],"tags":[1348,1384,1385,1386,58,59,1011,27],"class_list":{"0":"post-198574","1":"post","2":"type-post","3":"status-publish","4":"format-standard","5":"has-post-thumbnail","7":"category-arts-et-design","8":"tag-arts","9":"tag-arts-and-design","10":"tag-arts-et-design","11":"tag-design","12":"tag-divertissement","13":"tag-entertainment","14":"tag-fr","15":"tag-france"},"share_on_mastodon":{"url":"https:\/\/pubeurope.com\/@fr\/114733618706660846","error":""},"_links":{"self":[{"href":"https:\/\/www.europesays.com\/fr\/wp-json\/wp\/v2\/posts\/198574","targetHints":{"allow":["GET"]}}],"collection":[{"href":"https:\/\/www.europesays.com\/fr\/wp-json\/wp\/v2\/posts"}],"about":[{"href":"https:\/\/www.europesays.com\/fr\/wp-json\/wp\/v2\/types\/post"}],"author":[{"embeddable":true,"href":"https:\/\/www.europesays.com\/fr\/wp-json\/wp\/v2\/users\/2"}],"replies":[{"embeddable":true,"href":"https:\/\/www.europesays.com\/fr\/wp-json\/wp\/v2\/comments?post=198574"}],"version-history":[{"count":0,"href":"https:\/\/www.europesays.com\/fr\/wp-json\/wp\/v2\/posts\/198574\/revisions"}],"wp:featuredmedia":[{"embeddable":true,"href":"https:\/\/www.europesays.com\/fr\/wp-json\/wp\/v2\/media\/198575"}],"wp:attachment":[{"href":"https:\/\/www.europesays.com\/fr\/wp-json\/wp\/v2\/media?parent=198574"}],"wp:term":[{"taxonomy":"category","embeddable":true,"href":"https:\/\/www.europesays.com\/fr\/wp-json\/wp\/v2\/categories?post=198574"},{"taxonomy":"post_tag","embeddable":true,"href":"https:\/\/www.europesays.com\/fr\/wp-json\/wp\/v2\/tags?post=198574"}],"curies":[{"name":"wp","href":"https:\/\/api.w.org\/{rel}","templated":true}]}}