{"id":198578,"date":"2025-06-23T16:28:15","date_gmt":"2025-06-23T16:28:15","guid":{"rendered":"https:\/\/www.europesays.com\/fr\/198578\/"},"modified":"2025-06-23T16:28:15","modified_gmt":"2025-06-23T16:28:15","slug":"cyril-hanouna-revele-avoir-subi-une-operation-sous-anesthesie-generale-dans-on-marche-sur-la-tete","status":"publish","type":"post","link":"https:\/\/www.europesays.com\/fr\/198578\/","title":{"rendered":"Cyril Hanouna r\u00e9v\u00e8le avoir subi une op\u00e9ration sous anesth\u00e9sie g\u00e9n\u00e9rale dans On marche sur la t\u00eate"},"content":{"rendered":"<p>Ce lundi 23 juin, Cyril Hanouna a fait son retour dans On marche sur la t\u00eate sur Europe 1 apr\u00e8s avoir \u00e9t\u00e9 absent pendant une semaine. Il a donn\u00e9 de ses nouvelles, r\u00e9v\u00e9lant avoir subi une op\u00e9ration sous anesth\u00e9sie g\u00e9n\u00e9rale.<\/p>\n<p>Apr\u00e8s avoir \u00e9t\u00e9 absent toute la semaine derni\u00e8re, remplac\u00e9 par <a href=\"https:\/\/www.programme-tv.net\/biographie\/25691-morandini-jean-marc\/\" data-link-people=\"7f425034-0ab6-47b9-84e1-349023d3a915\" rel=\"nofollow noopener\" target=\"_blank\"><b>Jean-Marc Morandini<\/b><\/a><b> <\/b>sur Europe 1, <b>Cyril Hanouna<\/b> a fait son retour dans <a href=\"https:\/\/www.programme-tv.net\/news\/people\/381673-absent-toute-la-semaine-cyril-hanouna-devoile-la-date-de-son-retour-dans-son-emission-on-marche-sur-la-tete-sur-europe-1\/\" data-api-deeplink=\"teleloisirs:\/\/news\/381673\" rel=\"nofollow noopener\" target=\"_blank\">On marche sur la t\u00eate<\/a> ce lundi 23 juin. Il s&rsquo;agit de sa derni\u00e8re semaine aux commandes de l&rsquo;\u00e9mission avant son arriv\u00e9e \u00e0 <a href=\"https:\/\/www.programme-tv.net\/news\/tv\/380547-il-va-nous-manquer-cyril-hanouna-annonce-qu-un-chroniqueur-devenu-emblematique-ne-le-suivra-pas-sur-fun-radio\/\" data-api-deeplink=\"teleloisirs:\/\/news\/380547\" rel=\"nofollow noopener\" target=\"_blank\">la rentr\u00e9e prochaine sur Fun Radio<\/a>. \u00ab\u00a0<b>On a pass\u00e9 une ann\u00e9e exceptionnelle et on aime Europe 1, les gens et les \u00e9quipes d&rsquo;Europe 1, l&rsquo;ambiance \u00e0 Europe 1&#8230; <\/b>On aime cette station, ce groupe qui restera notre famille. <b>Il nous reste encore quatre \u00e9missions<\/b>. On va rigoler, on va apprendre des choses, on va d\u00e9battre, avoir des auditeurs\u00a0\u00bb, a-t-il pr\u00e9venu.<\/p>\n<p>On marche sur la t\u00eate : Cyril Hanouna fait une r\u00e9v\u00e9lation au sujet de sa sant\u00e9 sur Europe 1<\/p>\n<p>Juste avant de d\u00e9marrer son \u00e9mission, Cyril Hanouna a fait une confidence sur sa sant\u00e9. \u00ab\u00a0<b>Je me suis fait enlever un kyste (&#8230;) C&rsquo;est rien, ne vous inqui\u00e9tez pas si j&rsquo;ai un petit pansement, c&rsquo;est pour la cicatrisation. \u00c7a faisait dix ans que j&rsquo;avais ce kyste<\/b> (&#8230;) Je n&rsquo;ai jamais eu le temps de l&rsquo;enlever parce que j&rsquo;\u00e9tais \u00e0 l&rsquo;antenne tout le temps\u00a0\u00bb, a-t-il fait savoir. Et d&rsquo;ajouter : \u00ab\u00a0Je vais \u00e0 la remise de m\u00e9daille de <a href=\"https:\/\/www.programme-tv.net\/biographie\/173636-schiappa-marlene\/\" data-link-people=\"0ebc9738-961e-473b-ba41-138736552925\" rel=\"nofollow noopener\" target=\"_blank\">Marl\u00e8ne Schiappa<\/a> et apr\u00e8s je vais me faire enlever mes points\u00a0\u00bb. Il en a ensuite dit plus sur l&rsquo;intervention qu&rsquo;il a subie la semaine derni\u00e8re : \u00ab\u00a0<b>J&rsquo;ai fait une anesth\u00e9sie g\u00e9n\u00e9rale<\/b> (&#8230;) Je suis arriv\u00e9 \u00e0 7 heures \u00e0 la clinique (&#8230;) 9h30, j&rsquo;\u00e9tais dans ma chambre (&#8230;) 10h30, j&rsquo;\u00e9tais d\u00e9j\u00e0 en train d&rsquo;appeler des potes pour organiser un padel l&rsquo;apr\u00e8s-midi\u00a0\u00bb, a-t-il dit. Il devait passer la nuit \u00e0 la clinique, mais finalement, les m\u00e9decins l&rsquo;ont autoris\u00e9 \u00e0 sortir \u00e0 15 heures. \u00c0 18 heures, il jouait au padel. \u00ab\u00a0J&rsquo;\u00e9tais mort\u00a0\u00bb, a-t-il l\u00e2ch\u00e9.<\/p>\n<p>                        \u00ab\u00a0Je me sens tr\u00e8s bien, mais&#8230;\u00a0\u00bb<\/p>\n<p>Une fois son r\u00e9cit termin\u00e9, <a href=\"https:\/\/www.programme-tv.net\/biographie\/9864-benaim-valerie\/\" data-link-people=\"94df6d69-972b-4696-b537-3e0e6060c661\" rel=\"nofollow noopener\" target=\"_blank\">Val\u00e9rie Bena\u00efm<\/a> n&rsquo;a pas manqu\u00e9 de r\u00e9agir. \u00ab\u00a0C&rsquo;est pas tr\u00e8s raisonnable\u00a0\u00bb, lui a-t-elle dit avant de lui demander comment il se sentait. \u00ab\u00a0<b>Je me sens tr\u00e8s bien, mais j&rsquo;ai une douleur<\/b>\u00ab\u00a0, lui a-t-il r\u00e9pondu. Apr\u00e8s \u00e7a, Cyril Hanouna a demand\u00e9 \u00e0 ses chroniqueurs ce qu&rsquo;ils ont fait pour la F\u00eate de la musique, c\u00e9l\u00e9br\u00e9e le 21 juin dernier en France. Olivier Dartigolles a ainsi racont\u00e9 avoir pass\u00e9 la nuit aux urgences apr\u00e8s le malaise d&rsquo;un proche.<\/p>\n","protected":false},"excerpt":{"rendered":"Ce lundi 23 juin, Cyril Hanouna a fait son retour dans On marche sur la t\u00eate sur Europe&hellip;\n","protected":false},"author":2,"featured_media":198579,"comment_status":"","ping_status":"","sticky":false,"template":"","format":"standard","meta":{"footnotes":""},"categories":[1356],"tags":[9827,244,1083,58,59,1473,1011,27,33821,252,1364,1630],"class_list":{"0":"post-198578","1":"post","2":"type-post","3":"status-publish","4":"format-standard","5":"has-post-thumbnail","7":"category-television","8":"tag-animateur","9":"tag-commentaire","10":"tag-cyril-hanouna","11":"tag-divertissement","12":"tag-entertainment","13":"tag-europe-1","14":"tag-fr","15":"tag-france","16":"tag-opu00e9ration","17":"tag-television","18":"tag-tv","19":"tag-zapping"},"share_on_mastodon":{"url":"https:\/\/pubeurope.com\/@fr\/114733626516817230","error":""},"_links":{"self":[{"href":"https:\/\/www.europesays.com\/fr\/wp-json\/wp\/v2\/posts\/198578","targetHints":{"allow":["GET"]}}],"collection":[{"href":"https:\/\/www.europesays.com\/fr\/wp-json\/wp\/v2\/posts"}],"about":[{"href":"https:\/\/www.europesays.com\/fr\/wp-json\/wp\/v2\/types\/post"}],"author":[{"embeddable":true,"href":"https:\/\/www.europesays.com\/fr\/wp-json\/wp\/v2\/users\/2"}],"replies":[{"embeddable":true,"href":"https:\/\/www.europesays.com\/fr\/wp-json\/wp\/v2\/comments?post=198578"}],"version-history":[{"count":0,"href":"https:\/\/www.europesays.com\/fr\/wp-json\/wp\/v2\/posts\/198578\/revisions"}],"wp:featuredmedia":[{"embeddable":true,"href":"https:\/\/www.europesays.com\/fr\/wp-json\/wp\/v2\/media\/198579"}],"wp:attachment":[{"href":"https:\/\/www.europesays.com\/fr\/wp-json\/wp\/v2\/media?parent=198578"}],"wp:term":[{"taxonomy":"category","embeddable":true,"href":"https:\/\/www.europesays.com\/fr\/wp-json\/wp\/v2\/categories?post=198578"},{"taxonomy":"post_tag","embeddable":true,"href":"https:\/\/www.europesays.com\/fr\/wp-json\/wp\/v2\/tags?post=198578"}],"curies":[{"name":"wp","href":"https:\/\/api.w.org\/{rel}","templated":true}]}}