{"id":198582,"date":"2025-06-23T16:30:15","date_gmt":"2025-06-23T16:30:15","guid":{"rendered":"https:\/\/www.europesays.com\/fr\/198582\/"},"modified":"2025-06-23T16:30:15","modified_gmt":"2025-06-23T16:30:15","slug":"benjamin-castaldi-dezingue-le-biopic-de-simone-signoret-et-yves-montand-mon-grand-pere-netait-pas-un-salaud","status":"publish","type":"post","link":"https:\/\/www.europesays.com\/fr\/198582\/","title":{"rendered":"Benjamin Castaldi d\u00e9zingue le biopic de Simone Signoret et Yves Montand\u00a0: \u00ab\u00a0Mon grand-p\u00e8re n&rsquo;\u00e9tait pas un salaud\u00a0\u00bb"},"content":{"rendered":"<p class=\"ap-StoryElement ap-StoryElement--mb ap-StoryText\">Avant de poursuivre : \u00ab\u00a0Mon grand-p\u00e8re n&rsquo;\u00e9tait pas un salaud. <a href=\"https:\/\/www.dhnet.be\/medias\/livresbd\/2021\/02\/10\/benjamin-castaldi-replace-yves-montand-et-simone-signoret-dans-lhistoire-quel-parcours-quel-couple-BNQGM5K6KNA65L7TQ57TDVDAHA\/\" target=\"_self\" rel=\"noopener\">Il \u00e9tait complexe, engag\u00e9, fier, col\u00e9rique parfois<\/a>, passionn\u00e9 toujours. Il avait ses failles, ses contradictions, mais il n&rsquo;a jamais \u00e9t\u00e9 cet homme fade et fuyant que montre le film. Et surtout, il n&rsquo;a jamais \u00e9t\u00e9 ce &lsquo;m\u00e2le toxique&rsquo; taill\u00e9 pour plaire \u00e0 une \u00e9poque qui r\u00e9\u00e9crit tout \u00e0 travers le prisme de la faute masculine. Ce r\u00e9cit-l\u00e0 est facile. Il est confortable. Et il est faux.<\/p>\n<p class=\"ap-StoryElement ap-StoryElement--mb ap-StoryText\"><a href=\"https:\/\/www.dhnet.be\/medias\/television\/2023\/08\/30\/benjamin-castaldi-ma-grand-mere-simone-signoret-etait-tres-proche-de-marilyn-monroe-Y7YLIOOHBFGWJH4ZKAI7YDWXMQ\/\" target=\"_self\" rel=\"noopener\">Simone, elle, est d\u00e9peinte comme une femme \u00e9teinte<\/a>, m\u00e9lancolique, recluse dans son salon d&rsquo;Auteuil. Mais o\u00f9 est pass\u00e9e sa puissance ? Sa voix rauque et lucide ? Son humour ravageur ? Son intelligence politique ? Ce film ne montre rien de ce qui faisait d&rsquo;elle une actrice hors pair, une intellectuelle libre, une femme de combat. Il n&rsquo;en reste qu&rsquo;une silhouette douce, docile, us\u00e9e par l&rsquo;homme et trahie par la vie. Un clich\u00e9 commode, pas un portrait.\u00a0\u00bb<\/p>\n<p class=\"ap-StoryElement ap-StoryElement--mb ap-StoryText\">Et de conclure : \u00ab\u00a0J&rsquo;aurais aim\u00e9 \u00eatre \u00e9mu. J&rsquo;ai \u00e9t\u00e9 trahi.\u00a0\u00bb Cette fiction, qui sortira le 1er octobre en salle, part d\u00e9j\u00e0 avec un fameux handicap.<\/p>\n","protected":false},"excerpt":{"rendered":"Avant de poursuivre : \u00ab\u00a0Mon grand-p\u00e8re n&rsquo;\u00e9tait pas un salaud. Il \u00e9tait complexe, engag\u00e9, fier, col\u00e9rique parfois, passionn\u00e9&hellip;\n","protected":false},"author":2,"featured_media":198583,"comment_status":"","ping_status":"","sticky":false,"template":"","format":"standard","meta":{"footnotes":""},"categories":[1354],"tags":[6468,650,33826,58,59,1346,1011,27,1360,33825,33824],"class_list":{"0":"post-198582","1":"post","2":"type-post","3":"status-publish","4":"format-standard","5":"has-post-thumbnail","7":"category-films","8":"tag-benjamin-castaldi","9":"tag-cinema","10":"tag-diane-kurys","11":"tag-divertissement","12":"tag-entertainment","13":"tag-films","14":"tag-fr","15":"tag-france","16":"tag-movies","17":"tag-simone-signoret","18":"tag-yves-montand"},"share_on_mastodon":{"url":"https:\/\/pubeurope.com\/@fr\/114733634407814985","error":""},"_links":{"self":[{"href":"https:\/\/www.europesays.com\/fr\/wp-json\/wp\/v2\/posts\/198582","targetHints":{"allow":["GET"]}}],"collection":[{"href":"https:\/\/www.europesays.com\/fr\/wp-json\/wp\/v2\/posts"}],"about":[{"href":"https:\/\/www.europesays.com\/fr\/wp-json\/wp\/v2\/types\/post"}],"author":[{"embeddable":true,"href":"https:\/\/www.europesays.com\/fr\/wp-json\/wp\/v2\/users\/2"}],"replies":[{"embeddable":true,"href":"https:\/\/www.europesays.com\/fr\/wp-json\/wp\/v2\/comments?post=198582"}],"version-history":[{"count":0,"href":"https:\/\/www.europesays.com\/fr\/wp-json\/wp\/v2\/posts\/198582\/revisions"}],"wp:featuredmedia":[{"embeddable":true,"href":"https:\/\/www.europesays.com\/fr\/wp-json\/wp\/v2\/media\/198583"}],"wp:attachment":[{"href":"https:\/\/www.europesays.com\/fr\/wp-json\/wp\/v2\/media?parent=198582"}],"wp:term":[{"taxonomy":"category","embeddable":true,"href":"https:\/\/www.europesays.com\/fr\/wp-json\/wp\/v2\/categories?post=198582"},{"taxonomy":"post_tag","embeddable":true,"href":"https:\/\/www.europesays.com\/fr\/wp-json\/wp\/v2\/tags?post=198582"}],"curies":[{"name":"wp","href":"https:\/\/api.w.org\/{rel}","templated":true}]}}