{"id":198584,"date":"2025-06-23T16:31:11","date_gmt":"2025-06-23T16:31:11","guid":{"rendered":"https:\/\/www.europesays.com\/fr\/198584\/"},"modified":"2025-06-23T16:31:11","modified_gmt":"2025-06-23T16:31:11","slug":"sante-un-cas-de-chikungunya-suspecte-fortement-dans-la-drome","status":"publish","type":"post","link":"https:\/\/www.europesays.com\/fr\/198584\/","title":{"rendered":"Sant\u00e9. Un cas de chikungunya suspect\u00e9 fortement dans la Dr\u00f4me"},"content":{"rendered":"<p>Un cas autochtone de chikungunya fait l\u2019objet \u00ab\u00a0 d\u2019une forte suspicion\u00a0\u00bb de l\u2019Agence r\u00e9gionale de sant\u00e9 (ARS) \u00e0 Montoison, dans la Dr\u00f4me. Le signalement date du 16 juin, indique l\u2019organe sanitaire de l\u2019Etat dans <a href=\"https:\/\/www.auvergne-rhone-alpes.ars.sante.fr\/forte-suspicion-de-cas-autochtone-de-chikungunya-montoison-drome-point-de-situation\" target=\"_blank\" rel=\"noopener\">un communiqu\u00e9<\/a> dat\u00e9 du 23 juin.<\/p>\n<p>La personne aurait \u00e9t\u00e9 infect\u00e9e \u00ab\u00a0localement par un moustique-tigre ayant piqu\u00e9 une autre personne revenant d&rsquo;un voyage en zone tropicale\u00a0\u00bb, pr\u00e9cise encore le communiqu\u00e9 de l\u2019ARS.<\/p>\n<p>Des premi\u00e8res analyses re\u00e7ues le 18 juin \u00ab\u00a0tendent vers cette hypoth\u00e8se\u00a0\u00bb tandis que les r\u00e9sultats d\u00e9finitifs du pr\u00e9l\u00e8vement \u00ab\u00a0seront confirm\u00e9s par\u00a0le Centre National de R\u00e9f\u00e9rence des Arbovirus\u00a0[au] d\u00e9but de [cette] semaine\u00a0\u00bb.<\/p>\n<p>D\u00e9moustication et enqu\u00eate\u00a0\u00e9pid\u00e9miologique<\/p>\n<p>\u00ab\u00a0Si le cas est confirm\u00e9, il s&rsquo;agirait du troisi\u00e8me \u00e9pisode de transmission autochtone constat\u00e9 dans le d\u00e9partement de la Dr\u00f4me, apr\u00e8s les cas de <a href=\"https:\/\/www.ledauphine.com\/sante\/2023\/10\/02\/cas-de-dengue-autochtones-une-demoustication-immediate-et-une-enquete-lancee\" target=\"_blank\" rel=\"noopener\">dengue de Bourg-l\u00e8s-Valence<\/a> en septembre 2023 et de <a href=\"https:\/\/www.ledauphine.com\/sante\/2024\/08\/21\/un-cas-de-dengue-autochtone-detecte-a-montelimar-une-premiere-dans-la-region-cette-annee\" target=\"_blank\" rel=\"noopener\">Mont\u00e9limar en ao\u00fbt 2024<\/a>.\u00a0\u00bb<\/p>\n<p>A la suite d\u2019une enqu\u00eate entomologique demand\u00e9e le 19 juin par l&rsquo;ARS \u00e0 l&rsquo;Entente interd\u00e9partementale Rh\u00f4ne-Alpes de d\u00e9moustication\u00a0(EIRAD), une op\u00e9ration de d\u00e9moustication (traitement adulticide) doit \u00eatre r\u00e9alis\u00e9e \u00ab\u00a0dans la nuit du lundi 23 au mardi 24 juin.\u00a0\u00bb<\/p>\n<p>Les riverains ont \u00e9t\u00e9 inform\u00e9s lors d\u2019un porte-\u00e0-porte \u2013 une cinquantaine d&rsquo;habitations sont concern\u00e9es.<\/p>\n<p>Une\u00a0enqu\u00eate \u00e9pid\u00e9miologique\u00a0sera \u00e9galement r\u00e9alis\u00e9e en porte-\u00e0-porte mercredi 25 juin<strong>.\u00a0<\/strong>Men\u00e9e par des agents de l&rsquo;ARS et de Sant\u00e9 publique France, aupr\u00e8s des habitants du quartier o\u00f9 r\u00e9side la personne\u00a0infect\u00e9e, elle doit permettre de \u00ab\u00a0s&rsquo;assurer que les personnes vivant dans le secteur n&rsquo;ont pas \u00e9t\u00e9 contamin\u00e9es\u00a0\u00bb.<\/p>\n","protected":false},"excerpt":{"rendered":"Un cas autochtone de chikungunya fait l\u2019objet \u00ab\u00a0 d\u2019une forte suspicion\u00a0\u00bb de l\u2019Agence r\u00e9gionale de sant\u00e9 (ARS) \u00e0&hellip;\n","protected":false},"author":2,"featured_media":198585,"comment_status":"","ping_status":"","sticky":false,"template":"","format":"standard","meta":{"footnotes":""},"categories":[10],"tags":[2730,3827,4645,6436,3859,2737,2735,107,1011,27,72,33827,71],"class_list":{"0":"post-198584","1":"post","2":"type-post","3":"status-publish","4":"format-standard","5":"has-post-thumbnail","7":"category-sante","8":"tag-drome","9":"tag-edition-annonay-nord-ardeche","10":"tag-edition-aubenas-privas-vallee-du-rhone","11":"tag-edition-montelimar-drome-provencale","12":"tag-edition-provencale","13":"tag-edition-romans-nord-drome","14":"tag-edition-valence-rhone-crussol-vallee-de-la-drome","15":"tag-fil-info","16":"tag-fr","17":"tag-france","18":"tag-health","19":"tag-montoison","20":"tag-sante"},"share_on_mastodon":{"url":"https:\/\/pubeurope.com\/@fr\/114733638242366469","error":""},"_links":{"self":[{"href":"https:\/\/www.europesays.com\/fr\/wp-json\/wp\/v2\/posts\/198584","targetHints":{"allow":["GET"]}}],"collection":[{"href":"https:\/\/www.europesays.com\/fr\/wp-json\/wp\/v2\/posts"}],"about":[{"href":"https:\/\/www.europesays.com\/fr\/wp-json\/wp\/v2\/types\/post"}],"author":[{"embeddable":true,"href":"https:\/\/www.europesays.com\/fr\/wp-json\/wp\/v2\/users\/2"}],"replies":[{"embeddable":true,"href":"https:\/\/www.europesays.com\/fr\/wp-json\/wp\/v2\/comments?post=198584"}],"version-history":[{"count":0,"href":"https:\/\/www.europesays.com\/fr\/wp-json\/wp\/v2\/posts\/198584\/revisions"}],"wp:featuredmedia":[{"embeddable":true,"href":"https:\/\/www.europesays.com\/fr\/wp-json\/wp\/v2\/media\/198585"}],"wp:attachment":[{"href":"https:\/\/www.europesays.com\/fr\/wp-json\/wp\/v2\/media?parent=198584"}],"wp:term":[{"taxonomy":"category","embeddable":true,"href":"https:\/\/www.europesays.com\/fr\/wp-json\/wp\/v2\/categories?post=198584"},{"taxonomy":"post_tag","embeddable":true,"href":"https:\/\/www.europesays.com\/fr\/wp-json\/wp\/v2\/tags?post=198584"}],"curies":[{"name":"wp","href":"https:\/\/api.w.org\/{rel}","templated":true}]}}