{"id":198588,"date":"2025-06-23T16:33:10","date_gmt":"2025-06-23T16:33:10","guid":{"rendered":"https:\/\/www.europesays.com\/fr\/198588\/"},"modified":"2025-06-23T16:33:10","modified_gmt":"2025-06-23T16:33:10","slug":"les-rues-de-lyon-tres-sales-apres-la-fete-de-la-musique","status":"publish","type":"post","link":"https:\/\/www.europesays.com\/fr\/198588\/","title":{"rendered":"les rues de Lyon tr\u00e8s sales apr\u00e8s la F\u00eate de la Musique"},"content":{"rendered":"<p itemprop=\"description\"><strong>\u00c9cologie, civisme et F\u00eate de la musique ne vont d\u00e9cid\u00e9ment pas bien ensemble.<\/strong><\/p>\n<p>Samedi soir, les Lyonnais se sont r\u00e9unis dans toute la ville pour pouvoir c\u00e9l\u00e9brer la traditionnelle F\u00eate de la musique. Comme \u00e0 son habitude, la place des Terreaux \u00e9tait pleine \u00e0 craquer et de nombreux concerts improvis\u00e9s avaient lieu pour faire danser les f\u00eatards.<\/p>\n<p>Mais en se r\u00e9veillant dimanche matin, de nombreux habitants n\u2019ont pas manqu\u00e9 d\u2019exposer sur les r\u00e9seaux sociaux les nombreux d\u00e9tritus laiss\u00e9s \u00e0 m\u00eame le sol. Les agents de propret\u00e9 de la Ville de Lyon ont d\u00fb \u00eatre massivement d\u00e9ploy\u00e9s pour nettoyer l\u2019enti\u00e8ret\u00e9 de la capitale des Gaules.<\/p>\n<p>Sur la place des Terreaux, un internaute s\u2019en est pris verbalement aux \u00e9lus \u00e9cologistes de la municipalit\u00e9 en constatant les d\u00e9g\u00e2ts. \u00ab\u00a0Regardez comment elle est belle l\u2019\u00e9cologie, c\u2019est un carnage\u00a0\u00bb, peut-on entendre. D\u2019autres ont \u00e9galement fait un comparatif entre l\u2019avant, le pendant et l\u2019apr\u00e8s F\u00eate de la musique devant l\u2019H\u00f4tel de Ville.<\/p>\n<p>\u00c0 noter que Lyon n\u2019est pas une exception, puisqu\u2019\u00e0 Paris, nombreux sont ceux, dont les \u00e9boueurs, qui se sont plaints des d\u00e9chets laiss\u00e9s par terre lors de la F\u00eate de la musique\u2026<\/p>\n<blockquote class=\"tiktok-embed\" style=\"max-width: 605px; min-width: 325px;\" cite=\"https:\/\/www.tiktok.com\/@yousstobe\/video\/7518639945720859926\" data-video-id=\"7518639945720859926\"><p>&#13;<br \/>\n<a title=\"@yousstobe\" href=\"https:\/\/www.tiktok.com\/@yousstobe?refer=embed\" target=\"_blank\" rel=\"noopener\">@yousstobe<\/a> <a title=\"lyon\" href=\"https:\/\/www.tiktok.com\/tag\/lyon?refer=embed\" target=\"_blank\" rel=\"noopener\">#lyon<\/a> <a title=\"fetedelamusique\" href=\"https:\/\/www.tiktok.com\/tag\/fetedelamusique?refer=embed\" target=\"_blank\" rel=\"noopener\">#fetedelamusique<\/a> <a title=\"viral\" href=\"https:\/\/www.tiktok.com\/tag\/viral?refer=embed\" target=\"_blank\" rel=\"noopener\">#viral<\/a> <a title=\"\u266c son original - yousstolife\" href=\"https:\/\/www.tiktok.com\/music\/son-original-7518639944489077526?refer=embed\" target=\"_blank\" rel=\"noopener\">\u266c son original &#8211; yousstolife<\/a>&#13;\n<\/p><\/blockquote>\n<blockquote class=\"tiktok-embed\" style=\"max-width: 605px; min-width: 325px;\" cite=\"https:\/\/www.tiktok.com\/@lenartistic\/video\/7518704905339587846\" data-video-id=\"7518704905339587846\"><p>&#13;<br \/>\n<a title=\"@lenartistic\" href=\"https:\/\/www.tiktok.com\/@lenartistic?refer=embed\" target=\"_blank\" rel=\"noopener\">@lenartistic<\/a> Ni vu ni connu \ud83d\udc40 <a title=\"lyon\" href=\"https:\/\/www.tiktok.com\/tag\/lyon?refer=embed\" target=\"_blank\" rel=\"noopener\">#lyon<\/a> <a title=\"placedesterreaux\" href=\"https:\/\/www.tiktok.com\/tag\/placedesterreaux?refer=embed\" target=\"_blank\" rel=\"noopener\">#placedesterreaux<\/a> <a title=\"fetedelamusique\" href=\"https:\/\/www.tiktok.com\/tag\/fetedelamusique?refer=embed\" target=\"_blank\" rel=\"noopener\">#fetedelamusique<\/a> <a title=\"\u266c Beanie - Chezile\" href=\"https:\/\/www.tiktok.com\/music\/Beanie-7306617690021627906?refer=embed\" target=\"_blank\" rel=\"noopener\">\u266c Beanie &#8211; Chezile<\/a>&#13;\n<\/p><\/blockquote>\n<p>\t\t  <script async src=\"\/\/www.tiktok.com\/embed.js\"><\/script><\/p>\n","protected":false},"excerpt":{"rendered":"\u00c9cologie, civisme et F\u00eate de la musique ne vont d\u00e9cid\u00e9ment pas bien ensemble. Samedi soir, les Lyonnais se&hellip;\n","protected":false},"author":2,"featured_media":198589,"comment_status":"","ping_status":"","sticky":false,"template":"","format":"standard","meta":{"footnotes":""},"categories":[8],"tags":[1111,11,2813,2190,1109,251,1112,58,2811,59,118,1011,27,1922,1110,1114,2428,2810,241,316,2812,517,800],"class_list":{"0":"post-198588","1":"post","2":"type-post","3":"status-publish","4":"format-standard","5":"has-post-thumbnail","7":"category-divertissement","8":"tag-actu","9":"tag-actualites","10":"tag-article","11":"tag-asvel","12":"tag-breves","13":"tag-culture","14":"tag-depeches","15":"tag-divertissement","16":"tag-economique","17":"tag-entertainment","18":"tag-faits-divers","19":"tag-fr","20":"tag-france","21":"tag-info","22":"tag-informations","23":"tag-infos","24":"tag-lyon","25":"tag-lyonmag","26":"tag-ol","27":"tag-politique","28":"tag-sociale","29":"tag-sport","30":"tag-transports"},"share_on_mastodon":{"url":"https:\/\/pubeurope.com\/@fr\/114733646044835202","error":""},"_links":{"self":[{"href":"https:\/\/www.europesays.com\/fr\/wp-json\/wp\/v2\/posts\/198588","targetHints":{"allow":["GET"]}}],"collection":[{"href":"https:\/\/www.europesays.com\/fr\/wp-json\/wp\/v2\/posts"}],"about":[{"href":"https:\/\/www.europesays.com\/fr\/wp-json\/wp\/v2\/types\/post"}],"author":[{"embeddable":true,"href":"https:\/\/www.europesays.com\/fr\/wp-json\/wp\/v2\/users\/2"}],"replies":[{"embeddable":true,"href":"https:\/\/www.europesays.com\/fr\/wp-json\/wp\/v2\/comments?post=198588"}],"version-history":[{"count":0,"href":"https:\/\/www.europesays.com\/fr\/wp-json\/wp\/v2\/posts\/198588\/revisions"}],"wp:featuredmedia":[{"embeddable":true,"href":"https:\/\/www.europesays.com\/fr\/wp-json\/wp\/v2\/media\/198589"}],"wp:attachment":[{"href":"https:\/\/www.europesays.com\/fr\/wp-json\/wp\/v2\/media?parent=198588"}],"wp:term":[{"taxonomy":"category","embeddable":true,"href":"https:\/\/www.europesays.com\/fr\/wp-json\/wp\/v2\/categories?post=198588"},{"taxonomy":"post_tag","embeddable":true,"href":"https:\/\/www.europesays.com\/fr\/wp-json\/wp\/v2\/tags?post=198588"}],"curies":[{"name":"wp","href":"https:\/\/api.w.org\/{rel}","templated":true}]}}