{"id":198590,"date":"2025-06-23T16:34:09","date_gmt":"2025-06-23T16:34:09","guid":{"rendered":"https:\/\/www.europesays.com\/fr\/198590\/"},"modified":"2025-06-23T16:34:09","modified_gmt":"2025-06-23T16:34:09","slug":"un-asteroide-secrasant-sur-la-lune-risque-dendommager-des-satellites-selon-une-etude","status":"publish","type":"post","link":"https:\/\/www.europesays.com\/fr\/198590\/","title":{"rendered":"Un ast\u00e9ro\u00efde s\u2019\u00e9crasant sur la Lune risque d\u2019endommager des satellites, selon une \u00e9tude"},"content":{"rendered":"<p>L\u2019ast\u00e9ro\u00efde 2024 YR4 a bri\u00e8vement fait la une des journaux au d\u00e9but de l\u2019ann\u00e9e lorsque les agences spatiales ont annonc\u00e9 mettre sous surveillance cet ast\u00e9ro\u00efde de 60 m\u00e8tres de diam\u00e8tre en raison d\u2019un risque d\u2019impact avec la Terre en 2032.<\/p>\n<p class=\"fig-paragraph\">La collision d&rsquo;un gros\u00a0<a href=\"http:\/\/www.lefigaro.fr\/sciences\/la-sonde-lucy-devoile-le-premier-portrait-de-l-asteroide-donaldjohanson-20250423\" data-fig-type=\"Article\" data-gtm-custom-categorie=\"navigation\" data-gtm-custom-action=\"crossclick\" data-gtm-custom-label=\"Contextuel\" data-gtm-event=\"customEventSPE\" data-fig-domain=\"LEFIGARO\" target=\"_blank\" rel=\"noopener\">ast\u00e9ro\u00efde\u00a0<\/a>avec la Lune en 2032, dont la probabilit\u00e9 est estim\u00e9e \u00e0 4,3% par les astronomes, pourrait endommager des\u00a0<a href=\"http:\/\/www.lefigaro.fr\/sciences\/comment-satellites-et-modelisation-aident-a-lutter-contre-les-sargasses-aux-antilles-20250612\" data-fig-type=\"Article\" data-gtm-custom-categorie=\"navigation\" data-gtm-custom-action=\"crossclick\" data-gtm-custom-label=\"Contextuel\" data-gtm-event=\"customEventSPE\" data-fig-domain=\"LEFIGARO\" target=\"_blank\" rel=\"noopener\">satellites\u00a0<\/a>et provoquer une spectaculaire mais inoffensive pluie de m\u00e9t\u00e9ores sur Terre, selon des chercheurs. 2024\u00a0<a href=\"http:\/\/www.lefigaro.fr\/sciences\/apres-la-terre-la-lune-l-asteroide-2024-yr4-un-temps-annonce-en-collision-avec-la-terre-se-devoile-grace-a-de-nouvelles-observations-20250401\" data-fig-type=\"NewsFlash\" data-gtm-custom-categorie=\"navigation\" data-gtm-custom-action=\"crossclick\" data-gtm-custom-label=\"Contextuel\" data-gtm-event=\"customEventSPE\" data-fig-domain=\"LEFIGARO\" target=\"_blank\" rel=\"noopener\">YR4<\/a>\u00a0a bri\u00e8vement fait la une des journaux au d\u00e9but de l&rsquo;ann\u00e9e lorsque les agences spatiales ont annonc\u00e9 mettre sous surveillance cet ast\u00e9ro\u00efde de 60 m\u00e8tres de diam\u00e8tre en raison d&rsquo;un risque d&rsquo;impact avec la Terre en 2032.<\/p>\n<p class=\"fig-paragraph\">De nouvelles observations ont depuis permis d&rsquo;\u00e9carter le sc\u00e9nario d&rsquo;un impact direct avec notre plan\u00e8te. Mais les chances que 2024 YR4 percute la Lune ont augment\u00e9, atteignant 4,3%, selon les donn\u00e9es recueillies par le t\u00e9lescope spatial James Webb en mai. Une \u00e9tude pr\u00e9liminaire, publi\u00e9e sur la plateforme de pr\u00e9publications d&rsquo;articles scientifiques ArXiv et soumise \u00e0 la revue Astrophysical Journal Letters, \u00e9value pour la premi\u00e8re fois les cons\u00e9quences que pourrait avoir une telle collision.<\/p>\n<p>Jusqu\u2019\u00e0 100 millions de kilogrammes de mati\u00e8re seraient projet\u00e9es<\/p>\n<p class=\"fig-paragraph\">2024 YR4 serait le plus gros ast\u00e9ro\u00efde \u00e0 s&rsquo;\u00e9craser sur notre satellite naturel depuis environ 5000 ans, explique Paul Wiegert de l&rsquo;universit\u00e9 de l&rsquo;Ontario de l&rsquo;Ouest (Canada), auteur principal de l&rsquo;\u00e9tude qui n&rsquo;a pas encore \u00e9t\u00e9 \u00e9valu\u00e9e par des pairs. L&rsquo;impact serait \u00abcomparable \u00e0 une grosse explosion nucl\u00e9aire en termes de quantit\u00e9 d&rsquo;\u00e9nergie lib\u00e9r\u00e9e\u00bb, d\u00e9taille-t-il. Jusqu&rsquo;\u00e0 100 millions de kilogrammes de mati\u00e8re seraient projet\u00e9es depuis la surface lunaire, selon une s\u00e9rie de simulations men\u00e9es par les chercheurs.<\/p>\n<p class=\"fig-paragraph\">Si l&rsquo;ast\u00e9ro\u00efde touchait la face visible de la Lune &#8211; une probabilit\u00e9 d&rsquo;environ 50% &#8211; jusqu&rsquo;\u00e0 10% de ses d\u00e9bris seraient attir\u00e9s par la gravit\u00e9 terrestre, estiment-ils. Dans les jours suivant l&rsquo;impact, il pourrait y avoir plus de 1000 fois le nombre habituel de\u00a0<a href=\"http:\/\/www.lefigaro.fr\/flash-actu\/espagne-un-meteore-impressionnant-apercu-dans-le-ciel-20240415\" data-fig-type=\"NewsFlash\" data-gtm-custom-categorie=\"navigation\" data-gtm-custom-action=\"crossclick\" data-gtm-custom-label=\"Contextuel\" data-gtm-event=\"customEventSPE\" data-fig-domain=\"LEFIGARO\" target=\"_blank\" rel=\"noopener\">m\u00e9t\u00e9ores\u00a0<\/a>mena\u00e7ant les satellites orbitant autour de la Terre. \u00abUne roche d&rsquo;un centim\u00e8tre de diam\u00e8tre voyageant \u00e0 des dizaines de milliers de m\u00e8tres par seconde est comme une balle\u00bb, pr\u00e9vient l\u2019universitaire.<\/p>\n<p>\u00abUne bonne cible\u00bb pour un exercice de d\u00e9fense plan\u00e9taire<\/p>\n<p class=\"fig-paragraph\">En revanche, ces d\u00e9bris de petite taille devraient se d\u00e9sint\u00e9grer dans l&rsquo;atmosph\u00e8re et ne pas repr\u00e9senter de danger pour les habitants au sol. Ils assisteraient tout de m\u00eame \u00e0 une \u00abspectaculaire\u00bb pluie de m\u00e9t\u00e9ores, souligne l&rsquo;\u00e9tude. Scrut\u00e9 pendant plusieurs mois, 2024 YR4 va s&rsquo;\u00e9loigner consid\u00e9rablement de la Terre jusqu&rsquo;\u00e0 un retour en 2028 qui rendra sa course de nouveau observable.<\/p>\n<p class=\"fig-paragraph\">Si le risque d&rsquo;une collision avec la Lune se renfor\u00e7ait alors, cela en ferait \u00abune bonne cible\u00bb pour un exercice de d\u00e9fense plan\u00e9taire et \u00abje suis s\u00fbr que cela serait envisag\u00e9\u00bb, estime Paul Wiegert. 2024 YR4 est en effet deux fois plus petit et n&rsquo;a que 10% de la masse de\u00a0<a href=\"http:\/\/www.lefigaro.fr\/sciences\/comment-la-flechette-dart-de-la-nasa-a-fait-bouger-l-asteroide-dimorphos-20230301\" data-fig-type=\"Article\" data-gtm-custom-categorie=\"navigation\" data-gtm-custom-action=\"crossclick\" data-gtm-custom-label=\"Contextuel\" data-gtm-event=\"customEventSPE\" data-fig-domain=\"LEFIGARO\" target=\"_blank\" rel=\"noopener\">Dimorphos<\/a>, un ast\u00e9ro\u00efde qu&rsquo;un vaisseau de la Nasa a volontairement percut\u00e9 en 2022 pour en d\u00e9vier la trajectoire lors d&rsquo;un premier test r\u00e9ussi de d\u00e9fense plan\u00e9taire.<\/p>\n","protected":false},"excerpt":{"rendered":"L\u2019ast\u00e9ro\u00efde 2024 YR4 a bri\u00e8vement fait la une des journaux au d\u00e9but de l\u2019ann\u00e9e lorsque les agences spatiales&hellip;\n","protected":false},"author":2,"featured_media":198591,"comment_status":"","ping_status":"","sticky":false,"template":"","format":"standard","meta":{"footnotes":""},"categories":[7],"tags":[47,49,11,527,48,51,54,1011,27,4506,52,4313,43,40,41,39,50,42,44,53],"class_list":{"0":"post-198590","1":"post","2":"type-post","3":"status-publish","4":"format-standard","5":"has-post-thumbnail","7":"category-sciences-et-technologies","8":"tag-actualite","9":"tag-actualite-scientifique","10":"tag-actualites","11":"tag-asteroide","12":"tag-astronomie","13":"tag-ecologie","14":"tag-faune-et-flore","15":"tag-fr","16":"tag-france","17":"tag-lune","18":"tag-planete","19":"tag-satellite","20":"tag-science","21":"tag-science-and-technology","22":"tag-sciences","23":"tag-sciences-et-technologies","24":"tag-sciences-humaines","25":"tag-technologies","26":"tag-technology","27":"tag-zoologie"},"share_on_mastodon":{"url":"https:\/\/pubeurope.com\/@fr\/114733650087348092","error":""},"_links":{"self":[{"href":"https:\/\/www.europesays.com\/fr\/wp-json\/wp\/v2\/posts\/198590","targetHints":{"allow":["GET"]}}],"collection":[{"href":"https:\/\/www.europesays.com\/fr\/wp-json\/wp\/v2\/posts"}],"about":[{"href":"https:\/\/www.europesays.com\/fr\/wp-json\/wp\/v2\/types\/post"}],"author":[{"embeddable":true,"href":"https:\/\/www.europesays.com\/fr\/wp-json\/wp\/v2\/users\/2"}],"replies":[{"embeddable":true,"href":"https:\/\/www.europesays.com\/fr\/wp-json\/wp\/v2\/comments?post=198590"}],"version-history":[{"count":0,"href":"https:\/\/www.europesays.com\/fr\/wp-json\/wp\/v2\/posts\/198590\/revisions"}],"wp:featuredmedia":[{"embeddable":true,"href":"https:\/\/www.europesays.com\/fr\/wp-json\/wp\/v2\/media\/198591"}],"wp:attachment":[{"href":"https:\/\/www.europesays.com\/fr\/wp-json\/wp\/v2\/media?parent=198590"}],"wp:term":[{"taxonomy":"category","embeddable":true,"href":"https:\/\/www.europesays.com\/fr\/wp-json\/wp\/v2\/categories?post=198590"},{"taxonomy":"post_tag","embeddable":true,"href":"https:\/\/www.europesays.com\/fr\/wp-json\/wp\/v2\/tags?post=198590"}],"curies":[{"name":"wp","href":"https:\/\/api.w.org\/{rel}","templated":true}]}}