{"id":198600,"date":"2025-06-23T16:39:15","date_gmt":"2025-06-23T16:39:15","guid":{"rendered":"https:\/\/www.europesays.com\/fr\/198600\/"},"modified":"2025-06-23T16:39:15","modified_gmt":"2025-06-23T16:39:15","slug":"saint-etienne-au-soleil-on-amenage-les-espaces-publics-pour-accueillir-les-nouveaux-habitants","status":"publish","type":"post","link":"https:\/\/www.europesays.com\/fr\/198600\/","title":{"rendered":"Saint-\u00c9tienne. Au Soleil, on am\u00e9nage les espaces publics pour accueillir les nouveaux habitants"},"content":{"rendered":"<p>Depuis quelques mois maintenant, c\u2019est un v\u00e9ritable nouveau quartier qui est en train de sortir de terre au nord de la gare de Ch\u00e2teaucreux, dans un p\u00e9rim\u00e8tre compris entre la rue du Puits-Thibaud, le boulevard Fauriat et la rue Beaunier.<\/p>\n<p>500 nouveaux logements pr\u00e9vus sur le secteur<\/p>\n<p>Le long du boulevard du Colonel-Marey, les quatre b\u00e2timents et 69 logements (40 en accession \u00e0 la propri\u00e9t\u00e9 et 29 sociaux) du programme C\u0153ur vert, port\u00e9 par le promoteur Spirit Immobilier, sont d\u00e9sormais bien avanc\u00e9s et devraient \u00eatre livr\u00e9s \u00e0 la fin de l\u2019ann\u00e9e.<\/p>\n<p>C\u2019est \u00e0 peu pr\u00e8s \u00e0 la m\u00eame p\u00e9riode que la soci\u00e9t\u00e9 Les Nouveaux Constructeurs posera la premi\u00e8re pierre d\u2019 <a href=\"https:\/\/www.leprogres.fr\/economie\/2025\/02\/09\/docks-42-71-nouveaux-logements-a-cote-de-la-gare-de-chateaucreux\" target=\"_blank\" rel=\"noopener\">un autre programme immobilier, Docks 42<\/a> , compos\u00e9, quant \u00e0 lui, de trois immeubles (\u00e0 ossature bois) et 71 logements, tous en accession \u00e0 la propri\u00e9t\u00e9. Situ\u00e9 juste \u00e0 c\u00f4t\u00e9 de Coeur vert,&#8230;<\/p>\n","protected":false},"excerpt":{"rendered":"Depuis quelques mois maintenant, c\u2019est un v\u00e9ritable nouveau quartier qui est en train de sortir de terre au&hellip;\n","protected":false},"author":2,"featured_media":198601,"comment_status":"","ping_status":"","sticky":false,"template":"","format":"standard","meta":{"footnotes":""},"categories":[9653],"tags":[1111,11,2430,4749,33,7539,1777,674,1011,27,12,25,4001,7538],"class_list":{"0":"post-198600","1":"post","2":"type-post","3":"status-publish","4":"format-standard","5":"has-post-thumbnail","7":"category-saint-etienne","8":"tag-actu","9":"tag-actualites","10":"tag-auvergne-rhone-alpes","11":"tag-btp-et-chantiers","12":"tag-economie","13":"tag-edition-loire-sud","14":"tag-eu","15":"tag-europe","16":"tag-fr","17":"tag-france","18":"tag-news","19":"tag-republique-francaise","20":"tag-saint-etienne","21":"tag-saint-etienne-ville"},"share_on_mastodon":{"url":"https:\/\/pubeurope.com\/@fr\/114733669666741964","error":""},"_links":{"self":[{"href":"https:\/\/www.europesays.com\/fr\/wp-json\/wp\/v2\/posts\/198600","targetHints":{"allow":["GET"]}}],"collection":[{"href":"https:\/\/www.europesays.com\/fr\/wp-json\/wp\/v2\/posts"}],"about":[{"href":"https:\/\/www.europesays.com\/fr\/wp-json\/wp\/v2\/types\/post"}],"author":[{"embeddable":true,"href":"https:\/\/www.europesays.com\/fr\/wp-json\/wp\/v2\/users\/2"}],"replies":[{"embeddable":true,"href":"https:\/\/www.europesays.com\/fr\/wp-json\/wp\/v2\/comments?post=198600"}],"version-history":[{"count":0,"href":"https:\/\/www.europesays.com\/fr\/wp-json\/wp\/v2\/posts\/198600\/revisions"}],"wp:featuredmedia":[{"embeddable":true,"href":"https:\/\/www.europesays.com\/fr\/wp-json\/wp\/v2\/media\/198601"}],"wp:attachment":[{"href":"https:\/\/www.europesays.com\/fr\/wp-json\/wp\/v2\/media?parent=198600"}],"wp:term":[{"taxonomy":"category","embeddable":true,"href":"https:\/\/www.europesays.com\/fr\/wp-json\/wp\/v2\/categories?post=198600"},{"taxonomy":"post_tag","embeddable":true,"href":"https:\/\/www.europesays.com\/fr\/wp-json\/wp\/v2\/tags?post=198600"}],"curies":[{"name":"wp","href":"https:\/\/api.w.org\/{rel}","templated":true}]}}