{"id":198612,"date":"2025-06-23T16:45:10","date_gmt":"2025-06-23T16:45:10","guid":{"rendered":"https:\/\/www.europesays.com\/fr\/198612\/"},"modified":"2025-06-23T16:45:10","modified_gmt":"2025-06-23T16:45:10","slug":"un-couteau-sous-la-gorge-pratiquant-la-boxe-elle-met-en-fuite-celui-qui-voulait-la-violer","status":"publish","type":"post","link":"https:\/\/www.europesays.com\/fr\/198612\/","title":{"rendered":"un couteau sous la gorge, pratiquant la boxe, elle met en fuite celui qui voulait la violer"},"content":{"rendered":"<p>            Par<br \/>\n        <strong><br \/>\n            <a href=\"https:\/\/actu.fr\/auteur\/jm-aubert\" title=\"Consulter tous les articles de Jean-Marc Aubert\" rel=\"nofollow noopener\" target=\"_blank\">Jean-Marc Aubert<\/a><br \/>\n        <\/strong><\/p>\n<p>        Publi\u00e9 le<\/p>\n<p>            23 juin 2025 \u00e0 18h29        <\/p>\n<p>Cet inconnu voulait la violer : ce dimanche 15 juin 2025, vers 10h15,\u00a0une femme \u00e2g\u00e9e de 20 ans qui venait de descendre du <strong>bus \u00a0de TaM 3M<\/strong>, \u00e0 l\u2019arr\u00eat du Mas de Bellevue, dans le quartier des Hauts de Massane, \u00e0<strong> Montpellier<\/strong>, s\u2019est retrouv\u00e9e le couteau sous la gorge. Personne n\u2019a rien remarqu\u00e9, puisque le bus venait de repartir vers une autre station et que cette r\u00e9sidente \u00e9tait esseul\u00e9e.<\/p>\n<p>    <a href=\"https:\/\/www.google.com\/maps\/embed?pb=!1m18!1m12!1m3!1d2849.3152834363614!2d3.8092125803028427!3d43.63939636359418!2m3!1f0!2f0!3f0!3m2!1i1024!2i768!4f13.1!3m3!1m2!1s0x12b6ac1075ccd6a5%3A0x67a1049f95559491!2sAv.%20du%20Comt%C3%A9%20de%20Nice%2C%2034080!5e0!3m2!1sfr!2sfr!4v1750692263313!5m2!1sfr!2sfr\" title=\"Ouvrie le lien\" rel=\"nofollow noopener\" target=\"_blank\">Cliquez ici pour visualiser le contenu<\/a><\/p>\n<p class=\" wall-content\">C\u2019est ce qu\u2019\u00e0 visiblement remarqu\u00e9 un individu aux abois, qui est pass\u00e9 \u00e0 l\u2019acte : une agression sous la menace d\u2019<strong>une arme blanche<\/strong> commise en plein jour, entre l\u2019avenue du Comt\u00e9 de Nice et la rue de Sicile, au nord de la cit\u00e9 de la Mosson. Mais l\u2019individu a mal choisi sa victime qui, d\u2019une prise spectaculaire a soudain d\u00e9coch\u00e9 un coup de poing magistral en plein visage et pour cause : la jeune femme <strong>adepte de la boxe<\/strong>\u00a0la pratique r\u00e9guli\u00e8rement dans un club montpelli\u00e9rain.<\/p>\n<p class=\" wall-content\">L\u2019homme qui, selon ses menaces, couteau en main, avait l\u2019intention de la violer en l\u2019emmenant dans un coin de garrigue proche de l\u2019arr\u00eat de bus, a pu se relever, a pris ses jambes \u00e0 son cou en quittant les lieux en courant.<\/p>\n<p>Portrait-robot\u00a0<\/p>\n<p class=\" wall-content\">Dans sa fuite, il a perdu l\u2019arme blanche qu\u2019il avait plac\u00e9e sous la gorge de la jeune femme pour la contraindre \u00e0 le suivre dans une zone isol\u00e9e. Ce pr\u00e9cieux indice mat\u00e9riel a \u00e9t\u00e9 r\u00e9cup\u00e9r\u00e9 par les policiers nationaux et plac\u00e9 sous scell\u00e9, notamment pour isoler une \u00e9ventuelle trace d\u2019ADN, tandis que la victime a pu r\u00e9aliser <strong>le portrait-robot<\/strong> de l\u2019auteur de cette agression et diffus\u00e9 aux patrouille de police. L\u2019enqu\u00eate se poursuit activement, avec l\u2019exploitation d\u2019\u00e9ventuelles de bandes de cam\u00e9ras de vid\u00e9o-protection qui \u00e9quipent ce secteur.<\/p>\n<p>Vid\u00e9os : en ce moment sur Actu<\/p>\n<p class=\" wall-content\">Suivez toute l\u2019actualit\u00e9 de vos villes et m\u00e9dias favoris en vous inscrivant \u00e0 <a href=\"https:\/\/moncompte.actu.fr\" title=\"D\u00e9couvez Mon Actu\" rel=\"nofollow noopener\" data-trk=\"{&quot;cta&quot;:{&quot;action&quot;:&quot;https:\\\/\\\/moncompte.actu.fr&quot;,&quot;category&quot;:&quot;mon compte&quot;,&quot;from&quot;:&quot;article footer&quot;,&quot;name&quot;:&quot;Mon actu&quot;,&quot;type&quot;:&quot;cta&quot;}}\" target=\"_blank\">Mon Actu<\/a>.<\/p>\n","protected":false},"excerpt":{"rendered":"Par Jean-Marc Aubert Publi\u00e9 le 23 juin 2025 \u00e0 18h29 Cet inconnu voulait la violer : ce dimanche&hellip;\n","protected":false},"author":2,"featured_media":198613,"comment_status":"","ping_status":"","sticky":false,"template":"","format":"standard","meta":{"footnotes":""},"categories":[9599],"tags":[1111,11,1777,674,118,1011,27,303,2208,12,2680,1072,25],"class_list":{"0":"post-198612","1":"post","2":"type-post","3":"status-publish","4":"format-standard","5":"has-post-thumbnail","7":"category-montpellier","8":"tag-actu","9":"tag-actualites","10":"tag-eu","11":"tag-europe","12":"tag-faits-divers","13":"tag-fr","14":"tag-france","15":"tag-justice","16":"tag-montpellier","17":"tag-news","18":"tag-occitanie","19":"tag-police","20":"tag-republique-francaise"},"share_on_mastodon":{"url":"https:\/\/pubeurope.com\/@fr\/114733693307478720","error":""},"_links":{"self":[{"href":"https:\/\/www.europesays.com\/fr\/wp-json\/wp\/v2\/posts\/198612","targetHints":{"allow":["GET"]}}],"collection":[{"href":"https:\/\/www.europesays.com\/fr\/wp-json\/wp\/v2\/posts"}],"about":[{"href":"https:\/\/www.europesays.com\/fr\/wp-json\/wp\/v2\/types\/post"}],"author":[{"embeddable":true,"href":"https:\/\/www.europesays.com\/fr\/wp-json\/wp\/v2\/users\/2"}],"replies":[{"embeddable":true,"href":"https:\/\/www.europesays.com\/fr\/wp-json\/wp\/v2\/comments?post=198612"}],"version-history":[{"count":0,"href":"https:\/\/www.europesays.com\/fr\/wp-json\/wp\/v2\/posts\/198612\/revisions"}],"wp:featuredmedia":[{"embeddable":true,"href":"https:\/\/www.europesays.com\/fr\/wp-json\/wp\/v2\/media\/198613"}],"wp:attachment":[{"href":"https:\/\/www.europesays.com\/fr\/wp-json\/wp\/v2\/media?parent=198612"}],"wp:term":[{"taxonomy":"category","embeddable":true,"href":"https:\/\/www.europesays.com\/fr\/wp-json\/wp\/v2\/categories?post=198612"},{"taxonomy":"post_tag","embeddable":true,"href":"https:\/\/www.europesays.com\/fr\/wp-json\/wp\/v2\/tags?post=198612"}],"curies":[{"name":"wp","href":"https:\/\/api.w.org\/{rel}","templated":true}]}}