{"id":198620,"date":"2025-06-23T16:49:11","date_gmt":"2025-06-23T16:49:11","guid":{"rendered":"https:\/\/www.europesays.com\/fr\/198620\/"},"modified":"2025-06-23T16:49:11","modified_gmt":"2025-06-23T16:49:11","slug":"montbonnot-saint-martin-un-avant-gout-du-festival-musicimes-les-27-et-28-juin","status":"publish","type":"post","link":"https:\/\/www.europesays.com\/fr\/198620\/","title":{"rendered":"Montbonnot-Saint-Martin. Un avant-go\u00fbt du festival Musicimes les 27 et 28 juin"},"content":{"rendered":"<p>Brahms, Schumann et Bruch, trio clarinette, violoncelle et piano\u00a0: la musique de chambre sera \u00e0 l\u2019honneur les 27 et 28\u00a0juin \u00e0 Biviers et \u00e0 Montbonnot-Saint-Martin. \u00ab\u00a0Nous organisons la deuxi\u00e8me \u00e9dition d\u2019un festival de musique classique, appel\u00e9 Musicimes, en collaboration avec l\u2019association AVF Meylan, qui aura lieu les 26, 27 et 28\u00a0septembre\u00a0\u00bb, expliquent Eva Viegas (pianiste) et Quentin Chartier (clarinettiste).<\/p>\n<p>Avec un concert d\u00e9bat, un concert mis en sc\u00e8ne, une sc\u00e8ne ouverte, une masterclass et un atelier pour enfants, nous invitons les habitants de la r\u00e9gion \u00e0 nous rejoindre pour d\u00e9couvrir ou red\u00e9couvrir la musique de chambre autrement. Les 27 et 28\u00a0juin, nous viendrons pr\u00e9senter cet \u00e9v\u00e9nement, comme un avant-go\u00fbt du festival, pr\u00e9cisent Eva Viegas et Quentin Chartier, deux \u00e9l\u00e8ves \u00e0 la Haute \u00e9cole de musique de Gen\u00e8ve (Suisse).<\/p>\n<p class=\"note\">Site Internet\u00a0: Musicimes &#8211; Festival de musique de chambre. <br \/>R\u00e9servation souhait\u00e9e\u00a0\u00e0 jm.biviers@gmail.com ou au 06\u00a013\u00a017\u00a080\u00a059. <br \/>Vendredi 27\u00a0juin \u00e0 20 heures\u00a0au 259, chemin des Viers, \u00e0 Biviers, au chalet des artistes.\u00a0Samedi 28\u00a0juin \u00e0 20\u00a0heures au 294, chemin des \u00c9coutoux, chez Michael.<\/p>\n","protected":false},"excerpt":{"rendered":"Brahms, Schumann et Bruch, trio clarinette, violoncelle et piano\u00a0: la musique de chambre sera \u00e0 l\u2019honneur les 27&hellip;\n","protected":false},"author":2,"featured_media":198621,"comment_status":"","ping_status":"","sticky":false,"template":"","format":"standard","meta":{"footnotes":""},"categories":[9566],"tags":[1111,11,2430,1687,113,1777,674,1011,27,2731,26950,28171,12,25,3140],"class_list":{"0":"post-198620","1":"post","2":"type-post","3":"status-publish","4":"format-standard","5":"has-post-thumbnail","7":"category-grenoble","8":"tag-actu","9":"tag-actualites","10":"tag-auvergne-rhone-alpes","11":"tag-culture-loisirs","12":"tag-edition-gresivaudan-oisans","13":"tag-eu","14":"tag-europe","15":"tag-fr","16":"tag-france","17":"tag-grenoble","18":"tag-montbonnot-saint-martin","19":"tag-montbonnot-saint-martin-et-autour","20":"tag-news","21":"tag-republique-francaise","22":"tag-spectacle"},"share_on_mastodon":{"url":"https:\/\/pubeurope.com\/@fr\/114733708986910252","error":""},"_links":{"self":[{"href":"https:\/\/www.europesays.com\/fr\/wp-json\/wp\/v2\/posts\/198620","targetHints":{"allow":["GET"]}}],"collection":[{"href":"https:\/\/www.europesays.com\/fr\/wp-json\/wp\/v2\/posts"}],"about":[{"href":"https:\/\/www.europesays.com\/fr\/wp-json\/wp\/v2\/types\/post"}],"author":[{"embeddable":true,"href":"https:\/\/www.europesays.com\/fr\/wp-json\/wp\/v2\/users\/2"}],"replies":[{"embeddable":true,"href":"https:\/\/www.europesays.com\/fr\/wp-json\/wp\/v2\/comments?post=198620"}],"version-history":[{"count":0,"href":"https:\/\/www.europesays.com\/fr\/wp-json\/wp\/v2\/posts\/198620\/revisions"}],"wp:featuredmedia":[{"embeddable":true,"href":"https:\/\/www.europesays.com\/fr\/wp-json\/wp\/v2\/media\/198621"}],"wp:attachment":[{"href":"https:\/\/www.europesays.com\/fr\/wp-json\/wp\/v2\/media?parent=198620"}],"wp:term":[{"taxonomy":"category","embeddable":true,"href":"https:\/\/www.europesays.com\/fr\/wp-json\/wp\/v2\/categories?post=198620"},{"taxonomy":"post_tag","embeddable":true,"href":"https:\/\/www.europesays.com\/fr\/wp-json\/wp\/v2\/tags?post=198620"}],"curies":[{"name":"wp","href":"https:\/\/api.w.org\/{rel}","templated":true}]}}