{"id":198624,"date":"2025-06-23T16:51:12","date_gmt":"2025-06-23T16:51:12","guid":{"rendered":"https:\/\/www.europesays.com\/fr\/198624\/"},"modified":"2025-06-23T16:51:12","modified_gmt":"2025-06-23T16:51:12","slug":"plusieurs-dizaines-de-signalements-pour-des-piqures-sauvages-pendant-la-fete-de-la-musique-a-rennes-ce-que-lon-sait","status":"publish","type":"post","link":"https:\/\/www.europesays.com\/fr\/198624\/","title":{"rendered":"Plusieurs dizaines de signalements pour des piq\u00fbres sauvages pendant la f\u00eate de la musique \u00e0 Rennes\u00a0: ce que l\u2019on sait"},"content":{"rendered":"<p>Plusieurs dizaines de personnes ont signal\u00e9 avoir \u00e9t\u00e9 victimes de piq\u00fbres sauvages en marge de la f\u00eate de la musique \u00e0 Rennes samedi 21 juin, a appris le T\u00e9l\u00e9gramme aupr\u00e8s d\u2019une source m\u00e9dicale.<\/p>\n<p>Les victimes, essentiellement des jeunes femmes, se sont pr\u00e9sent\u00e9es aupr\u00e8s des secouristes sur place ou directement aux urgences tout au long de la soir\u00e9e. Selon nos informations, seule une poign\u00e9e d\u2019entre elles pr\u00e9sentaient des traces visibles d\u2019une piqure pouvant \u00eatre attribu\u00e9 \u00e0 une seringue &#8211; mais aucune ne souffrait de troubles toxicologiques li\u00e9s \u00e0 l\u2019injection d\u2019une drogue. Dans le lot, certaines piq\u00fbres \u00e9taient simplement li\u00e9es \u00e0 des\u2026 moustiques.<\/p>\n<p>L\u2019impact des r\u00e9seaux sociaux<\/p>\n<p>Contact\u00e9e, la Police nationale indique rester particuli\u00e8rement attentive \u00e0 ce sujet. Aucune plainte n\u2019a encore \u00e9t\u00e9 d\u00e9pos\u00e9e pour le moment concernant les faits \u00e0 Rennes. Une plainte a en revanche \u00e9t\u00e9 d\u00e9pos\u00e9e ce lundi ailleurs dans le d\u00e9partement, du c\u00f4t\u00e9 de Foug\u00e8res, o\u00f9 cinq jeunes filles &#8211; \u00e2g\u00e9es de 15 \u00e0 17 ans &#8211; se sont \u00e9galement fait conna\u00eetre pour des piq\u00fbres en marge de la f\u00eate de la musique. Des analyses sont en cours.<\/p>\n<p>\u00ab Il faut \u00e9viter de cr\u00e9er de panique autour de \u00e7a \u00bb, pr\u00e9cise un m\u00e9decin. \u00ab \u00c7a fait quatre ans qu\u2019on voit ce ph\u00e9nom\u00e8ne appara\u00eetre notamment suite \u00e0 la communication massive des associations sur les r\u00e9seaux sociaux \u00bb.<\/p>\n<p>Le sujet des piq\u00fbres sauvages est apparu sur le devant de la sc\u00e8ne en 2022 apr\u00e8s de multiples signalements dans tout le pays. Initialement observ\u00e9 en bo\u00eete de nuit, le ph\u00e9nom\u00e8ne semble d\u00e9sormais s\u2019\u00e9tendre \u00e0 d\u2019autres lieux. Ces derniers jours, des appels visant \u00e0 attaquer et \u00e0 piquer des femmes lors de la f\u00eate de la musique, avaient \u00e9t\u00e9 publi\u00e9s sur les r\u00e9seaux sociaux.<\/p>\n","protected":false},"excerpt":{"rendered":"Plusieurs dizaines de personnes ont signal\u00e9 avoir \u00e9t\u00e9 victimes de piq\u00fbres sauvages en marge de la f\u00eate de&hellip;\n","protected":false},"author":2,"featured_media":198625,"comment_status":"","ping_status":"","sticky":false,"template":"","format":"standard","meta":{"footnotes":""},"categories":[2821],"tags":[1111,11,829,765,1777,674,3383,1011,27,848,12,584,25],"class_list":{"0":"post-198624","1":"post","2":"type-post","3":"status-publish","4":"format-standard","5":"has-post-thumbnail","7":"category-rennes","8":"tag-actu","9":"tag-actualites","10":"tag-bretagne","11":"tag-en-continu","12":"tag-eu","13":"tag-europe","14":"tag-faits-divers-a-rennes","15":"tag-fr","16":"tag-france","17":"tag-ille-et-vilaine","18":"tag-news","19":"tag-rennes","20":"tag-republique-francaise"},"share_on_mastodon":{"url":"https:\/\/pubeurope.com\/@fr\/114733717088093236","error":""},"_links":{"self":[{"href":"https:\/\/www.europesays.com\/fr\/wp-json\/wp\/v2\/posts\/198624","targetHints":{"allow":["GET"]}}],"collection":[{"href":"https:\/\/www.europesays.com\/fr\/wp-json\/wp\/v2\/posts"}],"about":[{"href":"https:\/\/www.europesays.com\/fr\/wp-json\/wp\/v2\/types\/post"}],"author":[{"embeddable":true,"href":"https:\/\/www.europesays.com\/fr\/wp-json\/wp\/v2\/users\/2"}],"replies":[{"embeddable":true,"href":"https:\/\/www.europesays.com\/fr\/wp-json\/wp\/v2\/comments?post=198624"}],"version-history":[{"count":0,"href":"https:\/\/www.europesays.com\/fr\/wp-json\/wp\/v2\/posts\/198624\/revisions"}],"wp:featuredmedia":[{"embeddable":true,"href":"https:\/\/www.europesays.com\/fr\/wp-json\/wp\/v2\/media\/198625"}],"wp:attachment":[{"href":"https:\/\/www.europesays.com\/fr\/wp-json\/wp\/v2\/media?parent=198624"}],"wp:term":[{"taxonomy":"category","embeddable":true,"href":"https:\/\/www.europesays.com\/fr\/wp-json\/wp\/v2\/categories?post=198624"},{"taxonomy":"post_tag","embeddable":true,"href":"https:\/\/www.europesays.com\/fr\/wp-json\/wp\/v2\/tags?post=198624"}],"curies":[{"name":"wp","href":"https:\/\/api.w.org\/{rel}","templated":true}]}}