{"id":198636,"date":"2025-06-23T16:57:08","date_gmt":"2025-06-23T16:57:08","guid":{"rendered":"https:\/\/www.europesays.com\/fr\/198636\/"},"modified":"2025-06-23T16:57:08","modified_gmt":"2025-06-23T16:57:08","slug":"une-centaine-doffres-demplois-a-pourvoir-lors-dun-forum-a-malakoff","status":"publish","type":"post","link":"https:\/\/www.europesays.com\/fr\/198636\/","title":{"rendered":"\u00ab\u00a0une centaine d&rsquo;offres d&#8217;emplois \u00e0 pourvoir\u00a0\u00bb lors d&rsquo;un forum \u00e0 Malakoff"},"content":{"rendered":"<p>            Par<br \/>\n        <strong><br \/>\n            <a href=\"https:\/\/actu.fr\/auteur\/redaction-nantes\" title=\"Consulter tous les articles de R\u00e9daction Nantes\" rel=\"nofollow noopener\" target=\"_blank\">R\u00e9daction Nantes<\/a><br \/>\n        <\/strong><\/p>\n<p>        Publi\u00e9 le<\/p>\n<p>            23 juin 2025 \u00e0 18h32        <\/p>\n<p>Emplois, formation, conseils sont au programme d\u2019un \u00ab\u2009forum \u00e0 taille humaine\u2009\u00bb. Ce mardi 24\u00a0juin, <strong>de 9h30 \u00e0 13h30<\/strong>, l\u2019Atdec Nantes M\u00e9tropole, en partenariat avec la Ville de Nantes, organise \u00ab\u2009Le Village de l\u2019emploi\u2009\u00bb, <a href=\"https:\/\/www.atdec.org\/evenements\/forum-village-de-lemploi-2025-quartier-malakoff\/\" rel=\"nofollow noopener\" target=\"_blank\">place Rosa Parks dans le quartier Malakoff<\/a>.<\/p>\n<p>Une centaine d\u2019offres d\u2019emploi \u00e0 pourvoir<\/p>\n<p class=\" wall-content\">Le village de l\u2019emploi vise \u00e0 faciliter la rencontre entre demandeurs d\u2019emploi et recruteurs. <strong>Une vingtaine d\u2019entreprises,<\/strong> de centres de formation et des associations d\u2019insertion sociale et professionnelle, seront pr\u00e9sentes dans le quartier nantais.<\/p>\n<p class=\" wall-content\">Les candidats peuvent venir (gratuitement et sans inscription) avec leur CV pour rencontrer divers acteurs \u00e9conomiques du territoire (Fonction publique territoriale \/ BTP \/ Propret\u00e9 \/<br \/>Industrie \/ Num\u00e9rique \/ M\u00e9tiers de l\u2019engagement \/ H\u00f4tellerie-Restauration \/Commerce \/ Sant\u00e9 grand \u00e2ge \/ Transport &amp; Logistique).<\/p>\n<p class=\" wall-content\">\u00ab\u00a0Ces forums visent \u00e9galement \u00e0 toucher notamment d\u2019autres publics, plus<br \/>\u00e9loign\u00e9s du march\u00e9 de l\u2019emploi, en allant \u00e0 leurs rencontres\u00a0\u00bb, d\u00e9crit Laetitia Arques, responsable de projet territorial, Ile et Sud (Rez\u00e9 &amp; Malakoff).<\/p>\n<p class=\" wall-content\">Ce mardi, une centaine d\u2019offres d\u2019emploi (CDD, CDI, Services civiques ou encore Int\u00e9rim et Alternance) sont \u00e0 pourvoir.<\/p>\n<p><strong>Informations pratiques<\/strong>\u2009:<br \/>Forum \u00ab\u2009Village de l\u2019emploi \u2013 Malakoff, Nantes\u2009\u00bb \u2013 Gratuit. Sans Inscription.<br \/>Mard 24\u00a0juin, de 9h30 \u00e0 13h30, Place Rosa Parks, 44000 Nantes<\/p>\n<p>Vid\u00e9os : en ce moment sur Actu<\/p>\n<p class=\" wall-content\">Suivez toute l\u2019actualit\u00e9 de vos villes et m\u00e9dias favoris en vous inscrivant \u00e0 <a href=\"https:\/\/moncompte.actu.fr\" title=\"D\u00e9couvez Mon Actu\" rel=\"nofollow noopener\" data-trk=\"{&quot;cta&quot;:{&quot;action&quot;:&quot;https:\\\/\\\/moncompte.actu.fr&quot;,&quot;category&quot;:&quot;mon compte&quot;,&quot;from&quot;:&quot;article footer&quot;,&quot;name&quot;:&quot;Mon actu&quot;,&quot;type&quot;:&quot;cta&quot;}}\" target=\"_blank\">Mon Actu<\/a>.<\/p>\n","protected":false},"excerpt":{"rendered":"Par R\u00e9daction Nantes Publi\u00e9 le 23 juin 2025 \u00e0 18h32 Emplois, formation, conseils sont au programme d\u2019un \u00ab\u2009forum&hellip;\n","protected":false},"author":2,"featured_media":198637,"comment_status":"","ping_status":"","sticky":false,"template":"","format":"standard","meta":{"footnotes":""},"categories":[2818],"tags":[1111,11,341,1777,674,118,1011,27,766,12,2636,25],"class_list":{"0":"post-198636","1":"post","2":"type-post","3":"status-publish","4":"format-standard","5":"has-post-thumbnail","7":"category-nantes","8":"tag-actu","9":"tag-actualites","10":"tag-emploi","11":"tag-eu","12":"tag-europe","13":"tag-faits-divers","14":"tag-fr","15":"tag-france","16":"tag-nantes","17":"tag-news","18":"tag-pays-de-la-loire","19":"tag-republique-francaise"},"share_on_mastodon":{"url":"https:\/\/pubeurope.com\/@fr\/114733740539831880","error":""},"_links":{"self":[{"href":"https:\/\/www.europesays.com\/fr\/wp-json\/wp\/v2\/posts\/198636","targetHints":{"allow":["GET"]}}],"collection":[{"href":"https:\/\/www.europesays.com\/fr\/wp-json\/wp\/v2\/posts"}],"about":[{"href":"https:\/\/www.europesays.com\/fr\/wp-json\/wp\/v2\/types\/post"}],"author":[{"embeddable":true,"href":"https:\/\/www.europesays.com\/fr\/wp-json\/wp\/v2\/users\/2"}],"replies":[{"embeddable":true,"href":"https:\/\/www.europesays.com\/fr\/wp-json\/wp\/v2\/comments?post=198636"}],"version-history":[{"count":0,"href":"https:\/\/www.europesays.com\/fr\/wp-json\/wp\/v2\/posts\/198636\/revisions"}],"wp:featuredmedia":[{"embeddable":true,"href":"https:\/\/www.europesays.com\/fr\/wp-json\/wp\/v2\/media\/198637"}],"wp:attachment":[{"href":"https:\/\/www.europesays.com\/fr\/wp-json\/wp\/v2\/media?parent=198636"}],"wp:term":[{"taxonomy":"category","embeddable":true,"href":"https:\/\/www.europesays.com\/fr\/wp-json\/wp\/v2\/categories?post=198636"},{"taxonomy":"post_tag","embeddable":true,"href":"https:\/\/www.europesays.com\/fr\/wp-json\/wp\/v2\/tags?post=198636"}],"curies":[{"name":"wp","href":"https:\/\/api.w.org\/{rel}","templated":true}]}}