{"id":198642,"date":"2025-06-23T17:00:11","date_gmt":"2025-06-23T17:00:11","guid":{"rendered":"https:\/\/www.europesays.com\/fr\/198642\/"},"modified":"2025-06-23T17:00:11","modified_gmt":"2025-06-23T17:00:11","slug":"girondins-cedric-carrasso-revient-sur-le-parcours-de-bordeaux-en-ligue-des-champions","status":"publish","type":"post","link":"https:\/\/www.europesays.com\/fr\/198642\/","title":{"rendered":"Girondins : C\u00e9dric Carrasso revient sur le parcours de Bordeaux en Ligue des Champions"},"content":{"rendered":"<p><img decoding=\"async\" src=\"https:\/\/www.europesays.com\/fr\/wp-content\/uploads\/2025\/06\/671_dead78bc54f6fefc24113fe4b83c3679.jpg\" alt=\"Girondins : C\u00e9dric Carrasso revient sur le parcours de Bordeaux en Ligue des Champions\" class=\"img-responsive mt-3\"\/><\/p>\n<p class=\"text-center mb-3\" style=\"font-size: 14px\">\u00a9 Iconsport<\/p>\n<p>      <strong>\u00ab\u00a0La force de ce groupe, c\u2019\u00e9tait vraiment le collectif\u00a0\u00bb<\/strong><\/p>\n<p style=\"text-align: justify;\">C\u00e9dric Carrasso dans le podcast, <a href=\"https:\/\/smartlink.ausha.co\/lavoixdesgardiens\/s3-e14-cedric-carrasso-fais-nous-la-parade\" target=\"_blank\" rel=\"noopener\">La Voix des Gardiens<\/a> : \u00ab\u00a0Je me fonds rapidement au groupe, mais \u00e0 ma fa\u00e7on. Je suis quelqu\u2019un de discret, mais j\u2019ai la capacit\u00e9 de m\u2019entendre avec tout le monde. Je suis respectueux, donc je m\u2019int\u00e8gre facilement. J\u2019essaie surtout d\u2019entrer dans leur dynamique, leur bonne humeur. Eux, ils sortent d\u2019une saison encore plus exceptionnelle, et c\u2019est \u00e7a qui scelle tout : l\u2019aventure en Ligue des champions.<\/p>\n<p style=\"text-align: justify;\">Cette campagne-l\u00e0 est incroyable. Elle nous lie \u00e0 vie, tout ce groupe-l\u00e0. On a v\u00e9cu des choses sur le terrain et en dehors qui nous ont marqu\u00e9s. Et c\u2019est vrai que ce groupe, c\u2019est l\u2019un de ceux o\u00f9, m\u00eame si on ne se voit pas pendant des ann\u00e9es, quand on se retrouve, tout reprend comme si c\u2019\u00e9tait hier.<\/p>\n<p style=\"text-align: justify;\">La force de ce groupe, c\u2019\u00e9tait vraiment le collectif. On avait une \u00e9norme confiance les uns envers les autres. On s\u2019\u00e9tait mis dans la t\u00eate qu\u2019on pouvait r\u00e9ussir quelque chose, et qu\u2019on allait le faire ensemble. Quand l\u2019un \u00e9tait un peu moins bien, un autre prenait le relais. Il n\u2019y avait pas de statuts, pas de stars. On \u00e9tait juste tr\u00e8s forts en \u00e9quipe. C\u2019est bizarre \u00e0 dire, mais on entrait sur le terrain en sachant qu\u2019on allait gagner.\u00a0\u00bb<\/p>\n<p><strong>Les regrets sur l&rsquo;affaire Laurent Blanc<\/strong><\/p>\n<p style=\"text-align: justify;\">\u00ab\u00a0Sur le papier, tu te dis que \u00e7a va \u00eatre compliqu\u00e9 avec un groupe comme le n\u00f4tre, avec Ha\u00effa, le Bayern et la Juventus. Mais \u00e0 cette \u00e9poque-l\u00e0, on \u00e9tait tellement un rouleau compresseur qu\u2019on se disait : pourquoi pas ? Et \u00e0 la fin, sur 18 points possibles, on en prend 16, avec seulement deux buts encaiss\u00e9s.<\/p>\n<p style=\"text-align: justify;\">Honn\u00eatement, je pense que, sans toute cette communication et le tapage m\u00e9diatique autour de Laurent Blanc, qui devait reprendre l\u2019\u00e9quipe de France \u00e0 la mi-saison, on aurait pu aller encore beaucoup plus loin. Oui, \u00e7a nous a touch\u00e9s. On savait que \u00e7a allait tout changer. La construction de ce groupe l\u00e0 n\u2019\u00e9tait pas faite pour un ou deux ans. Je pense vraiment que c\u2019\u00e9tait un groupe capable de devenir le nouveau Lyon, \u00e0 cette \u00e9poque.\u00a0\u00bb<\/p>\n<p>\u00a0<\/p>\n<p>\u00c0 lire &gt;&gt; <strong><a href=\"https:\/\/www.webgirondins.com\/actualite-girondins-girondins-plan-de-continuation-cession-ou-liquidation-les-scenarios-possibles-129521\" target=\"_blank\" rel=\"noopener\">Girondins : plan de continuation, cession ou liquidation ? Les sc\u00e9narios possibles<\/a><\/strong><\/p>\n<p>\u00a0<\/p>\n<p>Notre podcast court :<\/p>\n<p>\u00a0<\/p>\n<p>\u00a0<\/p>\n","protected":false},"excerpt":{"rendered":"\u00a9 Iconsport \u00ab\u00a0La force de ce groupe, c\u2019\u00e9tait vraiment le collectif\u00a0\u00bb C\u00e9dric Carrasso dans le podcast, La Voix&hellip;\n","protected":false},"author":2,"featured_media":198643,"comment_status":"","ping_status":"","sticky":false,"template":"","format":"standard","meta":{"footnotes":""},"categories":[2817],"tags":[1111,11,4255,15021,1997,6950,33828,13767,6828,33829,2263,18668,1777,674,1011,27,8772,1987,28488,3955,3022,33831,12,8145,2219,12618,25,14173,33830],"class_list":{"0":"post-198642","1":"post","2":"type-post","3":"status-publish","4":"format-standard","5":"has-post-thumbnail","7":"category-bordeaux","8":"tag-actu","9":"tag-actualites","10":"tag-ancien","11":"tag-blanc","12":"tag-bordeaux","13":"tag-bordelais","14":"tag-carrasso","15":"tag-cedric","16":"tag-champions","17":"tag-epopee","18":"tag-equipe","19":"tag-estime","20":"tag-eu","21":"tag-europe","22":"tag-fr","23":"tag-france","24":"tag-gardien","25":"tag-girondins","26":"tag-incroyable","27":"tag-laurent","28":"tag-ligue","29":"tag-mediatique","30":"tag-news","31":"tag-nomination","32":"tag-nouvelle-aquitaine","33":"tag-parcours","34":"tag-republique-francaise","35":"tag-revient","36":"tag-tapage"},"share_on_mastodon":{"url":"https:\/\/pubeurope.com\/@fr\/114733752325040873","error":""},"_links":{"self":[{"href":"https:\/\/www.europesays.com\/fr\/wp-json\/wp\/v2\/posts\/198642","targetHints":{"allow":["GET"]}}],"collection":[{"href":"https:\/\/www.europesays.com\/fr\/wp-json\/wp\/v2\/posts"}],"about":[{"href":"https:\/\/www.europesays.com\/fr\/wp-json\/wp\/v2\/types\/post"}],"author":[{"embeddable":true,"href":"https:\/\/www.europesays.com\/fr\/wp-json\/wp\/v2\/users\/2"}],"replies":[{"embeddable":true,"href":"https:\/\/www.europesays.com\/fr\/wp-json\/wp\/v2\/comments?post=198642"}],"version-history":[{"count":0,"href":"https:\/\/www.europesays.com\/fr\/wp-json\/wp\/v2\/posts\/198642\/revisions"}],"wp:featuredmedia":[{"embeddable":true,"href":"https:\/\/www.europesays.com\/fr\/wp-json\/wp\/v2\/media\/198643"}],"wp:attachment":[{"href":"https:\/\/www.europesays.com\/fr\/wp-json\/wp\/v2\/media?parent=198642"}],"wp:term":[{"taxonomy":"category","embeddable":true,"href":"https:\/\/www.europesays.com\/fr\/wp-json\/wp\/v2\/categories?post=198642"},{"taxonomy":"post_tag","embeddable":true,"href":"https:\/\/www.europesays.com\/fr\/wp-json\/wp\/v2\/tags?post=198642"}],"curies":[{"name":"wp","href":"https:\/\/api.w.org\/{rel}","templated":true}]}}