{"id":19866,"date":"2025-04-12T13:33:34","date_gmt":"2025-04-12T13:33:34","guid":{"rendered":"https:\/\/www.europesays.com\/fr\/19866\/"},"modified":"2025-04-12T13:33:34","modified_gmt":"2025-04-12T13:33:34","slug":"six-questions-cles-sur-la-loi-votee-a-lassemblee-nationale","status":"publish","type":"post","link":"https:\/\/www.europesays.com\/fr\/19866\/","title":{"rendered":"six questions cl\u00e9s sur la loi vot\u00e9e \u00e0 l\u2019Assembl\u00e9e nationale"},"content":{"rendered":"<p><strong>D\u00c9CRYPTAGE &#8211;<\/strong> \u00c0 un peu moins d\u2019un an des municipales, la r\u00e9forme du mode de scrutin pour les trois plus grandes villes de France a \u00e9t\u00e9 adopt\u00e9e par la chambre basse du Parlement. Son examen au S\u00e9nat s\u2019annonce mouvement\u00e9.<\/p>\n<p class=\"fig-paragraph\">Que change\u00a0<a href=\"http:\/\/www.lefigaro.fr\/politique\/municipales-2026-la-reforme-du-mode-de-scrutin-a-paris-lyon-et-marseille-adoptee-a-l-assemblee-20250409\" data-fig-type=\"NewsFlash\" data-gtm-custom-categorie=\"navigation\" data-gtm-custom-action=\"crossclick\" data-gtm-custom-label=\"Contextuel\" data-gtm-event=\"customEventSPE\" data-fig-domain=\"LEFIGARO\" target=\"_blank\" rel=\"noopener\">la loi vot\u00e9e \u00e0\u00a0l\u2019Assembl\u00e9e\u00a0<\/a>? \u00c9vite-t-elle d\u2019avoir un maire minoritaire\u00a0? Sera-t-elle adopt\u00e9e avant l\u2019\u00e9t\u00e9\u00a0?<\/p>\n<p>La fin d\u2019une \u00ab\u00a0anomalie\u00a0\u00bb\u00a0?<\/p>\n<p class=\"fig-paragraph\"><strong>Non<\/strong>. Parce que le projet remplace\u00a0<a href=\"http:\/\/www.lefigaro.fr\/politique\/reforme-de-la-loi-plm-la-droite-parisienne-alerte-francois-bayrou-sur-l-absence-de-consensus-20250307\" data-fig-type=\"Article\" data-gtm-custom-categorie=\"navigation\" data-gtm-custom-action=\"crossclick\" data-gtm-custom-label=\"Contextuel\" data-gtm-event=\"customEventSPE\" data-fig-domain=\"LEFIGARO\" target=\"_blank\" rel=\"noopener\">la loi PLM<\/a>\u00a0de 1982, il a \u00e9t\u00e9 dit que le vote par arrondissement avait \u00e9t\u00e9 mis en place \u00e0 partir des \u00e9lections municipales de 1983. Il n\u2019en est rien. Depuis la Lib\u00e9ration, les conseillers municipaux de ces trois villes ont toujours \u00e9t\u00e9 \u00e9lus \u00e0 l\u2019\u00e9chelle des arrondissements (\u00e0 Paris et \u00e0 Lyon) ou de secteurs (Marseille). Ce que la loi PLM a instaur\u00e9, c\u2019est l\u2019\u00e9lection, en plus des conseillers municipaux, des conseillers d\u2019arrondissement.<\/p>\n<p class=\"fig-body-link\">\n            \u00c0 lire aussi<br \/>\n        <a class=\"fig-body-link__link fig-premium-mark\" href=\"http:\/\/www.lefigaro.fr\/politique\/municipales-l-assemblee-se-penche-sur-la-reforme-des-modes-de-scrutin-de-paris-lyon-et-marseille-20250407\" data-fig-type=\"Article\" data-gtm-custom-categorie=\"navigation\" data-gtm-custom-action=\"crossclick\" data-gtm-custom-label=\"Contextuel\" data-gtm-event=\"customEventSPE\" data-fig-domain=\"LEFIGARO\" target=\"_blank\" rel=\"noopener\">Municipales\u00a0: l\u2019Assembl\u00e9e se penche sur la r\u00e9forme des modes de scrutin de Paris, Lyon et Marseille<br \/>\n    <\/a>\n<\/p>\n<p class=\"fig-paragraph\">\u00c0 Paris, depuis 1881,\u00a0<a href=\"http:\/\/www.lefigaro.fr\/flash-actu\/parite-dans-les-conseils-municipaux-lr-et-horizons-demandent-a-bayrou-la-suspension-de-la-reforme-20250409\" data-fig-type=\"NewsFlash\" data-gtm-custom-categorie=\"navigation\" data-gtm-custom-action=\"crossclick\" data-gtm-custom-label=\"Contextuel\" data-gtm-event=\"customEventSPE\" data-fig-domain=\"LEFIGARO\" target=\"_blank\" rel=\"noopener\">les conseillers municipaux<\/a>\u00a0\u00e9taient m\u00eame \u00e9lus au scrutin uninominal dans chacun des quatre-vingts quartiers de la capitale. La d\u00e9cision de constituer d\u00e9sormais des listes \u00e0 l\u2019\u00e9chelle de l\u2019ensemble de la ville n\u2019est donc pas, pour Paris, Lyon et Marseille, un retour \u00e0 la normale, mais une rupture historique.<\/p>\n<p>Un alignement sur le r\u00e9gime commun\u00a0?<\/p>\n<p class=\"fig-paragraph\"><strong>Pas tout \u00e0 fait.<\/strong> Il est vrai qu\u2019un \u00e9lecteur de toute autre ville vote pour\u2026<\/p>\n<p class=\"fig-premium-paywall__infos\">\n        Cet article est r\u00e9serv\u00e9 aux abonn\u00e9s.        Il vous reste 82% \u00e0 d\u00e9couvrir.\n    <\/p>\n<p>                <img  data- alt=\"Le Figaro\" class=\"fig-img--complete fig-img\"\/><\/p>\n<p class=\"fig-premium-paywall__title\">Vous avez envie de lire la suite ?<\/p>\n<p class=\"fig-premium-paywall__subtitle\">D\u00e9bloquez tous les articles imm\u00e9diatement.<\/p>\n<p class=\"fig-premium-paywall__connect\">\n                D\u00e9j\u00e0 abonn\u00e9\u00a0?                <a class=\"fig-premium-paywall__connect-link\" href=\"https:\/\/connect.lefigaro.fr\/login?client=horizon_web&amp;type=main&amp;redirect_uri=https%3A%2F%2Fwww.lefigaro.fr%2Fpolitique%2Freforme-du-scrutin-a-paris-lyon-et-marseille-six-questions-cles-sur-la-loi-votee-a-l-assemblee-nationale-20250410\" data-js-gtm=\"{&quot;customCategorie&quot;: &quot;conversion&quot;, &quot;customAction&quot;: &quot;before_Landing_Connexion_paywall_auto&quot;, &quot;customLabel&quot;: &quot;bGVmaWdhcm8uZnJfXzFmMDE2MGI1LWM5NWItNjUzNi04YzNhLTQ3NDAxZWJlMDE3NV9fQXJ0aWNsZQ==_R\u00e9forme du scrutin \u00e0 Paris, Lyon et Marseille\u00a0: six questions cl\u00e9s sur la loi vot\u00e9e \u00e0 l\u2019Assembl\u00e9e nationale_73&quot;, &quot;customIDSPE&quot;: &quot;bGVmaWdhcm8uZnJfXzFmMDE2MGI1LWM5NWItNjUzNi04YzNhLTQ3NDAxZWJlMDE3NV9fQXJ0aWNsZQ==&quot;, &quot;event&quot;: &quot;customEventSPE&quot;}\" target=\"_blank\" rel=\"noopener\"><br \/>\n                    Connectez-vous<br \/>\n                <\/a>\n            <\/p>\n","protected":false},"excerpt":{"rendered":"D\u00c9CRYPTAGE &#8211; \u00c0 un peu moins d\u2019un an des municipales, la r\u00e9forme du mode de scrutin pour les&hellip;\n","protected":false},"author":2,"featured_media":19867,"comment_status":"","ping_status":"","sticky":false,"template":"","format":"standard","meta":{"footnotes":""},"categories":[2814],"tags":[1111,11,426,427,422,423,4188,1777,674,1011,27,418,424,425,420,421,884,12,419,626,316,882,429,25,428],"class_list":{"0":"post-19866","1":"post","2":"type-post","3":"status-publish","4":"format-standard","5":"has-post-thumbnail","7":"category-marseille","8":"tag-actu","9":"tag-actualites","10":"tag-candidat","11":"tag-candidats","12":"tag-depute","13":"tag-deputes","14":"tag-elections-municipales","15":"tag-eu","16":"tag-europe","17":"tag-fr","18":"tag-france","19":"tag-gouvernement","20":"tag-institution","21":"tag-institutions","22":"tag-loi","23":"tag-lois","24":"tag-marseille","25":"tag-news","26":"tag-opposition","27":"tag-paris","28":"tag-politique","29":"tag-provence-alpes-cote-dazur","30":"tag-ps","31":"tag-republique-francaise","32":"tag-ump"},"share_on_mastodon":{"url":"https:\/\/pubeurope.com\/@fr\/114325252106889462","error":""},"_links":{"self":[{"href":"https:\/\/www.europesays.com\/fr\/wp-json\/wp\/v2\/posts\/19866","targetHints":{"allow":["GET"]}}],"collection":[{"href":"https:\/\/www.europesays.com\/fr\/wp-json\/wp\/v2\/posts"}],"about":[{"href":"https:\/\/www.europesays.com\/fr\/wp-json\/wp\/v2\/types\/post"}],"author":[{"embeddable":true,"href":"https:\/\/www.europesays.com\/fr\/wp-json\/wp\/v2\/users\/2"}],"replies":[{"embeddable":true,"href":"https:\/\/www.europesays.com\/fr\/wp-json\/wp\/v2\/comments?post=19866"}],"version-history":[{"count":0,"href":"https:\/\/www.europesays.com\/fr\/wp-json\/wp\/v2\/posts\/19866\/revisions"}],"wp:featuredmedia":[{"embeddable":true,"href":"https:\/\/www.europesays.com\/fr\/wp-json\/wp\/v2\/media\/19867"}],"wp:attachment":[{"href":"https:\/\/www.europesays.com\/fr\/wp-json\/wp\/v2\/media?parent=19866"}],"wp:term":[{"taxonomy":"category","embeddable":true,"href":"https:\/\/www.europesays.com\/fr\/wp-json\/wp\/v2\/categories?post=19866"},{"taxonomy":"post_tag","embeddable":true,"href":"https:\/\/www.europesays.com\/fr\/wp-json\/wp\/v2\/tags?post=19866"}],"curies":[{"name":"wp","href":"https:\/\/api.w.org\/{rel}","templated":true}]}}