{"id":198672,"date":"2025-06-23T17:15:10","date_gmt":"2025-06-23T17:15:10","guid":{"rendered":"https:\/\/www.europesays.com\/fr\/198672\/"},"modified":"2025-06-23T17:15:10","modified_gmt":"2025-06-23T17:15:10","slug":"la-hongrie-et-la-slovaquie-sappretent-a-bloquer-le-nouveau-train-de-sanctions-de-lue-a-lencontre-de-la-russie","status":"publish","type":"post","link":"https:\/\/www.europesays.com\/fr\/198672\/","title":{"rendered":"La Hongrie et la Slovaquie s&rsquo;appr\u00eatent \u00e0 bloquer le nouveau train de sanctions de l&rsquo;UE \u00e0 l&rsquo;encontre de la Russie"},"content":{"rendered":"<p>\n                    Publi\u00e9 le                 23\/06\/2025 &#8211; 18:13 UTC+2\u2022Mis \u00e0 jour<br \/>\n                                     18:14<\/p>\n<p><img decoding=\"async\" class=\"c-ad__placeholder__logo\" src=\"https:\/\/static.euronews.com\/website\/images\/logos\/logo-euronews-grey-6-180x22.svg\" width=\"180\" height=\"22\" alt=\"\" loading=\"lazy\"\/>PUBLICIT\u00c9<\/p>\n<p>La Hongrie et la Slovaquie ont annonc\u00e9 qu&rsquo;elles bloqueraient le 18e paquet de sanctions de l&rsquo;UE contre la Russie lors du Conseil des affaires \u00e9trang\u00e8res \u00e0 Bruxelles, a d\u00e9clar\u00e9 lundi le ministre hongrois des Affaires \u00e9trang\u00e8res P\u00e9ter Szijj\u00e1rt\u00f3, ajoutant que cette d\u00e9cision faisait suite au plan RePowerEU de la Commission europ\u00e9enne qui vise \u00e0 mettre fin \u00e0 toutes les importations d&rsquo;\u00e9nergie en provenance de la Russie.<\/p>\n<p>\u00ab\u00a0Ils ont exig\u00e9 aujourd&rsquo;hui que nous cr\u00e9ions un paquet de sanctions qui soit le plus fort, le plus complet et le plus s\u00e9v\u00e8re possible pour le secteur de l&rsquo;\u00e9nergie. Cependant, avec la Slovaquie, nous avons emp\u00each\u00e9 l&rsquo;adoption du paquet de sanctions aujourd&rsquo;hui. Nous l&rsquo;avons fait parce que, parall\u00e8lement \u00e0 tout cela, l&rsquo;UE veut interdire aux \u00c9tats membres, \u00e0 la Hongrie et \u00e0 la Slovaquie, d&rsquo;acheter du gaz naturel et du p\u00e9trole brut russes bon march\u00e9, comme nous l&rsquo;avons fait jusqu&rsquo;\u00e0 pr\u00e9sent\u00a0\u00bb, a d\u00e9clar\u00e9 P\u00e9ter Szijj\u00e1rt\u00f3.<\/p>\n<p>L&rsquo;adoption du paquet de sanctions ne figurait pas \u00e0 l&rsquo;ordre du jour officiel de la r\u00e9union des ministres des Affaires \u00e9trang\u00e8res de l&rsquo;UE, mais des interventions et des d\u00e9clarations politiques ont \u00e9t\u00e9 faites \u00e0 ce sujet. Le vote de fond sur le paquet de sanctions aura lieu lors d&rsquo;une r\u00e9union des ambassadeurs \u00e0 Bruxelles.<\/p>\n<p><strong>La Hongrie et la Slovaquie frustr\u00e9es par les plans d&rsquo;\u00e9limination progressive de la Commission<\/strong><\/p>\n<p>Le ministre hongrois a affirm\u00e9 que la proposition de Bruxelles de r\u00e9duire les importations de gaz et de p\u00e9trole en provenance de Russie frapperait durement la Hongrie et la Slovaquie.<\/p>\n<p>\u00ab\u00a0Cette proposition d\u00e9truirait la s\u00e9curit\u00e9 \u00e9nerg\u00e9tique de la Hongrie, nous mettrait dans une position de d\u00e9pendance s\u00e9v\u00e8re en termes de subventions \u00e9nerg\u00e9tiques et doublerait ou triplerait les co\u00fbts des services publics pay\u00e9s par les familles hongroises\u00a0\u00bb, a ajout\u00e9 le ministre.<\/p>\n<p>P\u00e9ter Szijj\u00e1rt\u00f3 a rappel\u00e9 qu&rsquo;en 2022, lorsque l&rsquo;UE a sanctionn\u00e9 les importations de p\u00e9trole russe, la Slovaquie et la Hongrie ont toutes deux n\u00e9goci\u00e9 une clause de non-participation. En revanche, la proc\u00e9dure par laquelle la Commission a mis en \u0153uvre ses plans REpowerEU ne laisse \u00e0 aucun \u00c9tat membre la possibilit\u00e9 d&rsquo;exercer son droit de veto.<\/p>\n<p>Les plans de la Commission europ\u00e9enne pr\u00e9voient l&rsquo;\u00e9limination progressive des importations d&rsquo;\u00e9nergie en provenance de Russie d&rsquo;ici 2027. Selon la Commission, cela mettrait fin \u00e0 la d\u00e9pendance de l&rsquo;UE \u00e0 l&rsquo;\u00e9gard des combustibles fossiles russes et stimulerait en fin de compte la comp\u00e9titivit\u00e9.<\/p>\n<p>\u00ab\u00a0La Russie a tent\u00e9 \u00e0 plusieurs reprises de nous faire chanter en militarisant ses approvisionnements \u00e9nerg\u00e9tiques. Nous avons pris des mesures claires pour fermer le robinet et mettre d\u00e9finitivement fin \u00e0 l&rsquo;\u00e8re des combustibles fossiles russes en Europe\u00a0\u00bb, a d\u00e9clar\u00e9 Ursula von der Leyen, pr\u00e9sidente de la Commission, lors de la pr\u00e9sentation de la proposition.<\/p>\n<p>La nouvelle proposition de sanctions de l&rsquo;UE, publi\u00e9e au d\u00e9but du mois de juin, pr\u00e9voit d&rsquo;inscrire 22 banques russes suppl\u00e9mentaires sur la liste noire et d&rsquo;\u00e9tendre l&rsquo;interdiction des transactions \u00e0 des entit\u00e9s bas\u00e9es en dehors du pays qui contribuent \u00e0 contourner les sanctions. Elle interdirait les transactions financi\u00e8res avec le gazoduc Nord Stream.<\/p>\n<p><strong>La Hongrie s&rsquo;oppose \u00e9galement \u00e0 l&rsquo;adh\u00e9sion de l&rsquo;Ukraine \u00e0 l&rsquo;UE<\/strong><\/p>\n<p>P\u00e9ter Szijj\u00e1rt\u00f3 a \u00e9galement pr\u00e9cis\u00e9, lors d&rsquo;une conf\u00e9rence de presse \u00e0 Bruxelles, que la Hongrie n&rsquo;\u00e9tait pas dispos\u00e9e \u00e0 soutenir une quelconque d\u00e9claration en faveur de l&rsquo;adh\u00e9sion de l&rsquo;Ukraine \u00e0 l&rsquo;UE lors du Conseil europ\u00e9en qui se tiendra cette semaine.<\/p>\n<p>\u00ab\u00a0Les Ukrainiens ne pourront pas faire un seul pas vers l&rsquo;adh\u00e9sion tant que les droits de la communaut\u00e9 culturelle hongroise ne seront pas r\u00e9tablis. Aucune pression de Bruxelles ne nous obligera \u00e0 renoncer \u00e0 cette condition\u00a0\u00bb, a d\u00e9clar\u00e9 le ministre.<\/p>\n<p>Le gouvernement hongrois a critiqu\u00e9 l&rsquo;Ukraine parce qu&rsquo;il consid\u00e8re que Kyiv limite les droits linguistiques et \u00e9ducatifs des minorit\u00e9s hongroises de la r\u00e9gion ukrainienne de Transcarpatie. Le gouvernement de Viktor Orb\u00e1n a \u00e9galement lanc\u00e9 une campagne contre l&rsquo;adh\u00e9sion de l&rsquo;Ukraine \u00e0 l&rsquo;UE, la pr\u00e9sentant comme une menace imminente pour l&rsquo;\u00e9conomie de l&rsquo;UE. Lors des pr\u00e9c\u00e9dents sommets de l&rsquo;UE, 26 \u00c9tats membres ont publi\u00e9 des d\u00e9clarations en faveur de l&rsquo;adh\u00e9sion de l&rsquo;Ukraine sans la Hongrie.<\/p>\n","protected":false},"excerpt":{"rendered":"Publi\u00e9 le 23\/06\/2025 &#8211; 18:13 UTC+2\u2022Mis \u00e0 jour 18:14 PUBLICIT\u00c9 La Hongrie et la Slovaquie ont annonc\u00e9 qu&rsquo;elles&hellip;\n","protected":false},"author":2,"featured_media":198673,"comment_status":"","ping_status":"","sticky":false,"template":"","format":"standard","meta":{"footnotes":""},"categories":[1591],"tags":[11,1887,804,12,1885,1886,132,10845,364],"class_list":{"0":"post-198672","1":"post","2":"type-post","3":"status-publish","4":"format-standard","5":"has-post-thumbnail","7":"category-russie","8":"tag-actualites","9":"tag-federation-de-russie","10":"tag-hongrie","11":"tag-news","12":"tag-russia","13":"tag-russian-federation","14":"tag-russie","15":"tag-slovaquie","16":"tag-union-europeenne"},"share_on_mastodon":{"url":"https:\/\/pubeurope.com\/@fr\/114733811354801083","error":""},"_links":{"self":[{"href":"https:\/\/www.europesays.com\/fr\/wp-json\/wp\/v2\/posts\/198672","targetHints":{"allow":["GET"]}}],"collection":[{"href":"https:\/\/www.europesays.com\/fr\/wp-json\/wp\/v2\/posts"}],"about":[{"href":"https:\/\/www.europesays.com\/fr\/wp-json\/wp\/v2\/types\/post"}],"author":[{"embeddable":true,"href":"https:\/\/www.europesays.com\/fr\/wp-json\/wp\/v2\/users\/2"}],"replies":[{"embeddable":true,"href":"https:\/\/www.europesays.com\/fr\/wp-json\/wp\/v2\/comments?post=198672"}],"version-history":[{"count":0,"href":"https:\/\/www.europesays.com\/fr\/wp-json\/wp\/v2\/posts\/198672\/revisions"}],"wp:featuredmedia":[{"embeddable":true,"href":"https:\/\/www.europesays.com\/fr\/wp-json\/wp\/v2\/media\/198673"}],"wp:attachment":[{"href":"https:\/\/www.europesays.com\/fr\/wp-json\/wp\/v2\/media?parent=198672"}],"wp:term":[{"taxonomy":"category","embeddable":true,"href":"https:\/\/www.europesays.com\/fr\/wp-json\/wp\/v2\/categories?post=198672"},{"taxonomy":"post_tag","embeddable":true,"href":"https:\/\/www.europesays.com\/fr\/wp-json\/wp\/v2\/tags?post=198672"}],"curies":[{"name":"wp","href":"https:\/\/api.w.org\/{rel}","templated":true}]}}