{"id":198674,"date":"2025-06-23T17:16:10","date_gmt":"2025-06-23T17:16:10","guid":{"rendered":"https:\/\/www.europesays.com\/fr\/198674\/"},"modified":"2025-06-23T17:16:10","modified_gmt":"2025-06-23T17:16:10","slug":"leurope-face-a-ses-fractures-diplomatiques-2","status":"publish","type":"post","link":"https:\/\/www.europesays.com\/fr\/198674\/","title":{"rendered":"l\u2019Europe face \u00e0 ses fractures diplomatiques"},"content":{"rendered":"<p>L&rsquo;op\u00e9ration <a class=\"link \" href=\"https:\/\/www.lepoint.fr\/monde\/iran-leurres-bombardiers-sous-marins-le-recit-de-l-operation-marteau-de-minuit-22-06-2025-2592636_24.php\" rel=\"nofollow noopener\" target=\"_blank\" data-ylk=\"slk:\u00ab\u00a0Marteau de minuit\u00a0\u00bb de Donald Trump en Iran;elm:context_link;itc:0;sec:content-canvas\">\u00ab\u00a0Marteau de minuit\u00a0\u00bb de Donald Trump en Iran<\/a> a port\u00e9 un rude coup \u00e0\u00a0la t\u00eate des chancelleries europ\u00e9ennes, encore sous le choc. Lundi matin, les ministres des Affaires \u00e9trang\u00e8res de l&rsquo;UE se retrouvent \u00e0 Bruxelles avec un agenda boulevers\u00e9 par la nouvelle donne cr\u00e9\u00e9e au Moyen-Orient. Si l&rsquo;appel \u00e0 la d\u00e9sescalade avec l&rsquo;Iran fait consensus, les divergences sur Isra\u00ebl r\u00e9v\u00e8lent les fractures profondes de l&rsquo;Union europ\u00e9enne.<\/p>\n<p>\u00ab\u00a0Il n&rsquo;y a pas de solution durable \u00e0 ce probl\u00e8me par la voie militaire\u00a0\u00bb, a insist\u00e9 Jean-No\u00ebl Barrot qui consid\u00e8re que \u00ab\u00a0seule la n\u00e9gociation permettra durablement d&rsquo;encadrer strictement le programme nucl\u00e9aire iranien\u00a0\u00bb.\u00a0Le chef de la diplomatie fran\u00e7aise a rappel\u00e9 le r\u00f4le historique de l&rsquo;Europe\u00a0: \u00ab\u00a0Il y a dix ans, c&rsquo;est l&rsquo;Europe qui a trouv\u00e9 la solution\u00a0\u00bb avec l&rsquo;accord sur le nucl\u00e9aire iranien.<\/p>\n<p>\u00c0 aucun moment le ministre fran\u00e7ais n&rsquo;a salu\u00e9 les frappes am\u00e9ricaines. Au contraire, il a tenu \u00e0 prendre explicitement ses distances. \u00ab\u00a0La France n&rsquo;a ni particip\u00e9 \u00e0 ces frappes ni \u00e0 leur planification\u00a0\u00bb, a-t-il r\u00e9p\u00e9t\u00e9, avant de conclure par un appel direct\u00a0: \u00ab\u00a0Nous appelons \u00e0 la retenue, nous appelons \u00e0 l&rsquo;arr\u00eat des frappes.\u00a0\u00bb Une prudence que ne justifie pas seulement la d\u00e9tention de deux otages fran\u00e7ais en Iran.<\/p>\n<p>\u00c0 LIRE AUSSI <strong class=\"strong\"><a href=\"https:\/\/www.lepoint.fr\/monde\/frappes-des-etats-unis-en-iran-le-chancelier-merz-trouble-la-position-europeenne-22-06-2025-2592632_24.php\" rel=\"nofollow noopener\" target=\"_blank\" data-ylk=\"slk:Frappes am\u00e9ricaines en Iran\u00a0: le chancelier Merz rallie la position europ\u00e9enne;elm:context_link;itc:0;sec:content-canvas\" class=\"link \">Frappes am\u00e9ricaines en Iran\u00a0: le chancelier Merz rallie la position europ\u00e9enne<\/a><\/strong><\/p>\n<p>Johann Wadephul, le ministre allemand des Affaires \u00e9trang\u00e8res, a adopt\u00e9 un ton plus compr\u00e9hensif vis-\u00e0-vis de l&rsquo;action am\u00e9ricaine. D\u00e9taillan [&#8230;] <a href=\"https:\/\/www.lepoint.fr\/monde\/frappes-de-trump-en-iran-gaza-ukraine-l-europe-face-a-ses-fractures-diplomatiques-23-06-2025-2592705_24.php\" rel=\"nofollow noopener\" target=\"_blank\" data-ylk=\"slk:Lire la suite;elm:context_link;itc:0;sec:content-canvas\" class=\"link \">Lire la suite<\/a><\/p>\n","protected":false},"excerpt":{"rendered":"L&rsquo;op\u00e9ration \u00ab\u00a0Marteau de minuit\u00a0\u00bb de Donald Trump en Iran a port\u00e9 un rude coup \u00e0\u00a0la t\u00eate des chancelleries&hellip;\n","protected":false},"author":2,"featured_media":198675,"comment_status":"","ping_status":"","sticky":false,"template":"","format":"standard","meta":{"footnotes":""},"categories":[1590],"tags":[11,75,1777,674,3019,29637,16965,2288,3257,12,220],"class_list":{"0":"post-198674","1":"post","2":"type-post","3":"status-publish","4":"format-standard","5":"has-post-thumbnail","7":"category-ukraine","8":"tag-actualites","9":"tag-donald-trump","10":"tag-eu","11":"tag-europe","12":"tag-iran","13":"tag-lundi-matin","14":"tag-ministre-francais","15":"tag-ministres-des-affaires-etrangeres","16":"tag-moyen-orient","17":"tag-news","18":"tag-ukraine"},"share_on_mastodon":{"url":"https:\/\/pubeurope.com\/@fr\/114733815303999731","error":""},"_links":{"self":[{"href":"https:\/\/www.europesays.com\/fr\/wp-json\/wp\/v2\/posts\/198674","targetHints":{"allow":["GET"]}}],"collection":[{"href":"https:\/\/www.europesays.com\/fr\/wp-json\/wp\/v2\/posts"}],"about":[{"href":"https:\/\/www.europesays.com\/fr\/wp-json\/wp\/v2\/types\/post"}],"author":[{"embeddable":true,"href":"https:\/\/www.europesays.com\/fr\/wp-json\/wp\/v2\/users\/2"}],"replies":[{"embeddable":true,"href":"https:\/\/www.europesays.com\/fr\/wp-json\/wp\/v2\/comments?post=198674"}],"version-history":[{"count":0,"href":"https:\/\/www.europesays.com\/fr\/wp-json\/wp\/v2\/posts\/198674\/revisions"}],"wp:featuredmedia":[{"embeddable":true,"href":"https:\/\/www.europesays.com\/fr\/wp-json\/wp\/v2\/media\/198675"}],"wp:attachment":[{"href":"https:\/\/www.europesays.com\/fr\/wp-json\/wp\/v2\/media?parent=198674"}],"wp:term":[{"taxonomy":"category","embeddable":true,"href":"https:\/\/www.europesays.com\/fr\/wp-json\/wp\/v2\/categories?post=198674"},{"taxonomy":"post_tag","embeddable":true,"href":"https:\/\/www.europesays.com\/fr\/wp-json\/wp\/v2\/tags?post=198674"}],"curies":[{"name":"wp","href":"https:\/\/api.w.org\/{rel}","templated":true}]}}