{"id":198676,"date":"2025-06-23T17:17:15","date_gmt":"2025-06-23T17:17:15","guid":{"rendered":"https:\/\/www.europesays.com\/fr\/198676\/"},"modified":"2025-06-23T17:17:15","modified_gmt":"2025-06-23T17:17:15","slug":"trump-a-t-il-ordonne-une-attaque-illegale-en-iran","status":"publish","type":"post","link":"https:\/\/www.europesays.com\/fr\/198676\/","title":{"rendered":"Trump a-t-il ordonn\u00e9 une attaque ill\u00e9gale en Iran ?"},"content":{"rendered":"\n<p>\u201cAvant d\u2019ordonner le bombardement des sites nucl\u00e9aires en Iran, Donald Trump avait \u00e9t\u00e9 averti que la Constitution ne permet pas au pr\u00e9sident \u2018de commettre un acte de guerre unilat\u00e9ral\u2019 contre un pays qui n\u2019a pas d\u2019abord frapp\u00e9 les \u00c9tats-Unis\u201d, <a class=\"ithalc\" data-ithal=\"lien_externe\" data-ithalc=\"[nav_article]\" target=\"_blank\" href=\"https:\/\/www.theatlantic.com\/ideas\/archive\/2025\/06\/americans-deserve-congressional-vote-war-iran\/683285\/\" rel=\"nofollow noopener\">\u00e9crit <strong>The Atlantic<\/strong><\/a><strong>.<\/strong><\/p>\n<p>La formule a en effet \u00e9t\u00e9 employ\u00e9e par un \u00e9lu r\u00e9publicain, le repr\u00e9sentant du Kentucky Thomas Massie, qui a d\u00e9plor\u00e9 que l\u2019attaque ait eu lieu, <a href=\"https:\/\/www.courrierinternational.com\/article\/moyen-orient-les-etats-unis-entrent-en-guerre-contre-l-iran_232276\" rel=\"nofollow noopener\" target=\"_blank\">dans la nuit du 21\u00a0au 22\u00a0juin<\/a>, sans aval du Congr\u00e8s.<\/p>\n<p>Un avis partag\u00e9 par de nombreux d\u00e9mocrates. Le s\u00e9nateur Chris Van Hollen a d\u00e9nonc\u00e9 \u201cune violation \u00e9vidente de notre Constitution\u201d, qui justifierait m\u00eame un proc\u00e8s en destitution, selon la repr\u00e9sentante <a href=\"https:\/\/www.courrierinternational.com\/sujet\/alexandria-ocasio-cortez\" rel=\"nofollow noopener\" target=\"_blank\">Alexandria Ocasio-Cortez<\/a>. \u201cVous savez tous que la seule entit\u00e9 qui puisse impliquer ce pays dans une guerre est le Congr\u00e8s des \u00c9tats-Unis. Le pr\u00e9sident n\u2019en a pas le droit\u201d, a lanc\u00e9 pour sa part le s\u00e9nateur de gauche <a href=\"https:\/\/www.courrierinternational.com\/sujet\/bernie-sanders\" rel=\"nofollow noopener\" target=\"_blank\">Bernie Sanders<\/a>.<\/p>\n<p>\u201cIl est vrai que le pouvoir de d\u00e9clarer la guerre appartient au Congr\u00e8s, mais la question est rendue plus complexe par la l\u00e9gislation\u201d, r\u00e9pond <a class=\"ithalc\" data-ithal=\"lien_externe\" data-ithalc=\"[nav_article]\" target=\"_blank\" href=\"https:\/\/eu.usatoday.com\/story\/opinion\/columnist\/2025\/06\/22\/us-bomb-iran-trump-congress\/84304075007\/\" rel=\"nofollow noopener\">un chroniqueur de <strong>USA Today<\/strong><\/a><strong>, <\/strong>Dace Potas.<strong> <\/strong>\u201cLa loi sur les pouvoirs de guerre de 1973\u00a0impose au pr\u00e9sident de notifier le Congr\u00e8s dans les quarante-huit\u00a0heures suivant le d\u00e9ploiement de forces am\u00e9ricaines, si la guerre n\u2019a pas \u00e9t\u00e9 officiellement d\u00e9clar\u00e9e au pr\u00e9alable. Cette r\u00e9solution exige aussi du pr\u00e9sident qu\u2019il retire toutes les forces d\u00e9ploy\u00e9es dans un conflit dans un d\u00e9lai de soixante\u00a0jours, faute d\u2019accord du Congr\u00e8s.\u201d<\/p>\n<p>Selon USA Today, \u201cil y a un d\u00e9licat \u00e9quilibre des pouvoirs\u201d entre le pr\u00e9sident, qui doit agir vite pour parer aux p\u00e9rils, et le Congr\u00e8s, qui d\u00e9lib\u00e8re.<\/p>\n<p>               Des pr\u00e9c\u00e9dents en sa faveur       <\/p>\n<p>\u201cDans le cas pr\u00e9sent, les faits plaident sans doute en faveur de Trump\u201d, juge le m\u00eame chroniqueur, en raison de la menace pr\u00e9sum\u00e9e que repr\u00e9sentait l\u2019Iran, tant par son programme nucl\u00e9aire que par ses affid\u00e9s comme les <a href=\"https:\/\/www.courrierinternational.com\/sujet\/houthistes\" rel=\"nofollow noopener\" target=\"_blank\">houthistes<\/a> du Y\u00e9men. \u201cL\u2019histoire est aussi du c\u00f4t\u00e9 de Trump\u00a0: pour ne prendre qu\u2019un exemple, le pr\u00e9sident Barack Obama a agi de la m\u00eame fa\u00e7on en ordonnant une action militaire am\u00e9ricaine en Libye.\u201d<\/p>\n<p><a class=\"ithalc\" data-ithal=\"lien_externe\" data-ithalc=\"[nav_article]\" target=\"_blank\" href=\"https:\/\/www.nytimes.com\/2025\/06\/22\/opinion\/us-military-strike-iran-trump.html\" rel=\"nofollow noopener\">Dans <strong>The New York Times<\/strong><\/a><strong>, <\/strong>un autre chroniqueur conservateur rappelle \u00e9galement \u201cl\u2019invasion du Panama par George H. W.\u00a0Bush, en 1989, et la campagne a\u00e9rienne de quatre jours contre l\u2019Irak, d\u00e9cr\u00e9t\u00e9e par Bill\u00a0Clinton en 1998\u201d.<\/p>\n<p>Au contraire, \u201cni la Constitution ni la loi sur les pouvoirs de guerre [\u2026] n\u2019autorisaient l\u2019attaque\u201d, estime l\u2019article de The Atlantic cit\u00e9 plus haut.<\/p>\n<p>M\u00eame si l\u2019invasion de l\u2019Irak a \u00e9t\u00e9 \u201cune erreur\u201d, souligne le journaliste Conor Friedersdorf dans ce magazine, le pr\u00e9sident George W. Bush avait obtenu en 2002\u00a0le feu vert des parlementaires pour user de la force. En court-circuitant le Congr\u00e8s, ses successeurs Barack Obama et Donald Trump \u201caffaiblissent la d\u00e9mocratie am\u00e9ricaine\u201d.<\/p>\n","protected":false},"excerpt":{"rendered":"\u201cAvant d\u2019ordonner le bombardement des sites nucl\u00e9aires en Iran, Donald Trump avait \u00e9t\u00e9 averti que la Constitution ne&hellip;\n","protected":false},"author":2,"featured_media":198677,"comment_status":"","ping_status":"","sticky":false,"template":"","format":"standard","meta":{"footnotes":""},"categories":[1589],"tags":[11,3822,75,73,1866,3019,3257,12,316,770,1864,1865,1863,308],"class_list":{"0":"post-198676","1":"post","2":"type-post","3":"status-publish","4":"format-standard","5":"has-post-thumbnail","7":"category-etats-unis","8":"tag-actualites","9":"tag-amu00e9riques","10":"tag-donald-trump","11":"tag-etats-unis","12":"tag-etats-unis-damerique","13":"tag-iran","14":"tag-moyen-orient","15":"tag-news","16":"tag-politique","17":"tag-u00e9tats-unis","18":"tag-united-states","19":"tag-united-states-of-america","20":"tag-us","21":"tag-usa"},"share_on_mastodon":{"url":"https:\/\/pubeurope.com\/@fr\/114733819188587001","error":""},"_links":{"self":[{"href":"https:\/\/www.europesays.com\/fr\/wp-json\/wp\/v2\/posts\/198676","targetHints":{"allow":["GET"]}}],"collection":[{"href":"https:\/\/www.europesays.com\/fr\/wp-json\/wp\/v2\/posts"}],"about":[{"href":"https:\/\/www.europesays.com\/fr\/wp-json\/wp\/v2\/types\/post"}],"author":[{"embeddable":true,"href":"https:\/\/www.europesays.com\/fr\/wp-json\/wp\/v2\/users\/2"}],"replies":[{"embeddable":true,"href":"https:\/\/www.europesays.com\/fr\/wp-json\/wp\/v2\/comments?post=198676"}],"version-history":[{"count":0,"href":"https:\/\/www.europesays.com\/fr\/wp-json\/wp\/v2\/posts\/198676\/revisions"}],"wp:featuredmedia":[{"embeddable":true,"href":"https:\/\/www.europesays.com\/fr\/wp-json\/wp\/v2\/media\/198677"}],"wp:attachment":[{"href":"https:\/\/www.europesays.com\/fr\/wp-json\/wp\/v2\/media?parent=198676"}],"wp:term":[{"taxonomy":"category","embeddable":true,"href":"https:\/\/www.europesays.com\/fr\/wp-json\/wp\/v2\/categories?post=198676"},{"taxonomy":"post_tag","embeddable":true,"href":"https:\/\/www.europesays.com\/fr\/wp-json\/wp\/v2\/tags?post=198676"}],"curies":[{"name":"wp","href":"https:\/\/api.w.org\/{rel}","templated":true}]}}