{"id":19868,"date":"2025-04-12T13:34:14","date_gmt":"2025-04-12T13:34:14","guid":{"rendered":"https:\/\/www.europesays.com\/fr\/19868\/"},"modified":"2025-04-12T13:34:14","modified_gmt":"2025-04-12T13:34:14","slug":"les-manifestations-de-ce-samedi","status":"publish","type":"post","link":"https:\/\/www.europesays.com\/fr\/19868\/","title":{"rendered":"les manifestations de ce samedi"},"content":{"rendered":"<p>Les repr\u00e9sentants du mouvement free party appellent \u00e0 une \u00ab\u00a0Manifestive\u00a0\u00bb nationale ce samedi, dans une vingtaine de villes fran\u00e7aises pour d\u00e9fendre une \u00ab\u00a0culture de la f\u00eate libre\u00a0\u00bb. \u00c0 Lyon, les teufeurs se retrouveront d\u00e8s 14 heures place Jean-Mac\u00e9. Ils d\u00e9ambuleront dans l\u2019apr\u00e8s-midi en direction de Gerland, en passant par l\u2019avenue Jean-Jaur\u00e8s, jusqu\u2019\u00e0 l\u2019all\u00e9e Pierre-de-Coubertin. Attention donc, la circulation sera perturb\u00e9e sur le secteur.<\/p>\n<p>  \u00ab\u00a0Des arr\u00eat\u00e9s pr\u00e9fectoraux abusifs\u00a0\u00bb<\/p>\n<p>Les manifestants entendent d\u00e9noncer <a href=\"https:\/\/www.leprogres.fr\/faits-divers-justice\/2025\/03\/15\/rave-party-sous-haute-tension-a-feyzin-les-forces-de-l-ordre-ne-parviennent-pas-a-evacuer-les-fetards\" target=\"_blank\" rel=\"nofollow noopener\">\u00ab\u00a0des arr\u00eat\u00e9s pr\u00e9fectoraux abusifs\u00a0\u00bb<\/a>, \u00ab\u00a0l\u2019impossibilit\u00e9 pour ceux qui le souhaitent de d\u00e9clarer leurs \u00e9v\u00e8nements\u00a0\u00bb, \u00ab\u00a0des saisies abusives de mat\u00e9riel\u00a0\u00bb ou encore des \u00ab\u00a0amendes massives et syst\u00e9matiques contre le public.\u00a0\u00bb Ils s\u2019inqui\u00e8tent d\u2019une<a href=\"https:\/\/www.assemblee-nationale.fr\/dyn\/17\/textes\/l17b1133_proposition-loi\" target=\"_blank\" rel=\"nofollow noopener\"> proposition de loi<\/a> visant \u00e0 renforcer la p\u00e9nalisation de l\u2019organisation de rave-parties, d\u00e9pos\u00e9e 18\u00a0mars, par des d\u00e9put\u00e9s du parti pr\u00e9sidentiel.<\/p>\n<p>\u00c0 Paris et en province, sont aussi organis\u00e9es ce samedi, des manifestations \u00ab\u00a0pour l\u2019\u00c9tat de droit\u00a0\u00bb, \u00e0 l\u2019appel de plusieurs organisations dont la Ligue des droits de l\u2019Homme, SOS racisme, la CGT, le Syndicat de la magistrature et le syndicat des avocats de France (Saf)\u2026<\/p>\n<p>  Un rassemblement pour d\u00e9noncer les propos de <a href=\"https:\/\/www.leprogres.fr\/p\/marine-le-pen\" target=\"_blank\" rel=\"nofollow noopener\">Marine Le Pen<\/a><\/p>\n<p>Elles d\u00e9noncent\u00a0les \u00ab\u00a0menaces \u00e0 l\u2019endroit des magistrats\u00a0\u00bb apr\u00e8s la condamnation de plusieurs cadres du RN dont Marine Le Pen\u00a0pour d\u00e9tournement de fonds publics. \u00ab\u00a0Le RN a choisi de d\u00e9noncer la d\u00e9cision de justice en des termes aussi abusifs que choquants. Il a accr\u00e9dit\u00e9 l\u2019id\u00e9e d\u2019un\u2019\u2019complot\u2019\u2019 men\u00e9 par un\u2019\u2019gouvernement des juges\u2019\u2019.\u00a0Encore plus inqui\u00e9tant, ces critiques d\u2019une d\u00e9cision de justice ont \u00e9t\u00e9 plus largement relay\u00e9es par des \u00e9lus et responsables politiques d\u2019autres partis, y compris le Premier ministre\u00a0\u00bb, regrettent ces organisations dans un communiqu\u00e9. A Lyon, un rassemblement aura lieu d\u00e8s 15 heures, place Guichard.<\/p>\n<p>\u00c0 noter aussi \u00e0 partir de 19 heures samedi, le collectif 69 de soutien au peuple palestinien organise un \u00ab\u00a0die in\u00a0\u00bb place des Terreaux. Les manifestants entendent lancer \u00ab\u00a0un cri pour Gaza\u00a0\u00bb.<\/p>\n","protected":false},"excerpt":{"rendered":"Les repr\u00e9sentants du mouvement free party appellent \u00e0 une \u00ab\u00a0Manifestive\u00a0\u00bb nationale ce samedi, dans une vingtaine de villes&hellip;\n","protected":false},"author":2,"featured_media":19869,"comment_status":"","ping_status":"","sticky":false,"template":"","format":"standard","meta":{"footnotes":""},"categories":[1889],"tags":[1111,11,2430,1687,2757,1777,674,1011,27,2428,2756,873,12,316,1078,25,2429,104],"class_list":{"0":"post-19868","1":"post","2":"type-post","3":"status-publish","4":"format-standard","5":"has-post-thumbnail","7":"category-lyon","8":"tag-actu","9":"tag-actualites","10":"tag-auvergne-rhone-alpes","11":"tag-culture-loisirs","12":"tag-edition-lyon-villeurbanne","13":"tag-eu","14":"tag-europe","15":"tag-fr","16":"tag-france","17":"tag-lyon","18":"tag-lyon-bassin","19":"tag-musique","20":"tag-news","21":"tag-politique","22":"tag-rassemblement-national","23":"tag-republique-francaise","24":"tag-rhone","25":"tag-societe"},"share_on_mastodon":{"url":"https:\/\/pubeurope.com\/@fr\/114325255838258298","error":""},"_links":{"self":[{"href":"https:\/\/www.europesays.com\/fr\/wp-json\/wp\/v2\/posts\/19868","targetHints":{"allow":["GET"]}}],"collection":[{"href":"https:\/\/www.europesays.com\/fr\/wp-json\/wp\/v2\/posts"}],"about":[{"href":"https:\/\/www.europesays.com\/fr\/wp-json\/wp\/v2\/types\/post"}],"author":[{"embeddable":true,"href":"https:\/\/www.europesays.com\/fr\/wp-json\/wp\/v2\/users\/2"}],"replies":[{"embeddable":true,"href":"https:\/\/www.europesays.com\/fr\/wp-json\/wp\/v2\/comments?post=19868"}],"version-history":[{"count":0,"href":"https:\/\/www.europesays.com\/fr\/wp-json\/wp\/v2\/posts\/19868\/revisions"}],"wp:featuredmedia":[{"embeddable":true,"href":"https:\/\/www.europesays.com\/fr\/wp-json\/wp\/v2\/media\/19869"}],"wp:attachment":[{"href":"https:\/\/www.europesays.com\/fr\/wp-json\/wp\/v2\/media?parent=19868"}],"wp:term":[{"taxonomy":"category","embeddable":true,"href":"https:\/\/www.europesays.com\/fr\/wp-json\/wp\/v2\/categories?post=19868"},{"taxonomy":"post_tag","embeddable":true,"href":"https:\/\/www.europesays.com\/fr\/wp-json\/wp\/v2\/tags?post=19868"}],"curies":[{"name":"wp","href":"https:\/\/api.w.org\/{rel}","templated":true}]}}