{"id":198684,"date":"2025-06-23T17:21:10","date_gmt":"2025-06-23T17:21:10","guid":{"rendered":"https:\/\/www.europesays.com\/fr\/198684\/"},"modified":"2025-06-23T17:21:10","modified_gmt":"2025-06-23T17:21:10","slug":"conflit-iran-israel-pourquoi-lunion-europeenne-joue-t-elle-les-seconds-roles","status":"publish","type":"post","link":"https:\/\/www.europesays.com\/fr\/198684\/","title":{"rendered":"Conflit Iran-Isra\u00ebl : pourquoi l\u2019Union europ\u00e9enne joue-t-elle les seconds r\u00f4les ?"},"content":{"rendered":"<p>Comme \u00e0 son habitude, Donald Trump a fait fi des recommandations europ\u00e9ennes. Dans la nuit de samedi \u00e0 dimanche, sans avertir les responsables europ\u00e9ens, les Etats-Unis ont bombard\u00e9 les sites nucl\u00e9aires iraniens avec <a href=\"https:\/\/www.publicsenat.fr\/actualites\/international\/iran-israel-ce-que-lon-sait-sur-la-bombe-americaine-gbu-57-capable-de-detruire-le-site-nucleaire-de-fordo\" target=\"_blank\" rel=\"noopener\">la fameuse bombe GBU-57<\/a>, r\u00e9clam\u00e9e depuis plusieurs jours par Isra\u00ebl. Mis devant le fait accompli, les Europ\u00e9ens n\u2019ont pas condamn\u00e9 l\u2019op\u00e9ration am\u00e9ricaine. S\u2019ils s\u2019accordent \u00e0 dire que l\u2019Iran ne doit pas acc\u00e9der \u00e0 l\u2019arme nucl\u00e9aire, ils r\u00e9clament un retour \u00e0 la \u00ab\u00a0table des n\u00e9gociations\u00a0\u00bb pour \u00e9viter toute escalade du conflit.<\/p>\n<p>\u00ab\u00a0Il n\u2019y a pas de solution militaire \u00e0 ce probl\u00e8me\u00a0\u00bb<\/p>\n<p>Et c\u2019est ce qui s\u2019est dit ce lundi \u00e0 Bruxelles lors d\u2019une r\u00e9union des ministres des Affaires \u00e9trang\u00e8res pr\u00e9vue de longue date. Cens\u00e9e examiner la possible suspension de l\u2019accord commercial avec Isra\u00ebl, la r\u00e9union a essentiellement abord\u00e9 le r\u00f4le de l\u2019UE au Moyen-Orient apr\u00e8s les frappes am\u00e9ricaines survenues en Iran. En marge de la r\u00e9union, le ministre des Affaires \u00e9trang\u00e8res, Jean-No\u00ebl Barrot a rappel\u00e9 la position fran\u00e7aise\u00a0: \u00ab\u00a0Il n\u2019y a pas de solution militaire \u00e0 ce probl\u00e8me, mais des n\u00e9gociations qui permettront d\u2019encadrer strictement le programme nucl\u00e9aire iranien afin d\u2019apporter des r\u00e9ponses durables\u00a0\u00bb. Une position d\u00e9j\u00e0 \u00e9voqu\u00e9e la veille par Emmanuel Macron, lors d\u2019un conseil de d\u00e9fense o\u00f9 il a appel\u00e9 \u00e0 \u00e9viter une \u00ab\u00a0escalade incontr\u00f4l\u00e9e\u00a0\u00bb dans la r\u00e9gion. \u00ab\u00a0La reprise des relations diplomatiques est le seul moyen d\u2019atteindre les objectifs que nous attendons tous, que l\u2019Iran ne puisse pas se doter de l\u2019arme nucl\u00e9aire\u00a0\u00bb, a-t-il d\u00e9clar\u00e9. Actuellement en visite d\u2019Etat en Norv\u00e8ge, le pr\u00e9sident de la R\u00e9publique a indiqu\u00e9\u00a0ne pas voir \u00ab\u00a0le cadre de l\u00e9galit\u00e9\u00a0\u00bb dans les frappes am\u00e9ricaines, mais a pr\u00e9cis\u00e9 \u00ab\u00a0partager l\u2019objectif\u00a0\u00bb am\u00e9ricain que l\u2019Iran ne se dote pas de l\u2019arme nucl\u00e9aire.<\/p>\n<p>\u00ab\u00a0L\u2019Europe ne va pas pouvoir aider sur ce sujet\u00a0\u00bb<\/p>\n<p>Dans une ultime tentative de n\u00e9gociation, apr\u00e8s les rumeurs d\u2019attaques am\u00e9ricaines, les ministres des Affaires \u00e9trang\u00e8res fran\u00e7ais, allemands et britanniques ainsi que la haute repr\u00e9sentante de l\u2019Union europ\u00e9enne, Kaja Kallas, se sont retrouv\u00e9s vendredi dernier \u00e0 Gen\u00e8ve pour tenter de relancer la n\u00e9gociation. Au m\u00eame instant, alors que la r\u00e9union n\u2019\u00e9tait pas encore termin\u00e9e, Donald Trump d\u00e9clarait\u00a0: \u00ab\u00a0L\u2019Europe ne va pas pouvoir aider sur ce sujet\u00a0\u00bb. Pourtant, selon une source diplomatique rapport\u00e9e par Le Monde, les repr\u00e9sentants \u00e9taient \u00ab\u00a0pr\u00eats \u00e0 faire beaucoup de concessions, avant m\u00eame que les Am\u00e9ricains ne frappent\u00a0\u00bb.<\/p>\n<p>Invit\u00e9 de la matinale de Public S\u00e9nat, le s\u00e9nateur Les R\u00e9publicains et membre de la commission des affaires \u00e9trang\u00e8res, Christian Cambon, regrette que l\u2019Europe et la France ne soient plus en \u00ab\u00a0premi\u00e8re ligne\u00a0\u00bb comme ils l\u2019ont \u00e9t\u00e9 lors de la guerre d\u2019Irak de 2003 tout en assurant que l\u2019Union europ\u00e9enne peut encore jouer un \u00ab\u00a0r\u00f4le de m\u00e9diateur\u00a0\u00bb.<\/p>\n<p>Des positions divergentes au sein de l\u2019UE<\/p>\n<p>Un r\u00f4le de m\u00e9diateur pourtant difficile \u00e0 assurer au vu des divergences de positions qui coexistent entre les Etats membres. En tr\u00e8s grande majorit\u00e9, les pays ont regrett\u00e9 les attaques commises par les Etats-Unis comme Jean-No\u00ebl Barrot qui s\u2019est dit \u00ab\u00a0pr\u00e9occup\u00e9\u00a0\u00bb. A l\u2019inverse, son homologue allemand a d\u00e9clar\u00e9 que \u00ab\u00a0les Am\u00e9ricains ont pris leur responsabilit\u00e9 dans la r\u00e9gion\u00a0\u00bb et s\u2019est r\u00e9joui de la \u00ab\u00a0menace importante \u00e9limin\u00e9e\u00a0\u00bb. Des propos dans le sillon de ceux prononc\u00e9s par le chancelier allemand Friedrich Merz, qui saluait le \u00ab\u00a0sale boulot\u00a0\u00bb r\u00e9alis\u00e9 par l\u2019Etat h\u00e9breu en Iran.<\/p>\n<p>Interrog\u00e9 par Public S\u00e9nat, le docteur en g\u00e9opolitique \u00e0 l\u2019Universit\u00e9 de Paris IV \u2013 Sorbonne et sp\u00e9cialiste de l\u2019Europe, Pierre Verluise, souligne le principe de compromis qui s\u00e9vit au sein de l\u2019Union et qui constitue sa \u00ab\u00a0grandeur et sa faiblesse\u00a0\u00bb. \u00ab\u00a0Sur certains sujets, l\u2019UE est contrainte au plus petit d\u00e9nominateur commun avec certains pays dont l\u2019avis p\u00e8se lourd\u00a0\u00bb, pr\u00e9cise-t-il. \u00ab\u00a0Au vu de son histoire, l\u2019Allemagne a un fort sentiment de responsabilit\u00e9 aupr\u00e8s d\u2019Isra\u00ebl\u00a0\u00bb. Ainsi, les Etats membres connaissent des difficult\u00e9s \u00e0 parler d\u2019une voix commune ce qui rend difficile leur moyen de pression et de n\u00e9gociation dans le conflit. Mais selon le chercheur, le poids historique de l\u2019UE au Proche et Moyen-Orient a toujours \u00e9t\u00e9 marginal. \u00ab\u00a0L\u2019actualit\u00e9 fait que cet \u00e9loignement est soulign\u00e9, mais l\u2019UE est satisfaite de cette mise \u00e0 l\u2019\u00e9cart\u00a0\u00bb.<\/p>\n<p>Un pr\u00e9c\u00e9dent accord<\/p>\n<p>Pourtant en 2015, le Conseil de s\u00e9curit\u00e9 (\u00c9tats-Unis, Chine, Russie, France et Royaume-Uni) et l\u2019Allemagne ont sign\u00e9 l\u2019accord de Vienne sur le nucl\u00e9aire iranien. Apr\u00e8s des n\u00e9gociations entam\u00e9es \u00e0 partir de 2003, les pays sont parvenus \u00e0 une lev\u00e9e des sanctions \u00e9conomiques impos\u00e9es \u00e0 l\u2019Iran en \u00e9change d\u2019un contr\u00f4le de son programme nucl\u00e9aire. Mais trois ans apr\u00e8s la signature, Donald Trump d\u00e9cide de quitter l\u2019accord relan\u00e7ant ainsi le programme de recherche nucl\u00e9aire iranien \u00e0 des fins militaires.<\/p>\n<p>A l\u2019aune de ce revirement, le positionnement unilat\u00e9ral du pr\u00e9sident am\u00e9ricain prend tout son sens. <a href=\"https:\/\/www.publicsenat.fr\/actualites\/international\/conflit-israel-iran-les-militaires-americains-nattendent-plus-que-le-feu-vert-de-trump-pour-intervenir-en-iran\" target=\"_blank\" rel=\"noopener\">Dans une interview accord\u00e9e \u00e0 Public S\u00e9nat<\/a>, l\u2019historien et sp\u00e9cialiste de la politique am\u00e9ricaine, Andr\u00e9 Kaspi, analyse la strat\u00e9gie de Donald Trump qui agit sans prendre en consid\u00e9ration les avis europ\u00e9ens\u00a0: \u00ab\u00a0Il aime d\u00e9cider seul, d\u00e9fendre les int\u00e9r\u00eats am\u00e9ricains avant tout\u00a0\u00bb, souligne-t-il. \u00ab\u00a0Il pense que les Etats-Unis se suffisent \u00e0 eux-m\u00eames et n\u2019ont pas besoin de se plier aux compromis et aux discussions de ces grands sommets multilat\u00e9raux [Sommet du G7 que le pr\u00e9sident am\u00e9ricain a quitt\u00e9 pr\u00e9cipitamment la semaine derni\u00e8re]. C\u2019est une vision tr\u00e8s unilat\u00e9rale des relations internationales, centr\u00e9e sur la puissance et la souverainet\u00e9 am\u00e9ricaines\u00a0\u00bb.<\/p>\n<p>Sous l\u2019\u00e9gide de relations transatlantiques fragilis\u00e9es, doit se tenir demain \u00e0 la\u00a0Haye le sommet de l\u2019Otan. C\u2019est le premier sommet de l\u2019organisation depuis la nouvelle pr\u00e9sidence de Donald Trump. Alors que l\u2019arm\u00e9e isra\u00e9lienne poursuit ses attaques en Iran, l\u2019Europe va tenter de faire entendre ses appels \u00e0 la n\u00e9gociation et \u00e0 la d\u00e9sescalade. Mais il y a fort \u00e0 parier que ses appels soient vains tant le Vieux continent n\u2019a jamais sembl\u00e9 aussi isol\u00e9.<\/p>\n","protected":false},"excerpt":{"rendered":"Comme \u00e0 son habitude, Donald Trump a fait fi des recommandations europ\u00e9ennes. Dans la nuit de samedi \u00e0&hellip;\n","protected":false},"author":2,"featured_media":198685,"comment_status":"","ping_status":"","sticky":false,"template":"","format":"standard","meta":{"footnotes":""},"categories":[1586],"tags":[11,31122,75,1073,1777,674,1779,1011,27,12,25,1778,364],"class_list":{"0":"post-198684","1":"post","2":"type-post","3":"status-publish","4":"format-standard","5":"has-post-thumbnail","7":"category-europe","8":"tag-actualites","9":"tag-conflit-israel-iran","10":"tag-donald-trump","11":"tag-emmanuel-macron","12":"tag-eu","13":"tag-europe","14":"tag-european-union","15":"tag-fr","16":"tag-france","17":"tag-news","18":"tag-republique-francaise","19":"tag-ue","20":"tag-union-europeenne"},"share_on_mastodon":{"url":"https:\/\/pubeurope.com\/@fr\/114733834879237036","error":""},"_links":{"self":[{"href":"https:\/\/www.europesays.com\/fr\/wp-json\/wp\/v2\/posts\/198684","targetHints":{"allow":["GET"]}}],"collection":[{"href":"https:\/\/www.europesays.com\/fr\/wp-json\/wp\/v2\/posts"}],"about":[{"href":"https:\/\/www.europesays.com\/fr\/wp-json\/wp\/v2\/types\/post"}],"author":[{"embeddable":true,"href":"https:\/\/www.europesays.com\/fr\/wp-json\/wp\/v2\/users\/2"}],"replies":[{"embeddable":true,"href":"https:\/\/www.europesays.com\/fr\/wp-json\/wp\/v2\/comments?post=198684"}],"version-history":[{"count":0,"href":"https:\/\/www.europesays.com\/fr\/wp-json\/wp\/v2\/posts\/198684\/revisions"}],"wp:featuredmedia":[{"embeddable":true,"href":"https:\/\/www.europesays.com\/fr\/wp-json\/wp\/v2\/media\/198685"}],"wp:attachment":[{"href":"https:\/\/www.europesays.com\/fr\/wp-json\/wp\/v2\/media?parent=198684"}],"wp:term":[{"taxonomy":"category","embeddable":true,"href":"https:\/\/www.europesays.com\/fr\/wp-json\/wp\/v2\/categories?post=198684"},{"taxonomy":"post_tag","embeddable":true,"href":"https:\/\/www.europesays.com\/fr\/wp-json\/wp\/v2\/tags?post=198684"}],"curies":[{"name":"wp","href":"https:\/\/api.w.org\/{rel}","templated":true}]}}