{"id":198690,"date":"2025-06-23T17:24:10","date_gmt":"2025-06-23T17:24:10","guid":{"rendered":"https:\/\/www.europesays.com\/fr\/198690\/"},"modified":"2025-06-23T17:24:10","modified_gmt":"2025-06-23T17:24:10","slug":"coupe-de-france-carpentras-balaye-a-troyes-en-demi-finale-retour","status":"publish","type":"post","link":"https:\/\/www.europesays.com\/fr\/198690\/","title":{"rendered":"coupe de France : Carpentras balay\u00e9 \u00e0 Troyes en demi-finale retour"},"content":{"rendered":"<p>\u00ab\u00a0On a \u00e9t\u00e9 nuls et eux ont \u00e9t\u00e9 tr\u00e8s forts\u00a0!\u00a0\u00bb.<\/p>\n<p>Il n&rsquo;y a pas besoin d&rsquo;une grande analyse. Le constat est limpide de la part de <a href=\"https:\/\/www.laprovence.com\/article\/sports\/97044113876366\/motoball-coupe-de-france-la-finale-passe-par-un-exploit-a-troyes-pour-carpentras\" target=\"_blank\" rel=\"nofollow noopener\">Jason Nuzzo<\/a> apr\u00e8s l&rsquo;\u00e9limination de Carpentras en demi-finale retour de la coupe de France samedi soir.<\/p>\n<p>Apr\u00e8s leur d\u00e9faite du <a href=\"https:\/\/www.laprovence.com\/article\/sports\/4838162330731414\/motoball-coupe-de-france-carpentras-fait-la-mauvaise-operation-face-a-troyes\" target=\"_blank\" rel=\"nofollow noopener\">match aller<\/a> sur leurs terres (1-2), la mission \u00e9tait p\u00e9rilleuse pour les Carpentrassiens face \u00e0 un des favoris. Devant une \u00e9quipe du SUMA de Troyes qui avait bien pr\u00e9par\u00e9 ce rendez-vous, les hommes de Michel Samitier ont tenu quelques minutes avant de c\u00e9der une premi\u00e8re fois en fin de premier quart-temps, puis de l\u00e2cher dans la deuxi\u00e8me et troisi\u00e8me p\u00e9riode.<\/p>\n<p>\u00ab\u00a0Je n&rsquo;ai pas d&rsquo;explications tr\u00e8s honn\u00eatement, reconna\u00eet le capitaine vauclusien. Ils ont \u00e9tudi\u00e9 notre syst\u00e8me d\u00e9fensif et ils ont r\u00e9ussi \u00e0 faire sauter le verrou gr\u00e2ce \u00e0 des actions hyper bien construites, millim\u00e9tr\u00e9es et d&rsquo;une efficacit\u00e9 redoutable. De notre c\u00f4t\u00e9, on a \u00e9t\u00e9 incapables de les contrecarrer leurs plans\u00a0\u00bb.<\/p>\n<p>\u00ab\u00a0On est tr\u00e8s tr\u00e8s loin du niveau de Troyes et de Neuville\u00a0\u00bb<\/p>\n<p>Une \u00e9limination am\u00e8re et qui a du mal \u00e0 passer pour l&rsquo;international fran\u00e7ais mais qui est le triste reflet cette saison encore pour les prot\u00e9g\u00e9s des copr\u00e9sidents Dominique Gontard et Christophe Bartolo.<\/p>\n<p>\u00ab\u00a0On est compl\u00e8tement \u00e0 notre place, avoue Jason Nuzzo. On serait presque insultant de pr\u00e9tendre \u00e0 une deuxi\u00e8me ou une premi\u00e8re place en championnat en l&rsquo;\u00e9tat actuel des choses. Mon constat est peut-\u00eatre fataliste mais \u00e0 l&rsquo;arriv\u00e9e il y a une r\u00e9alit\u00e9. On est tr\u00e8s tr\u00e8s loin du niveau propos\u00e9 par Troyes et Neuville\u00a0\u00bb.<\/p>\n<p>\u00c0 pr\u00e9sent, il ne reste plus que le championnat pour les partenaires de Corentin Mourgeon avec un Top 3 \u00e0 aller chercher pour sauver cet exercice 2025.<\/p>\n","protected":false},"excerpt":{"rendered":"\u00ab\u00a0On a \u00e9t\u00e9 nuls et eux ont \u00e9t\u00e9 tr\u00e8s forts\u00a0!\u00a0\u00bb. Il n&rsquo;y a pas besoin d&rsquo;une grande analyse.&hellip;\n","protected":false},"author":2,"featured_media":198691,"comment_status":"","ping_status":"","sticky":false,"template":"","format":"standard","meta":{"footnotes":""},"categories":[4],"tags":[17,11,33838,23542,615,11170,1011,27,31054,12,25,60,1964],"class_list":{"0":"post-198690","1":"post","2":"type-post","3":"status-publish","4":"format-standard","5":"has-post-thumbnail","7":"category-france","8":"tag-17","9":"tag-actualites","10":"tag-balaye","11":"tag-carpentras","12":"tag-coupe","13":"tag-demi-finale","14":"tag-fr","15":"tag-france","16":"tag-motoball","17":"tag-news","18":"tag-republique-francaise","19":"tag-sports","20":"tag-troyes"},"share_on_mastodon":{"url":"https:\/\/pubeurope.com\/@fr\/114733846872244006","error":""},"_links":{"self":[{"href":"https:\/\/www.europesays.com\/fr\/wp-json\/wp\/v2\/posts\/198690","targetHints":{"allow":["GET"]}}],"collection":[{"href":"https:\/\/www.europesays.com\/fr\/wp-json\/wp\/v2\/posts"}],"about":[{"href":"https:\/\/www.europesays.com\/fr\/wp-json\/wp\/v2\/types\/post"}],"author":[{"embeddable":true,"href":"https:\/\/www.europesays.com\/fr\/wp-json\/wp\/v2\/users\/2"}],"replies":[{"embeddable":true,"href":"https:\/\/www.europesays.com\/fr\/wp-json\/wp\/v2\/comments?post=198690"}],"version-history":[{"count":0,"href":"https:\/\/www.europesays.com\/fr\/wp-json\/wp\/v2\/posts\/198690\/revisions"}],"wp:featuredmedia":[{"embeddable":true,"href":"https:\/\/www.europesays.com\/fr\/wp-json\/wp\/v2\/media\/198691"}],"wp:attachment":[{"href":"https:\/\/www.europesays.com\/fr\/wp-json\/wp\/v2\/media?parent=198690"}],"wp:term":[{"taxonomy":"category","embeddable":true,"href":"https:\/\/www.europesays.com\/fr\/wp-json\/wp\/v2\/categories?post=198690"},{"taxonomy":"post_tag","embeddable":true,"href":"https:\/\/www.europesays.com\/fr\/wp-json\/wp\/v2\/tags?post=198690"}],"curies":[{"name":"wp","href":"https:\/\/api.w.org\/{rel}","templated":true}]}}