{"id":198696,"date":"2025-06-23T17:28:09","date_gmt":"2025-06-23T17:28:09","guid":{"rendered":"https:\/\/www.europesays.com\/fr\/198696\/"},"modified":"2025-06-23T17:28:09","modified_gmt":"2025-06-23T17:28:09","slug":"atp-exhibition-novak-djokovic-juste-un-match-mais-pas-plus","status":"publish","type":"post","link":"https:\/\/www.europesays.com\/fr\/198696\/","title":{"rendered":"ATP, Exhibition > Novak Djokovic, juste un match mais pas plus !"},"content":{"rendered":"<p>C\u2019est offi\u00adciel, Novak Djokovic va bien jouer avant Wimbledon. Il sera pr\u00e9sent \u00e0 l\u2019ex\u00adhi\u00adbi\u00adtion <strong><a href=\"https:\/\/www.giorgioarmanitennisclassic.com\/the-tennis\" data-wpel-link=\"external\" target=\"_blank\" rel=\"nofollow external noopener\">Giorgio Armani Tennis Classic<\/a><\/strong> o\u00f9 le plateau est all\u00e9\u00adchant avec Berrettini, Musetti, Rune, Draper, Tiafoe, Tsitsipas, Cilic, Khachanov et donc Novak Djokovic.\u00a0<\/p>\n<blockquote class=\"twitter-tweet\">\n<p lang=\"es\" dir=\"ltr\">\ud83d\udea8 Novak Djokovic volver\u00e1 a competir en la exhi\u00adbi\u00adci\u00f3n de Hurlingham<\/p>\n<p>\u2b07\ufe0f As\u00ed ser\u00e1 la prepa\u00adra\u00adci\u00f3n oficial del serbio antes de Wimbledon<a href=\"https:\/\/t.co\/v4XMtuRE5b\" data-wpel-link=\"external\" target=\"_blank\" rel=\"nofollow external noopener\">https:\/\/t.co\/v4XMtuRE5b<\/a><\/p>\n<p>\u2014 Punto de Break (@PuntoDBreak) <a href=\"https:\/\/twitter.com\/PuntoDBreak\/status\/1937165947644559630?ref_src=twsrc%5Etfw\" data-wpel-link=\"external\" target=\"_blank\" rel=\"nofollow external noopener\">June 23,\u00a02025<\/a><\/p><\/blockquote>\n<p>Le Serbe fera donc une seule rencontre avant le grand d\u00e9part, une fa\u00e7on de se tester mais surtout de prendre quelques marques car cet \u00e9v\u00e8ne\u00adment est avant \u00ab\u202ffestif\u202f\u00bb plus que tota\u00adle\u00adment \u00ab\u202fsportif\u202f\u00bb. Pour le moment on ne connait pas son adversaire.<\/p>\n<p class=\"post-published-date\" style=\"color: silver; font-size: 75%; text-align: left;\">Publi\u00e9 le lundi 23 juin 2025 \u00e0 18:17<\/p>\n<p><script async src=\"https:\/\/platform.twitter.com\/widgets.js\" charset=\"utf-8\"><\/script><\/p>\n","protected":false},"excerpt":{"rendered":"C\u2019est offi\u00adciel, Novak Djokovic va bien jouer avant Wimbledon. Il sera pr\u00e9sent \u00e0 l\u2019ex\u00adhi\u00adbi\u00adtion Giorgio Armani Tennis Classic&hellip;\n","protected":false},"author":2,"featured_media":173727,"comment_status":"","ping_status":"","sticky":false,"template":"","format":"standard","meta":{"footnotes":""},"categories":[1415],"tags":[5795,105,4388,1011,27,5442,60,1467,5443],"class_list":{"0":"post-198696","1":"post","2":"type-post","3":"status-publish","4":"format-standard","5":"has-post-thumbnail","7":"category-tennis","8":"tag-berrettini","9":"tag-djokovic","10":"tag-draper","11":"tag-fr","12":"tag-france","13":"tag-khachanov","14":"tag-sports","15":"tag-tennis","16":"tag-tsitsipas"},"share_on_mastodon":{"url":"https:\/\/pubeurope.com\/@fr\/114733866286407822","error":""},"_links":{"self":[{"href":"https:\/\/www.europesays.com\/fr\/wp-json\/wp\/v2\/posts\/198696","targetHints":{"allow":["GET"]}}],"collection":[{"href":"https:\/\/www.europesays.com\/fr\/wp-json\/wp\/v2\/posts"}],"about":[{"href":"https:\/\/www.europesays.com\/fr\/wp-json\/wp\/v2\/types\/post"}],"author":[{"embeddable":true,"href":"https:\/\/www.europesays.com\/fr\/wp-json\/wp\/v2\/users\/2"}],"replies":[{"embeddable":true,"href":"https:\/\/www.europesays.com\/fr\/wp-json\/wp\/v2\/comments?post=198696"}],"version-history":[{"count":0,"href":"https:\/\/www.europesays.com\/fr\/wp-json\/wp\/v2\/posts\/198696\/revisions"}],"wp:featuredmedia":[{"embeddable":true,"href":"https:\/\/www.europesays.com\/fr\/wp-json\/wp\/v2\/media\/173727"}],"wp:attachment":[{"href":"https:\/\/www.europesays.com\/fr\/wp-json\/wp\/v2\/media?parent=198696"}],"wp:term":[{"taxonomy":"category","embeddable":true,"href":"https:\/\/www.europesays.com\/fr\/wp-json\/wp\/v2\/categories?post=198696"},{"taxonomy":"post_tag","embeddable":true,"href":"https:\/\/www.europesays.com\/fr\/wp-json\/wp\/v2\/tags?post=198696"}],"curies":[{"name":"wp","href":"https:\/\/api.w.org\/{rel}","templated":true}]}}