{"id":19870,"date":"2025-04-12T13:35:14","date_gmt":"2025-04-12T13:35:14","guid":{"rendered":"https:\/\/www.europesays.com\/fr\/19870\/"},"modified":"2025-04-12T13:35:14","modified_gmt":"2025-04-12T13:35:14","slug":"le-parking-des-terreaux-va-fermer-4-mois-pour-travaux-panique-chez-les-abonnes","status":"publish","type":"post","link":"https:\/\/www.europesays.com\/fr\/19870\/","title":{"rendered":"le parking des Terreaux va fermer 4 mois pour travaux, panique chez les abonn\u00e9s"},"content":{"rendered":"<p>\u00c0 la lecture de ce courrier sign\u00e9 LPA Mobilit\u00e9s, en date du 1er\u00a0avril, Bruno(1), automobiliste lyonnais, a d\u2019abord cru \u00e0 une mauvaise blague. \u00ab\u00a0J\u2019ai esp\u00e9r\u00e9, puis j\u2019ai reconnu mon num\u00e9ro client [\u2026] C\u2019\u00e9tait un peu la panique.\u00a0\u00bb<\/p>\n<p>Dans cette lettre, l\u2019op\u00e9rateur de stationnement lui annonce la r\u00e9novation imminente du parc des Terreaux (Lyon 1er), un parking souterrain de quelque 935 places, auquel il est abonn\u00e9. \u00ab\u00a0D\u00e9but du chantier le 15\u00a0avril\u00a0\u00bb, peut-on lire.<\/p>\n<p><strong>&amp;&#8230;<\/strong><\/p>\n","protected":false},"excerpt":{"rendered":"\u00c0 la lecture de ce courrier sign\u00e9 LPA Mobilit\u00e9s, en date du 1er\u00a0avril, Bruno(1), automobiliste lyonnais, a d\u2019abord&hellip;\n","protected":false},"author":2,"featured_media":19871,"comment_status":"","ping_status":"","sticky":false,"template":"","format":"standard","meta":{"footnotes":""},"categories":[1889],"tags":[1111,11,2430,3542,2757,1777,674,1011,27,2428,2756,12,25,2429,3151,2803],"class_list":{"0":"post-19870","1":"post","2":"type-post","3":"status-publish","4":"format-standard","5":"has-post-thumbnail","7":"category-lyon","8":"tag-actu","9":"tag-actualites","10":"tag-auvergne-rhone-alpes","11":"tag-circulation","12":"tag-edition-lyon-villeurbanne","13":"tag-eu","14":"tag-europe","15":"tag-fr","16":"tag-france","17":"tag-lyon","18":"tag-lyon-bassin","19":"tag-news","20":"tag-republique-francaise","21":"tag-rhone","22":"tag-selection-de-la-redaction-69","23":"tag-transport"},"share_on_mastodon":{"url":"https:\/\/pubeurope.com\/@fr\/114325259853943594","error":""},"_links":{"self":[{"href":"https:\/\/www.europesays.com\/fr\/wp-json\/wp\/v2\/posts\/19870","targetHints":{"allow":["GET"]}}],"collection":[{"href":"https:\/\/www.europesays.com\/fr\/wp-json\/wp\/v2\/posts"}],"about":[{"href":"https:\/\/www.europesays.com\/fr\/wp-json\/wp\/v2\/types\/post"}],"author":[{"embeddable":true,"href":"https:\/\/www.europesays.com\/fr\/wp-json\/wp\/v2\/users\/2"}],"replies":[{"embeddable":true,"href":"https:\/\/www.europesays.com\/fr\/wp-json\/wp\/v2\/comments?post=19870"}],"version-history":[{"count":0,"href":"https:\/\/www.europesays.com\/fr\/wp-json\/wp\/v2\/posts\/19870\/revisions"}],"wp:featuredmedia":[{"embeddable":true,"href":"https:\/\/www.europesays.com\/fr\/wp-json\/wp\/v2\/media\/19871"}],"wp:attachment":[{"href":"https:\/\/www.europesays.com\/fr\/wp-json\/wp\/v2\/media?parent=19870"}],"wp:term":[{"taxonomy":"category","embeddable":true,"href":"https:\/\/www.europesays.com\/fr\/wp-json\/wp\/v2\/categories?post=19870"},{"taxonomy":"post_tag","embeddable":true,"href":"https:\/\/www.europesays.com\/fr\/wp-json\/wp\/v2\/tags?post=19870"}],"curies":[{"name":"wp","href":"https:\/\/api.w.org\/{rel}","templated":true}]}}