{"id":198707,"date":"2025-06-23T17:34:10","date_gmt":"2025-06-23T17:34:10","guid":{"rendered":"https:\/\/www.europesays.com\/fr\/198707\/"},"modified":"2025-06-23T17:34:10","modified_gmt":"2025-06-23T17:34:10","slug":"adrien-bernaert-revele-les-raisons-de-son-depart-de-koh-lanta","status":"publish","type":"post","link":"https:\/\/www.europesays.com\/fr\/198707\/","title":{"rendered":"Adrien Bernaert r\u00e9v\u00e8le les raisons de son d\u00e9part de \u00abKoh-Lanta\u00bb"},"content":{"rendered":"<p><strong>ENTRETIEN &#8211;<\/strong> V\u00e9ritable ph\u00e9nom\u00e8ne de la saison du jeu d\u2019aventures tourn\u00e9e aux Philippines l\u2019automne dernier, l\u2019Aixois de 24 ans nous raconte les coulisses de sa participation et nous parle de ses projets personnels.<\/p>\n<p class=\"fig-paragraph\">Pour les dizaines de milliers d\u2019internautes qui suivent ses aventures sur les r\u00e9seaux sociaux,\u00a0<a href=\"http:\/\/tvmag.lefigaro.fr\/programme-tv\/tele-realite\/qui-est-adrien-bernaert-le-phenomene-de-koh-lanta-la-revanche-des-4-terres-20250422\" target=\"_blank\" data-fig-type=\"Article\" rel=\"noopener\" data-gtm-custom-categorie=\"navigation\" data-gtm-custom-action=\"crossclick\" data-gtm-custom-label=\"Contextuel\" data-gtm-event=\"customEventSPE\" data-fig-domain=\"TVMAG\"><strong>Adrien Bernaert<\/strong><\/a> \u00a0est \u00ab Beber en gal\u00e8re\u00a0\u00bb, un aventurier au grand c\u0153ur \u00e0 la bonne humeur contagieuse. \u00ab Je suis acteur, com\u00e9dien et humoriste\u00a0\u00bb, se pr\u00e9sente-t-il avec son ins\u00e9parable ukul\u00e9l\u00e9 aux gens qu\u2019il rencontre. Dipl\u00f4m\u00e9 de l\u2019\u00c9cole Nationale Sup\u00e9rieure des Arts et M\u00e9tiers de Lille, le natif de Suresnes a grandi \u00e0 l\u2019\u00eele Maurice jusqu\u2019\u00e0 l\u2019\u00e2ge de 8 ans avant de s\u2019installer \u00e0 Aix-en-Provence.<\/p>\n<p class=\"fig-paragraph\">Apr\u00e8s un p\u00e9riple en solitaire \u00e0 v\u00e9lo en Australie, Adrien a remis cela, il y a un an en France, pour la bonne cause. C\u2019est en plein milieu de son projet qu\u2019il a appris qu\u2019il \u00e9tait retenu pour rejoindre les 23 autres aventuriers de\u00a0<a href=\"https:\/\/tvmag.lefigaro.fr\/programme-tv\/programme\/koh-lanta-f1566735488\" target=\"_blank\" rel=\"noopener\" data-gtm-custom-categorie=\"navigation\" data-gtm-custom-action=\"crossclick\" data-gtm-custom-label=\"Contextuel\" data-gtm-event=\"customEventSPE\"><strong>\u00ab Koh-Lanta, la revanche des 4 terres\u00a0\u00bb<\/strong><\/a> . Aux Philippines, son \u00e9nergie d\u00e9bordante n\u2019a laiss\u00e9 personne indiff\u00e9rent. \u00c9limin\u00e9 au terme du premier conseil de la tribu r\u00e9unifi\u00e9e, Adrien avait l\u2019occasion de revenir\u00a0<a href=\"http:\/\/tvmag.lefigaro.fr\/programme-tv\/tele-realite\/une-douleur-fulgurante-frederic-de-koh-lanta-rapatrie-en-urgence-en-france-apres-sa-blessure-20250430\" target=\"_blank\" data-fig-type=\"Article\" rel=\"noopener\" data-gtm-custom-categorie=\"navigation\" data-gtm-custom-action=\"crossclick\" data-gtm-custom-label=\"Contextuel\" data-gtm-event=\"customEventSPE\" data-fig-domain=\"TVMAG\">apr\u00e8s l\u2019abandon m\u00e9dical de Fr\u00e9d\u00e9ric<\/a>. Mais la production en a d\u00e9cid\u00e9 autrement. Il nous en explique les raisons.<\/p>\n<p class=\"fig-body-link\">\n            \u00c0 lire aussi<br \/>\n        <a class=\"fig-body-link__link\" href=\"http:\/\/tvmag.lefigaro.fr\/programme-tv\/tele-realite\/koh-lanta-decouvrez-votre-casting-ideal-pour-une-prochaine-edition-all-stars-20250520\" target=\"_blank\" data-fig-type=\"Article\" rel=\"noopener\" data-gtm-custom-categorie=\"navigation\" data-gtm-custom-action=\"crossclick\" data-gtm-custom-label=\"Contextuel\" data-gtm-event=\"customEventSPE\" data-fig-domain=\"TVMAG\">\u00abKoh-Lanta\u00bb\u00a0: d\u00e9couvrez votre casting id\u00e9al pour une prochaine \u00e9dition all stars<br \/>\n    <\/a>\n<\/p>\n<p class=\"fig-paragraph\"><strong>LE FIGARO. \u2013 Racontez-nous le jour o\u00f9 la production de \u00ab Koh-Lanta\u00a0\u00bb vous a appel\u00e9 pour vous annoncer que vous \u00e9tiez retenu au casting\u2026\u00a0<\/strong><br \/><strong>Adrien BERNAERT. \u2013 <\/strong>J\u2019\u00e9tais en train de faire mon tour de France de l\u2019ap\u00e9ro\u2026<\/p>\n<p class=\"fig-premium-paywall__infos\">\n        Cet article est r\u00e9serv\u00e9 aux abonn\u00e9s.        Il vous reste 89% \u00e0 d\u00e9couvrir.\n    <\/p>\n<p>                <img  data- alt=\"Le Figaro\" class=\"fig-img--complete fig-img\"\/><\/p>\n<p class=\"fig-premium-paywall__title\">Vente Flash<\/p>\n<p class=\"fig-premium-paywall__subtitle\">3,99\u20ac par mois pendant 12 mois. Sans engagement.<\/p>\n<p class=\"fig-premium-paywall__connect\">\n                D\u00e9j\u00e0 abonn\u00e9\u00a0?                <a class=\"fig-premium-paywall__connect-link\" href=\"https:\/\/connect.lefigaro.fr\/login?client=tvmag_web&amp;type=main&amp;redirect_uri=https%3A%2F%2Ftvmag.lefigaro.fr%2Fprogramme-tv%2Ftele-realite%2Fj-etais-dans-l-incomprehension-la-colere-et-la-tristesse-adrien-bernaert-revele-les-raisons-de-son-depart-de-koh-lanta-20250623\" data-js-gtm=\"{&quot;customCategorie&quot;: &quot;conversion&quot;, &quot;customAction&quot;: &quot;before_Landing_Connexion_paywall_manuel&quot;, &quot;customLabel&quot;: &quot;dHZtYWcubGVmaWdhcm8uZnJfXzFmMDRkMGJiLWIzNmMtNmJkZS1iYzM0LTE5OTI4NDE0ZmU5OV9fQXJ0aWNsZQ==_\u00abJ\u2019\u00e9tais dans l\u2019incompr\u00e9hension, la col\u00e8re et la tristesse\u00bb\u00a0: Adrien Bernaert r\u00e9v\u00e8le les raisons de son d\u00e9part de \u00abKoh-Lanta\u00bb_214&quot;, &quot;customIDSPE&quot;: &quot;dHZtYWcubGVmaWdhcm8uZnJfXzFmMDRkMGJiLWIzNmMtNmJkZS1iYzM0LTE5OTI4NDE0ZmU5OV9fQXJ0aWNsZQ==&quot;, &quot;event&quot;: &quot;customEventSPE&quot;}\" target=\"_blank\" rel=\"noopener\"><br \/>\n                    Connectez-vous<br \/>\n                <\/a>\n            <\/p>\n","protected":false},"excerpt":{"rendered":"ENTRETIEN &#8211; V\u00e9ritable ph\u00e9nom\u00e8ne de la saison du jeu d\u2019aventures tourn\u00e9e aux Philippines l\u2019automne dernier, l\u2019Aixois de 24&hellip;\n","protected":false},"author":2,"featured_media":198708,"comment_status":"","ping_status":"","sticky":false,"template":"","format":"standard","meta":{"footnotes":""},"categories":[1359],"tags":[685,687,689,681,58,683,59,1011,27,680,688,973,684,686,682],"class_list":{"0":"post-198707","1":"post","2":"type-post","3":"status-publish","4":"format-standard","5":"has-post-thumbnail","7":"category-people","8":"tag-actu-tele-realite","9":"tag-actu-telerealite","10":"tag-candidat-tele-realite","11":"tag-denis-brogniart","12":"tag-divertissement","13":"tag-emission-tele-realite","14":"tag-entertainment","15":"tag-fr","16":"tag-france","17":"tag-koh-lanta","18":"tag-news-tele-realite","19":"tag-people","20":"tag-programme-tele-realite","21":"tag-scoop-telerealite","22":"tag-tele-realite"},"share_on_mastodon":{"url":"https:\/\/pubeurope.com\/@fr\/114733886000033274","error":""},"_links":{"self":[{"href":"https:\/\/www.europesays.com\/fr\/wp-json\/wp\/v2\/posts\/198707","targetHints":{"allow":["GET"]}}],"collection":[{"href":"https:\/\/www.europesays.com\/fr\/wp-json\/wp\/v2\/posts"}],"about":[{"href":"https:\/\/www.europesays.com\/fr\/wp-json\/wp\/v2\/types\/post"}],"author":[{"embeddable":true,"href":"https:\/\/www.europesays.com\/fr\/wp-json\/wp\/v2\/users\/2"}],"replies":[{"embeddable":true,"href":"https:\/\/www.europesays.com\/fr\/wp-json\/wp\/v2\/comments?post=198707"}],"version-history":[{"count":0,"href":"https:\/\/www.europesays.com\/fr\/wp-json\/wp\/v2\/posts\/198707\/revisions"}],"wp:featuredmedia":[{"embeddable":true,"href":"https:\/\/www.europesays.com\/fr\/wp-json\/wp\/v2\/media\/198708"}],"wp:attachment":[{"href":"https:\/\/www.europesays.com\/fr\/wp-json\/wp\/v2\/media?parent=198707"}],"wp:term":[{"taxonomy":"category","embeddable":true,"href":"https:\/\/www.europesays.com\/fr\/wp-json\/wp\/v2\/categories?post=198707"},{"taxonomy":"post_tag","embeddable":true,"href":"https:\/\/www.europesays.com\/fr\/wp-json\/wp\/v2\/tags?post=198707"}],"curies":[{"name":"wp","href":"https:\/\/api.w.org\/{rel}","templated":true}]}}