{"id":198709,"date":"2025-06-23T17:35:11","date_gmt":"2025-06-23T17:35:11","guid":{"rendered":"https:\/\/www.europesays.com\/fr\/198709\/"},"modified":"2025-06-23T17:35:11","modified_gmt":"2025-06-23T17:35:11","slug":"lhorizon-sans-fin-de-la-renaissance-a-nos-jours","status":"publish","type":"post","link":"https:\/\/www.europesays.com\/fr\/198709\/","title":{"rendered":"L&rsquo;Horizon sans fin. De la Renaissance \u00e0 nos jours"},"content":{"rendered":"<p>Se prendre un mur peut \u00eatre une exp\u00e9rience artistique percutante que le Mus\u00e9e des Beaux-Arts de Caen avait propos\u00e9e \u00e0 ses visiteurs en 2018\u00a0[<a href=\"#nb1\" class=\"spip_note\" rel=\"appendix\" title=\"Exposition \u00ab Murs \u00bb.\" id=\"nh1\">1<\/a>]. Cette ann\u00e9e, au contraire, il invite le public \u00e0 contempler  \u00ab\u00a0L\u2019Horizon sans fin\u00a0\u00bb.  Le sujet est s\u00e9duisant, mais il peut de prime abord sembler d\u2019une banalit\u00e9 consternante, beaucoup trop vaste en tout cas  pour \u00eatre s\u00e9rieusement trait\u00e9, et l\u2019on pouvait craindre une exposition comparable \u00e0 \u00ab\u00a0L\u2019Amour\u00a0\u00bb au Louvre Lens (voir <a href=\"https:\/\/www.latribunedelart.com\/amour-7574\" class=\"spip_in\" rel=\"nofollow noopener\" target=\"_blank\">l\u2019article<\/a>). Que nenni. L\u2019une des commissaires, C\u00e9line Fl\u00e9cheux, lui a consacr\u00e9 sa th\u00e8se &#8211;  \u00ab\u00a0Horizon et repr\u00e9sentation\u00a0\u00bb &#8211; et prouve ici qu\u2019il s\u2019agit bel et bien d\u2019un d\u00e9fi pictural et photographique qui peut \u00eatre \u00e9tudi\u00e9 avec le plus grand s\u00e9rieux. Situ\u00e9 entre le visible et l\u2019invisible, associ\u00e9 aussi bien \u00e0 la notion de largeur que de profondeur, synonyme \u00e0 la fois de limite et d\u2019infini, l\u2019horizon se d\u00e9fini par la contradiction. Et puisqu\u2019il recule quand on avance, il est une fronti\u00e8re que l\u2019on ne peut jamais franchir, une borne que l\u2019on transporte en soi. Il a en cela une dimension existentielle\u00a0: il appartient au sujet qui le voit. \u00c9tymologiquement,  il signifie \u00ab\u00a0je limite\u00a0\u00bb.<\/p>\n<dl class=\"spip_document_75358 spip_documents spip_documents_center\" itemprop=\"image\" itemscope=\"\" itemtype=\"http:\/\/schema.org\/ImageObject\">\n<dt>\n\t\t<a href=\"https:\/\/www.latribunedelart.com\/IMG\/jpg\/perugin_vierge-2.jpg?75358\/2f07131e1dbff0c80b725467f84f890e65218acb2addc39d6929332f0c7879f0\" title=\"\" type=\"image\/jpeg\" rel=\"nofollow noopener\" target=\"_blank\"><br \/>\n\t\t\t<img loading=\"lazy\" decoding=\"async\" src=\"https:\/\/www.europesays.com\/fr\/wp-content\/uploads\/2025\/06\/perugin_vierge-2-86692.jpg\" width=\"377\" height=\"500\" alt=\"\" itemprop=\"contentUrl\"\/><br \/>\n\t\t<\/a>\n\t<\/dt>\n<dd class=\"crayon document-descriptif-75358 spip_doc_descriptif\" style=\"width:350px;\" itemprop=\"description\">1. Pietro di Cristoforo Vannucci, dit le P\u00e9rugin (vers 1448-1523)<br class=\"autobr\"\/><br \/>\nLe Mariage de la Vierge<br class=\"autobr\"\/><br \/>\nHuile sur panneau &#8211; 236 x 186 cm<br class=\"autobr\"\/><br \/>\nCaen, Mus\u00e9e des Beaux-Arts<br class=\"autobr\"\/><br \/>\nPhoto\u00a0: Wikipedia (domaine public)\n<\/dd>\n<dd class=\"spip_doc_lien-galerie\">\n\t\t<a href=\"https:\/\/www.latribunedelart.com\/spip.php?page=docbig&amp;id_document=75358&amp;id_article=12684\" rel=\"nofollow noopener\" target=\"_blank\">Voir l\u00b4image dans sa page<\/a>\n\t<\/dd>\n<\/dl>\n<p>On d\u00e9couvre donc, au fil des salles du mus\u00e9e et des pages du catalogue, qu\u2019il est un sujet artistique beaucoup plus pointu qu\u2019il n\u2019y para\u00eet, bien que \u00ab\u00a0pointu\u00a0\u00bb ne soit pas l\u2019adjectif le mieux adapt\u00e9. Peut-\u00eatre m\u00eame son exigence le rend-il un peu r\u00e9barbatif. Loin de la simple jouissance de paysages peints par les plus grands artistes, les commissaires semblent avoir privil\u00e9gi\u00e9 l\u2019analyse d\u2019une notion, plut\u00f4t que le choix de chefs-d\u2019\u0153uvre. Sans doute la formation et la profession de C\u00e9line Fl\u00e9cheux, agr\u00e9g\u00e9e de philosophie, professeur en esth\u00e9tique, histoire et th\u00e9orie de l\u2019art contemporain,\u2026<\/p>\n","protected":false},"excerpt":{"rendered":"Se prendre un mur peut \u00eatre une exp\u00e9rience artistique percutante que le Mus\u00e9e des Beaux-Arts de Caen avait&hellip;\n","protected":false},"author":2,"featured_media":198710,"comment_status":"","ping_status":"","sticky":false,"template":"","format":"standard","meta":{"footnotes":""},"categories":[1358],"tags":[1348,1384,1385,1386,58,59,1011,27],"class_list":{"0":"post-198709","1":"post","2":"type-post","3":"status-publish","4":"format-standard","5":"has-post-thumbnail","7":"category-arts-et-design","8":"tag-arts","9":"tag-arts-and-design","10":"tag-arts-et-design","11":"tag-design","12":"tag-divertissement","13":"tag-entertainment","14":"tag-fr","15":"tag-france"},"share_on_mastodon":{"url":"https:\/\/pubeurope.com\/@fr\/114733889886545531","error":""},"_links":{"self":[{"href":"https:\/\/www.europesays.com\/fr\/wp-json\/wp\/v2\/posts\/198709","targetHints":{"allow":["GET"]}}],"collection":[{"href":"https:\/\/www.europesays.com\/fr\/wp-json\/wp\/v2\/posts"}],"about":[{"href":"https:\/\/www.europesays.com\/fr\/wp-json\/wp\/v2\/types\/post"}],"author":[{"embeddable":true,"href":"https:\/\/www.europesays.com\/fr\/wp-json\/wp\/v2\/users\/2"}],"replies":[{"embeddable":true,"href":"https:\/\/www.europesays.com\/fr\/wp-json\/wp\/v2\/comments?post=198709"}],"version-history":[{"count":0,"href":"https:\/\/www.europesays.com\/fr\/wp-json\/wp\/v2\/posts\/198709\/revisions"}],"wp:featuredmedia":[{"embeddable":true,"href":"https:\/\/www.europesays.com\/fr\/wp-json\/wp\/v2\/media\/198710"}],"wp:attachment":[{"href":"https:\/\/www.europesays.com\/fr\/wp-json\/wp\/v2\/media?parent=198709"}],"wp:term":[{"taxonomy":"category","embeddable":true,"href":"https:\/\/www.europesays.com\/fr\/wp-json\/wp\/v2\/categories?post=198709"},{"taxonomy":"post_tag","embeddable":true,"href":"https:\/\/www.europesays.com\/fr\/wp-json\/wp\/v2\/tags?post=198709"}],"curies":[{"name":"wp","href":"https:\/\/api.w.org\/{rel}","templated":true}]}}