{"id":198711,"date":"2025-06-23T17:36:21","date_gmt":"2025-06-23T17:36:21","guid":{"rendered":"https:\/\/www.europesays.com\/fr\/198711\/"},"modified":"2025-06-23T17:36:21","modified_gmt":"2025-06-23T17:36:21","slug":"puzieux-une-cabane-a-livres-installee-sur-la-place-de-la-fontaine","status":"publish","type":"post","link":"https:\/\/www.europesays.com\/fr\/198711\/","title":{"rendered":"Puzieux. Une cabane \u00e0 livres install\u00e9e sur la place de la fontaine"},"content":{"rendered":"<p>La commune de Puzieux a souhait\u00e9 installer, sur la place de la fontaine, une cabane \u00e0 livres. Pour ce faire, elle a achet\u00e9 tout le mat\u00e9riel n\u00e9cessaire et Eric Frambourt, conseiller municipal a r\u00e9alis\u00e9, sur son temps libre, cette petite biblioth\u00e8que de rue. Chaque habitant, enfant comme adulte, pourra ainsi y d\u00e9poser ou y emprunter librement le livre de son choix.<\/p>\n","protected":false},"excerpt":{"rendered":"La commune de Puzieux a souhait\u00e9 installer, sur la place de la fontaine, une cabane \u00e0 livres. Pour&hellip;\n","protected":false},"author":2,"featured_media":198712,"comment_status":"","ping_status":"","sticky":false,"template":"","format":"standard","meta":{"footnotes":""},"categories":[1357],"tags":[1379,33840,1687,58,5327,59,1011,27,1380,33839],"class_list":{"0":"post-198711","1":"post","2":"type-post","3":"status-publish","4":"format-standard","5":"has-post-thumbnail","7":"category-livres","8":"tag-books","9":"tag-cc-du-saulnois-57c","10":"tag-culture-loisirs","11":"tag-divertissement","12":"tag-edition-sarrebourg-chateau-salins","13":"tag-entertainment","14":"tag-fr","15":"tag-france","16":"tag-livres","17":"tag-puzieux"},"share_on_mastodon":{"url":"https:\/\/pubeurope.com\/@fr\/114733893815777525","error":""},"_links":{"self":[{"href":"https:\/\/www.europesays.com\/fr\/wp-json\/wp\/v2\/posts\/198711","targetHints":{"allow":["GET"]}}],"collection":[{"href":"https:\/\/www.europesays.com\/fr\/wp-json\/wp\/v2\/posts"}],"about":[{"href":"https:\/\/www.europesays.com\/fr\/wp-json\/wp\/v2\/types\/post"}],"author":[{"embeddable":true,"href":"https:\/\/www.europesays.com\/fr\/wp-json\/wp\/v2\/users\/2"}],"replies":[{"embeddable":true,"href":"https:\/\/www.europesays.com\/fr\/wp-json\/wp\/v2\/comments?post=198711"}],"version-history":[{"count":0,"href":"https:\/\/www.europesays.com\/fr\/wp-json\/wp\/v2\/posts\/198711\/revisions"}],"wp:featuredmedia":[{"embeddable":true,"href":"https:\/\/www.europesays.com\/fr\/wp-json\/wp\/v2\/media\/198712"}],"wp:attachment":[{"href":"https:\/\/www.europesays.com\/fr\/wp-json\/wp\/v2\/media?parent=198711"}],"wp:term":[{"taxonomy":"category","embeddable":true,"href":"https:\/\/www.europesays.com\/fr\/wp-json\/wp\/v2\/categories?post=198711"},{"taxonomy":"post_tag","embeddable":true,"href":"https:\/\/www.europesays.com\/fr\/wp-json\/wp\/v2\/tags?post=198711"}],"curies":[{"name":"wp","href":"https:\/\/api.w.org\/{rel}","templated":true}]}}