{"id":198713,"date":"2025-06-23T17:37:09","date_gmt":"2025-06-23T17:37:09","guid":{"rendered":"https:\/\/www.europesays.com\/fr\/198713\/"},"modified":"2025-06-23T17:37:09","modified_gmt":"2025-06-23T17:37:09","slug":"qui-veut-epouser-mon-fils-va-renaitre-tout-savoir-sur-le-retour-de-lemission-de-dating-avec-a-sa-tete-une-miss-france","status":"publish","type":"post","link":"https:\/\/www.europesays.com\/fr\/198713\/","title":{"rendered":"\u00ab\u00a0Qui veut \u00e9pouser mon fils\u00a0\u00bb va rena\u00eetre : tout savoir sur le retour de l\u2019\u00e9mission de dating avec \u00e0 sa t\u00eate, une Miss France"},"content":{"rendered":"<p>Depuis 2015, nombre de t\u00e9l\u00e9spectateurs attendent <strong>le retour de l\u2019\u00e9mission culte<\/strong> <strong>\u00ab\u00a0Qui veut \u00e9pouser mon fils ?\u00a0\u00bb<\/strong>. Dans ce programme, 5 gar\u00e7ons c\u00e9libataires, vivant encore chez leur maman, tentaient de trouver l\u2019\u00e2me soeur.\u00a0<\/p>\n<p>Au cours des \u00e9pisodes, leurs m\u00e8res mettaient leur grain de sel et faisaient parfois tomber les dates \u00e0 l\u2019eau. \u00c0 la fin, les gar\u00e7ons devaient choisir entre leur m\u00e8re ou l\u2019\u00e9lue de leur coeur. Dans ce programme, nombre d\u2019actuels candidats de t\u00e9l\u00e9-r\u00e9alit\u00e9 et influenceurs ont \u00e9merg\u00e9.<\/p>\n<p>M6 fait le point sur les programmes \u00e0 venir pour la rentr\u00e9e<\/p>\n<p>En effet, nous avons par exemple pu faire la d\u00e9couverte <a href=\"https:\/\/vsd.fr\/27098-giuseppe-qui-veut-epouser-mon-fils-ce-qu-on-lui-reproche-vraiment-video\/\" target=\"_blank\" rel=\"noopener\">de Giuseppe<\/a>, qui a par la suite \u00ab\u00a0ouvert son restaurant\u00a0\u00bb gr\u00e2ce \u00e0 <strong>\u00ab\u00a0Giuseppe Ristorante\u00a0\u00bb <\/strong>diffus\u00e9 sur NRJ12. Mais aussi Jazz Correia, ou encore Maddy Burciaga, qui coule aujourd\u2019hui des jours heureux dans les bras de Benjamin Samat.<\/p>\n<p>Un programme suivi par des millions de t\u00e9l\u00e9spectateurs et pr\u00e9sent\u00e9 par Elsa Fayer, qui s\u2019appr\u00eate \u00e0 faire son retour. Ce lundi 23 juin 2025, le groupe M6 a organis\u00e9 une conf\u00e9rence de presse afin de communiquer sur les programmes \u00e0 venir pour la rentr\u00e9e prochaine.<\/p>\n<p>L\u2019occasion de faire le point sur les \u00e9missions qu\u2019Olivier Minne pr\u00e9sentera apr\u00e8s son d\u00e9part de France T\u00e9l\u00e9visions, l\u2019horaire auquel sera diffus\u00e9e la nouvelle quotidienne de <a href=\"https:\/\/www.public.fr\/tag\/cyril-hanouna\" target=\"_blank\" rel=\"noopener\">Cyril Hanouna<\/a>, <strong>\u00ab\u00a0Tout beau tout n9uf\u00a0\u00bb<\/strong>, ou encore le retour officialis\u00e9 de <strong>\u00ab\u00a0Qui veut \u00e9pouser mon fils ?\u00a0\u00bb<\/strong>.\u00a0<\/p>\n<p>Delphine Wespiser \u00e0 la t\u00eate de la nouvelle version de \u00ab\u00a0Qui veut \u00e9pouser mon fils ?\u00a0\u00bb<\/p>\n<p>En effet, en plus de faire le point sur les programmes \u00e0 venir sur M6 et W9, le groupe a \u00e9galement r\u00e9v\u00e9l\u00e9 que du contenu allait faire son apparition sur la plateforme M6+. <\/p>\n<p><strong>\u00ab\u00a0Une s\u00e9rie de productions originales int\u00e9greront la plateforme : \u00ab Toute la v\u00e9rit\u00e9 avec Giuseppa \u00bb, \u00ab Clarisse, dans l\u2019ombre des stars \u00bb, \u00ab Qui veut \u00e9pouser mon fils ? \u00bb. Ainsi qu\u2019une nouvelle saison de \u00ab C\u2019est la famille \u00bb\u00a0\u00bb,<\/strong> a indiqu\u00e9 le groupe dans un tweet ce lundi 23 juin 2025.\u00a0<\/p>\n<p>De fait, il faut comprendre que l\u2019\u00e9mission diffus\u00e9e sur TF1 il y a 10 ans, le sera uniquement sur la plateforme. De plus, notre confr\u00e8re Cl\u00e9ment Garin indique qu\u2019Elsa Fayer devrait se faire remplacer par l\u2019ancienne Miss France et ex-chroniqueuse de Cyril Hanouna : <a href=\"https:\/\/www.public.fr\/tag\/delphine-wespiser\" target=\"_blank\" rel=\"noopener\">Delphine Wespiser<\/a>. Apr\u00e8s <strong>Love Island<\/strong> et <strong>L\u2019\u00cele de la tentation<\/strong>, <strong>l\u2019ex-reine de beaut\u00e9 devrait donc enchainer avec un nouveau programme.<\/strong><\/p>\n<blockquote class=\"twitter-tweet\">\n<p>M6 + ORIGINAL<br \/>Une s\u00e9rie de productions originales int\u00e9greront la plateforme :<br \/>\u25b6\ufe0f \u00ab Toute la v\u00e9rit\u00e9 avec Giuseppa \u00bb<br \/>\u25b6\ufe0f \u00ab Clarisse, dans l\u2019ombre des stars \u00bb<br \/>\u25b6\ufe0f \u00ab Qui veut \u00e9pouser mon fils ? \u00bb<br \/>Ainsi qu\u2019une nouvelle saison de \u00ab C\u2019est la famille \u00bb<a href=\"https:\/\/twitter.com\/hashtag\/ConfGroupeM6?src=hash&amp;ref_src=twsrc%5Etfw\" target=\"_blank\" rel=\"noopener\">#ConfGroupeM6<\/a> <a href=\"https:\/\/t.co\/mHKyeWyGYk\">pic.twitter.com\/mHKyeWyGYk<\/a><\/p>\n<p>\u2014 M6+ (@M6plusofficiel) <a href=\"https:\/\/twitter.com\/M6plusofficiel\/status\/1937147636038906335?ref_src=twsrc%5Etfw\" target=\"_blank\" rel=\"noopener\">June 23, 2025<\/a><\/p><\/blockquote>\n<p>      Mentionn\u00e9s dans cet article<\/p>\n<p>\u00c0 lire aussi<\/p>\n<p><script async src=\"https:\/\/platform.twitter.com\/widgets.js\" charset=\"utf-8\"><\/script><\/p>\n","protected":false},"excerpt":{"rendered":"Depuis 2015, nombre de t\u00e9l\u00e9spectateurs attendent le retour de l\u2019\u00e9mission culte \u00ab\u00a0Qui veut \u00e9pouser mon fils ?\u00a0\u00bb. Dans&hellip;\n","protected":false},"author":2,"featured_media":198714,"comment_status":"","ping_status":"","sticky":false,"template":"","format":"standard","meta":{"footnotes":""},"categories":[1356],"tags":[33841,58,59,1011,27,11256,494,33842,252,1364],"class_list":{"0":"post-198713","1":"post","2":"type-post","3":"status-publish","4":"format-standard","5":"has-post-thumbnail","7":"category-television","8":"tag-delphine-wespiser","9":"tag-divertissement","10":"tag-entertainment","11":"tag-fr","12":"tag-france","13":"tag-jazz-correia","14":"tag-m6","15":"tag-qui-veut-epouser-mon-fils","16":"tag-television","17":"tag-tv"},"share_on_mastodon":{"url":"https:\/\/pubeurope.com\/@fr\/114733897725563499","error":""},"_links":{"self":[{"href":"https:\/\/www.europesays.com\/fr\/wp-json\/wp\/v2\/posts\/198713","targetHints":{"allow":["GET"]}}],"collection":[{"href":"https:\/\/www.europesays.com\/fr\/wp-json\/wp\/v2\/posts"}],"about":[{"href":"https:\/\/www.europesays.com\/fr\/wp-json\/wp\/v2\/types\/post"}],"author":[{"embeddable":true,"href":"https:\/\/www.europesays.com\/fr\/wp-json\/wp\/v2\/users\/2"}],"replies":[{"embeddable":true,"href":"https:\/\/www.europesays.com\/fr\/wp-json\/wp\/v2\/comments?post=198713"}],"version-history":[{"count":0,"href":"https:\/\/www.europesays.com\/fr\/wp-json\/wp\/v2\/posts\/198713\/revisions"}],"wp:featuredmedia":[{"embeddable":true,"href":"https:\/\/www.europesays.com\/fr\/wp-json\/wp\/v2\/media\/198714"}],"wp:attachment":[{"href":"https:\/\/www.europesays.com\/fr\/wp-json\/wp\/v2\/media?parent=198713"}],"wp:term":[{"taxonomy":"category","embeddable":true,"href":"https:\/\/www.europesays.com\/fr\/wp-json\/wp\/v2\/categories?post=198713"},{"taxonomy":"post_tag","embeddable":true,"href":"https:\/\/www.europesays.com\/fr\/wp-json\/wp\/v2\/tags?post=198713"}],"curies":[{"name":"wp","href":"https:\/\/api.w.org\/{rel}","templated":true}]}}