{"id":198718,"date":"2025-06-23T17:40:09","date_gmt":"2025-06-23T17:40:09","guid":{"rendered":"https:\/\/www.europesays.com\/fr\/198718\/"},"modified":"2025-06-23T17:40:09","modified_gmt":"2025-06-23T17:40:09","slug":"deux-morts-et-pres-de-700-cas-depuis-debut-2025-le-nord-particulierement-touche","status":"publish","type":"post","link":"https:\/\/www.europesays.com\/fr\/198718\/","title":{"rendered":"deux morts et pr\u00e8s de 700 cas depuis d\u00e9but 2025, le Nord particuli\u00e8rement touch\u00e9"},"content":{"rendered":"<p>\u00abDu 1er janvier au 31 mai 2025, 658 cas de rougeole ont \u00e9t\u00e9 d\u00e9clar\u00e9s (&#8230;), soit un total d\u00e9passant d\u00e9j\u00e0 de plus de 35% le nombre de cas d\u00e9clar\u00e9s en 2024 (483)\u00bb, a indiqu\u00e9 Sant\u00e9 publique France.<\/p>\n<p class=\"fig-paragraph\">L&rsquo;\u00e9pid\u00e9mie de\u00a0<a href=\"http:\/\/sante.lefigaro.fr\/social\/sante-publique\/un-foyer-epidemique-de-rougeole-a-ete-identifie-au-salon-de-l-agriculture-20250401\" data-fig-type=\"Article\" data-gtm-custom-categorie=\"navigation\" data-gtm-custom-action=\"crossclick\" data-gtm-custom-label=\"Contextuel\" data-gtm-event=\"customEventSPE\" data-fig-domain=\"SANTE\" target=\"_blank\" rel=\"noopener\">rougeole\u00a0<\/a>a fait deux morts sur les quelque 700 personnes touch\u00e9es en France depuis d\u00e9but 2025, d\u00e9passant d\u00e9j\u00e0 le bilan de 2024, a soulign\u00e9 lundi\u00a0<a href=\"http:\/\/sante.lefigaro.fr\/social\/sante-publique\/charles-edouard-escurat-la-france-a-gagne-une-place-dans-le-classement-europeen-des-biotherapies-20250615\" data-fig-type=\"Article\" data-gtm-custom-categorie=\"navigation\" data-gtm-custom-action=\"crossclick\" data-gtm-custom-label=\"Contextuel\" data-gtm-event=\"customEventSPE\" data-fig-domain=\"SANTE\" target=\"_blank\" rel=\"noopener\">Sant\u00e9 publique France<\/a>, dans un contexte de r\u00e9surgence mondiale de cette maladie contagieuse li\u00e9e notamment \u00e0 un affaiblissement de la\u00a0<a href=\"http:\/\/sante.lefigaro.fr\/medecine\/les-vaccins-seront-ils-la-prochaine-revolution-contre-le-cancer-20250605\" data-fig-type=\"Article\" data-gtm-custom-categorie=\"navigation\" data-gtm-custom-action=\"crossclick\" data-gtm-custom-label=\"Contextuel\" data-gtm-event=\"customEventSPE\" data-fig-domain=\"SANTE\" target=\"_blank\" rel=\"noopener\">vaccination<\/a>.<\/p>\n<p class=\"fig-paragraph\">\u00abDu 1er janvier au 31 mai 2025, 658 cas de rougeole ont \u00e9t\u00e9 d\u00e9clar\u00e9s (&#8230;), soit un total d\u00e9passant d\u00e9j\u00e0 de plus de 35% le nombre de cas d\u00e9clar\u00e9s en 2024 (483)\u00bb, a indiqu\u00e9 l&rsquo;agence, comptant notamment 14% de cas import\u00e9s apr\u00e8s un s\u00e9jour \u00e0 l&rsquo;\u00e9tranger (Maroc, Vietnam, Roumanie, Italie, Espagne, Royaume-Uni, Suisse, Alg\u00e9rie, Guin\u00e9e&#8230;).<\/p>\n<p class=\"fig-body-link\">\n            \u00c0 lire aussi<br \/>\n        <a class=\"fig-body-link__link fig-premium-mark\" href=\"http:\/\/sante.lefigaro.fr\/comment-andrew-wakefield-medecin-vante-par-trump-a-menti-sur-de-supposes-liens-entre-vaccin-et-autisme-20241210\" data-fig-type=\"Article\" data-gtm-custom-categorie=\"navigation\" data-gtm-custom-action=\"crossclick\" data-gtm-custom-label=\"Contextuel\" data-gtm-event=\"customEventSPE\" data-fig-domain=\"SANTE\" target=\"_blank\" rel=\"noopener\">D\u2019o\u00f9 vient l\u2019id\u00e9e (fausse) que le vaccin contre la rougeole provoquerait l\u2019autisme\u00a0?<br \/>\n    <\/a>\n<\/p>\n<p>Plus d\u2019un tiers des cas ont entra\u00een\u00e9 un passage aux urgences ou une hospitalisation<\/p>\n<p class=\"fig-paragraph\">Le nombre de cas semble avoir atteint un pic en mars au niveau national, mais reste \u00e0 un niveau \u00e9lev\u00e9, notamment dans certaines r\u00e9gions, a ajout\u00e9 Sant\u00e9 publique France. En m\u00e9tropole, le Nord (117 cas), les Bouches-du-Rh\u00f4ne (50 cas), l&rsquo;Is\u00e8re et la Haute-Savoie (39 cas chacun), l&rsquo;H\u00e9rault (27 cas), Paris (25 cas), la Seine-Saint-Denis (22 cas), le Pas-de-Calais (22 cas), le Val-d&rsquo;Oise (20 cas) ont concentr\u00e9 plus de la moiti\u00e9 des cas. Aucun cas n&rsquo;a \u00e9t\u00e9 rapport\u00e9 Outre-mer.<\/p>\n<p class=\"fig-paragraph\">Depuis d\u00e9but 2025, un peu plus d&rsquo;un tiers des cas ont entra\u00een\u00e9 un passage aux urgences ou une hospitalisation (dont dix en r\u00e9animation), et plus d&rsquo;un sur dix a connu une complication, dont une\u00a0<a href=\"http:\/\/sante.lefigaro.fr\/social\/sante-publique\/qu-est-ce-que-l-encephalite-a-tiques-cette-maladie-qui-progresse-lentement-en-france-20230710\" data-fig-type=\"Article\" data-gtm-custom-categorie=\"navigation\" data-gtm-custom-action=\"crossclick\" data-gtm-custom-label=\"Contextuel\" data-gtm-event=\"customEventSPE\" data-fig-domain=\"SANTE\" target=\"_blank\" rel=\"noopener\">enc\u00e9phalite<\/a>. Deux personnes immunod\u00e9prim\u00e9es, dont l&rsquo;\u00e2ge n&rsquo;a pas \u00e9t\u00e9 communiqu\u00e9, sont d\u00e9c\u00e9d\u00e9es. Les hospitalisations et complications ont touch\u00e9 majoritairement des nourrissons et des jeunes enfants, mais aussi de jeunes adultes. La rougeole provoque de la fi\u00e8vre, des sympt\u00f4mes respiratoires et des \u00e9ruptions cutan\u00e9es, et parfois des complications plus graves, comme une pneumonie et une inflammation du cerveau pouvant occasionner des graves s\u00e9quelles, voire la mort.<\/p>\n<p>La pire \u00e9pid\u00e9mie en \u00abprobablement 30 ans\u00bb aux \u00c9tats-Unis<\/p>\n<p class=\"fig-paragraph\">Sur l&rsquo;ensemble des cas depuis d\u00e9but janvier en France pour lesquels la vaccination \u00e9tait recommand\u00e9e (personnes de plus d&rsquo;un an et n\u00e9es apr\u00e8s 1980) et dont le statut vaccinal \u00e9tait connu, un peu plus de 70% \u00e9taient non vaccin\u00e9s ou incompl\u00e8tement vaccin\u00e9s. Le retour en force de la rougeole concerne de nombreux pays, sur fond de vaccination insuffisante. En Europe comme aux \u00c9tats-Unis par exemple, les taux sont inf\u00e9rieurs aux 95% pr\u00e9conis\u00e9s pour \u00e9viter sa propagation.<\/p>\n<p class=\"fig-paragraph\">Plus de 1000 cas de rougeole ont \u00e9t\u00e9 enregistr\u00e9s depuis le d\u00e9but de l&rsquo;ann\u00e9e aux \u00c9tats-Unis, 25 ans apr\u00e8s que la rougeole y a \u00e9t\u00e9 d\u00e9clar\u00e9e officiellement \u00e9radiqu\u00e9e gr\u00e2ce \u00e0 la vaccination. C&rsquo;est la pire\u00a0<a href=\"http:\/\/sante.lefigaro.fr\/social\/sante-publique\/face-aux-epidemies-devastatrices-le-coup-d-accelerateur-sans-precedent-de-la-recherche-20250615\" data-fig-type=\"Article\" data-gtm-custom-categorie=\"navigation\" data-gtm-custom-action=\"crossclick\" data-gtm-custom-label=\"Contextuel\" data-gtm-event=\"customEventSPE\" data-fig-domain=\"SANTE\" target=\"_blank\" rel=\"noopener\">\u00e9pid\u00e9mie\u00a0<\/a>en \u00abprobablement 30 ans\u00bb, a d\u00e9clar\u00e9 d\u00e9but mai le p\u00e9diatre infectiologue \u00e9tasunien Paul Offit, jugeant le nombre de cas r\u00e9el potentiellement \u00abproche de 3000, voire plus\u00bb.<\/p>\n","protected":false},"excerpt":{"rendered":"\u00abDu 1er janvier au 31 mai 2025, 658 cas de rougeole ont \u00e9t\u00e9 d\u00e9clar\u00e9s (&#8230;), soit un total&hellip;\n","protected":false},"author":2,"featured_media":198719,"comment_status":"","ping_status":"","sticky":false,"template":"","format":"standard","meta":{"footnotes":""},"categories":[10],"tags":[8704,47,8699,8707,8706,434,4988,1011,27,8705,72,8700,5362,226,224,8701,225,8702,298,6405,71,8703,801,227],"class_list":{"0":"post-198718","1":"post","2":"type-post","3":"status-publish","4":"format-standard","5":"has-post-thumbnail","7":"category-sante","8":"tag-actu-sante","9":"tag-actualite","10":"tag-actualite-sante","11":"tag-conseil-medical","12":"tag-conseils-medicaux","13":"tag-epidemie","14":"tag-forme","15":"tag-fr","16":"tag-france","17":"tag-guide-des-medicaments","18":"tag-health","19":"tag-info-sante","20":"tag-magazine-sante","21":"tag-maladie","22":"tag-medecine","23":"tag-medical","24":"tag-medicament","25":"tag-nutrition-et-sante","26":"tag-psychologie","27":"tag-rougeole","28":"tag-sante","29":"tag-sexualite","30":"tag-social","31":"tag-traitement"},"share_on_mastodon":{"url":"https:\/\/pubeurope.com\/@fr\/114733909712740999","error":""},"_links":{"self":[{"href":"https:\/\/www.europesays.com\/fr\/wp-json\/wp\/v2\/posts\/198718","targetHints":{"allow":["GET"]}}],"collection":[{"href":"https:\/\/www.europesays.com\/fr\/wp-json\/wp\/v2\/posts"}],"about":[{"href":"https:\/\/www.europesays.com\/fr\/wp-json\/wp\/v2\/types\/post"}],"author":[{"embeddable":true,"href":"https:\/\/www.europesays.com\/fr\/wp-json\/wp\/v2\/users\/2"}],"replies":[{"embeddable":true,"href":"https:\/\/www.europesays.com\/fr\/wp-json\/wp\/v2\/comments?post=198718"}],"version-history":[{"count":0,"href":"https:\/\/www.europesays.com\/fr\/wp-json\/wp\/v2\/posts\/198718\/revisions"}],"wp:featuredmedia":[{"embeddable":true,"href":"https:\/\/www.europesays.com\/fr\/wp-json\/wp\/v2\/media\/198719"}],"wp:attachment":[{"href":"https:\/\/www.europesays.com\/fr\/wp-json\/wp\/v2\/media?parent=198718"}],"wp:term":[{"taxonomy":"category","embeddable":true,"href":"https:\/\/www.europesays.com\/fr\/wp-json\/wp\/v2\/categories?post=198718"},{"taxonomy":"post_tag","embeddable":true,"href":"https:\/\/www.europesays.com\/fr\/wp-json\/wp\/v2\/tags?post=198718"}],"curies":[{"name":"wp","href":"https:\/\/api.w.org\/{rel}","templated":true}]}}