{"id":198722,"date":"2025-06-23T17:42:09","date_gmt":"2025-06-23T17:42:09","guid":{"rendered":"https:\/\/www.europesays.com\/fr\/198722\/"},"modified":"2025-06-23T17:42:09","modified_gmt":"2025-06-23T17:42:09","slug":"cyril-hanouna-anesthesie-generale-pour-une-operation-avant-la-rentree-ce-quil-a-fait-de-completement-fou-a-la-sortie","status":"publish","type":"post","link":"https:\/\/www.europesays.com\/fr\/198722\/","title":{"rendered":"Cyril Hanouna : anesth\u00e9sie g\u00e9n\u00e9rale pour une op\u00e9ration avant la rentr\u00e9e, ce qu\u2019il a fait de compl\u00e8tement fou \u00e0 la sortie"},"content":{"rendered":"<p><a href=\"https:\/\/www.public.fr\/tag\/cyril-hanouna\" target=\"_blank\" rel=\"noopener\">Cyril Hanouna<\/a> n\u2019en finit plus de nous surprendre. Ce lundi 23 juin 2025, alors qu\u2019il devait c\u00e9der sa place \u00e0 Jean-Marc Morandini \u00e0 la t\u00eate de l\u2019\u00e9mission <strong>\u00ab\u00a0On marche sur la t\u00eate\u00a0\u00bb<\/strong>, avant de faire <a href=\"https:\/\/www.public.fr\/tout-beau-tout-9-date-de-lancement-chroniqueurs-tout-ce-quil-faut-savoir-sur-la-nouvelle-emission-de-cyril-hanouna\" target=\"_blank\" rel=\"noopener\">sa rentr\u00e9e sur W9 avec <strong>\u00ab\u00a0Tout beau tout n9uf\u00a0\u00bb<\/strong><\/a>, \u00ab\u00a0Baba\u00a0\u00bb a finalement repris les commandes de son \u00e9mission.<\/p>\n<p>De fait, c\u2019est bel et bien <a href=\"https:\/\/www.public.fr\/je-nai-pas-dormi-de-la-nuit-cest-tombe-la-cyril-hanouna-bouleverse-par-une-mauvaise-nouvelle-concernant-son-fils\" target=\"_blank\" rel=\"noopener\">l\u2019ancien pr\u00e9sentateur de <strong>\u00ab\u00a0TPMP\u00a0\u00bb<\/strong><\/a> qui a d\u00e9barqu\u00e9 \u00e0 la radio \u00e0 16 heures ce lundi, entour\u00e9 de ses chroniqueurs embl\u00e9matique tels que Fabien Lec\u0153uvre, Val\u00e9rie Bena\u00efm, ou encore Olivier Dartigolles. D\u2019ailleurs, pour son retour, l\u2019animateur a r\u00e9v\u00e9l\u00e9 aux auditeurs avoir profit\u00e9 de son \u00ab\u00a0repos\u00a0\u00bb pour subir une intervention chirurgicale.<\/p>\n<p>Op\u00e9ration sous anesth\u00e9sie g\u00e9n\u00e9rale pour Cyril Hanouna<\/p>\n<p><a href=\"https:\/\/vsd.fr\/tag\/cyril-hanouna\/\" target=\"_blank\" rel=\"noopener\">Cyril Hanouna<\/a> avait d\u00e9j\u00e0 \u00e9voqu\u00e9 le kyste pr\u00e9sent dans son corps depuis des ann\u00e9es. Il a finalement pu le faire retirer il y a seulement quelques jours. \u00ab\u00a0<strong>J\u2019avais un kyste, \u00e7a faisait dix ans que j&rsquo;avais le kyste<\/strong>. J&rsquo;ai jamais eu le temps. \u00c7a fait dix ans et j&rsquo;ai jamais eu le temps de l&rsquo;enlever parce que j&rsquo;\u00e9tais \u00e0 l&rsquo;antenne tout le temps\u00a0\u00bb, explique-t-il dans un premier temps.<\/p>\n<p>\u00ab\u00a0Emb\u00eat\u00e9\u00a0\u00bb de porter constamment un pansement, l\u2019animateur a donc fait le choix de le retirer il y a quelques jours : \u00ab\u00a0<strong>donc j&rsquo;ai dit, \u2018bon bah, je vais le faire finalement\u2019.<\/strong> \u00c0 chaque fois, j&rsquo;ai recul\u00e9, j&rsquo;ai m\u00eame recul\u00e9. Et l\u00e0, j\u2019ai dit \u2018bon allez, je dois y aller, je n\u2019avais pas de tournoi ce week-end-l\u00e0 en plus\u2019\u00a0\u00bb.<\/p>\n<p>Et l\u2019intervention n\u2019\u00e9tait pas si b\u00e9nigne \u00e0 en croire les d\u00e9clarations de Cyril Hanouna. Ce dernier a eu besoin d\u2019une <strong>\u00ab\u00a0anesth\u00e9sie g\u00e9n\u00e9rale\u00a0\u00bb pour faire retirer ce corps \u00e9tranger.<\/strong> N\u00e9anmoins, malgr\u00e9 l\u2019anesth\u00e9sie g\u00e9n\u00e9rale, cela n\u2019a visiblement pas frein\u00e9 l\u2019animateur pour faire du sport, quelques heures seulement apr\u00e8s l\u2019intervention.<\/p>\n<p>L&rsquo;animateur de retour au sport, quelques heures plus tard<\/p>\n<p>\u00ab\u00a0Je suis arriv\u00e9 \u00e0 7h \u00e0 la clinique anesth\u00e9sie g\u00e9n\u00e9rale (\u2026) 9h30, j&rsquo;\u00e9tais dans ma chambre.<strong> 10h30, j\u2019\u00e9tais d\u00e9j\u00e0 en train d&rsquo;appeler des potes pour organiser un padel l\u2019apr\u00e8s-midi<\/strong>\u00ab\u00a0, l\u00e2che Cyril Hanouna, suscitant la surprise mais surtout la col\u00e8re de Val\u00e9rie Bena\u00efm qui aurait pr\u00e9f\u00e9r\u00e9 que son ami en profite pour se reposer.<\/p>\n<p>\u00ab\u00a0Normalement, vous n\u2019\u00eates pas sous surveillance ?\u00a0\u00bb, demande alors la chroniqueuse, un brin choqu\u00e9e. \u00ab\u00a0Non, mais ils m&rsquo;ont surveill\u00e9, ils m&rsquo;ont dit que \u00e7a allait. \u00c0 15h, ils sont venus me voir, ils m&rsquo;ont dit, \u2018c&rsquo;est bon\u2019, je suis sorti. 18h, j&rsquo;\u00e9tais au padel\u00a0\u00bb, r\u00e9torque alors l\u2019animateur, sourire aux l\u00e8vres.<\/p>\n<p><strong>\u00ab\u00a0Ah, c&rsquo;est pas raisonnable. Non mais il est dingue, ce type est dingue\u00a0\u00bb<\/strong>, a rench\u00e9ri la chroniqueuse, remont\u00e9e contre le fait que l\u2019animateur n\u2019ait pas pris le temps de se reposer apr\u00e8s une telle intervention. La preuve que Cyril Hanouna ne para\u00eet jamais fatigu\u00e9 et qu\u2019il d\u00e9barquera en pleine forme le 1er septembre prochain, \u00e0 18h45, pour la grande premi\u00e8re de sa nouvelle quotidienne sur W9, <strong>\u00ab\u00a0Tout beau, tout n9uf\u00a0\u00bb<\/strong>.<\/p>\n<p>      Mentionn\u00e9s dans cet article<\/p>\n<p>\u00c0 lire aussi<\/p>\n","protected":false},"excerpt":{"rendered":"Cyril Hanouna n\u2019en finit plus de nous surprendre. Ce lundi 23 juin 2025, alors qu\u2019il devait c\u00e9der sa&hellip;\n","protected":false},"author":2,"featured_media":198723,"comment_status":"","ping_status":"","sticky":false,"template":"","format":"standard","meta":{"footnotes":""},"categories":[8],"tags":[1083,58,59,1473,1011,27,1476,22498,22497,2395],"class_list":{"0":"post-198722","1":"post","2":"type-post","3":"status-publish","4":"format-standard","5":"has-post-thumbnail","7":"category-divertissement","8":"tag-cyril-hanouna","9":"tag-divertissement","10":"tag-entertainment","11":"tag-europe-1","12":"tag-fr","13":"tag-france","14":"tag-operation","15":"tag-tout-9-tbt9","16":"tag-tout-beau","17":"tag-w9"},"share_on_mastodon":{"url":"https:\/\/pubeurope.com\/@fr\/114733917508287442","error":""},"_links":{"self":[{"href":"https:\/\/www.europesays.com\/fr\/wp-json\/wp\/v2\/posts\/198722","targetHints":{"allow":["GET"]}}],"collection":[{"href":"https:\/\/www.europesays.com\/fr\/wp-json\/wp\/v2\/posts"}],"about":[{"href":"https:\/\/www.europesays.com\/fr\/wp-json\/wp\/v2\/types\/post"}],"author":[{"embeddable":true,"href":"https:\/\/www.europesays.com\/fr\/wp-json\/wp\/v2\/users\/2"}],"replies":[{"embeddable":true,"href":"https:\/\/www.europesays.com\/fr\/wp-json\/wp\/v2\/comments?post=198722"}],"version-history":[{"count":0,"href":"https:\/\/www.europesays.com\/fr\/wp-json\/wp\/v2\/posts\/198722\/revisions"}],"wp:featuredmedia":[{"embeddable":true,"href":"https:\/\/www.europesays.com\/fr\/wp-json\/wp\/v2\/media\/198723"}],"wp:attachment":[{"href":"https:\/\/www.europesays.com\/fr\/wp-json\/wp\/v2\/media?parent=198722"}],"wp:term":[{"taxonomy":"category","embeddable":true,"href":"https:\/\/www.europesays.com\/fr\/wp-json\/wp\/v2\/categories?post=198722"},{"taxonomy":"post_tag","embeddable":true,"href":"https:\/\/www.europesays.com\/fr\/wp-json\/wp\/v2\/tags?post=198722"}],"curies":[{"name":"wp","href":"https:\/\/api.w.org\/{rel}","templated":true}]}}