{"id":198724,"date":"2025-06-23T17:43:12","date_gmt":"2025-06-23T17:43:12","guid":{"rendered":"https:\/\/www.europesays.com\/fr\/198724\/"},"modified":"2025-06-23T17:43:12","modified_gmt":"2025-06-23T17:43:12","slug":"lg-ouvre-le-bal-des-promotions-dete-avec-cette-superbe-barre-de-son-pour-le-home-cinema","status":"publish","type":"post","link":"https:\/\/www.europesays.com\/fr\/198724\/","title":{"rendered":"LG ouvre le bal des promotions d&rsquo;\u00e9t\u00e9 avec cette superbe barre de son pour le home-cin\u00e9ma"},"content":{"rendered":"<p><strong>Taill\u00e9e pour les petites pi\u00e8ces et les cin\u00e9philes au budget limit\u00e9, la barre de son LG S65Q et son caisson de basses sont \u00e0 prix cass\u00e9 chez Amazon.<\/strong><\/p>\n<p>La qualit\u00e9 d\u2019image des t\u00e9l\u00e9viseurs progresse \u00e0 vue d\u2019\u0153il au fil des ann\u00e9es, mais il est difficile d\u2019en dire autant pour <strong>leur rendu sonore<\/strong>. Et pour cause : de <a href=\"https:\/\/www.ecranlarge.com\/high-tech\/conseils\/7-problemes-audio-tv-2025\" rel=\"nofollow noopener\" target=\"_blank\">nombreux probl\u00e8mes audio<\/a> d\u00e9rangent encore les acheteurs en 2025, les emp\u00eachant ainsi de profiter pleinement de leurs films et s\u00e9ries pr\u00e9f\u00e9r\u00e9s.<\/p>\n<p>Heureusement, l\u2019offre de barres de son s\u2019est largement \u00e9toff\u00e9e et il est d\u00e9sormais possible de d\u00e9nicher <strong>d\u2019excellents mod\u00e8les \u00e0 moindre co\u00fbt<\/strong>. C\u2019est justement le cas de la LG S65Q, qui b\u00e9n\u00e9ficie en ce moment m\u00eame d\u2019une <a href=\"https:\/\/fliz.ly\/kwwKa_w\" target=\"_blank\" rel=\"noreferrer noopener nofollow sponsored\">tr\u00e8s belle remise de 27% sur Amazon<\/a>. Coup d\u2019\u0153il sur ce kit d\u2019enceintes d\u00e9di\u00e9es au home-cin\u00e9ma qui ont de quoi effrayer la concurrence.<\/p>\n<p>La barre de son LG S65Q \u00e0 292 \u20ac : pourquoi c\u2019est un bon plan ?<\/p>\n<p>Initialement vendue au prix de 399 \u20ac, la barre de son LG S65Q <strong>se retrouve \u00e0 292 \u20ac<\/strong> suite \u00e0 <a href=\"https:\/\/fliz.ly\/kwwKa_w\" target=\"_blank\" rel=\"noreferrer noopener nofollow sponsored\">une r\u00e9duction de 27% sur le site d\u2019Amazon<\/a>. Un rapport qualit\u00e9-prix exceptionnel qui ne devrait pas passer inaper\u00e7u : mieux vaut donc <strong>ne pas tarder \u00e0 saisir cette offre<\/strong>.<\/p>\n<p><img decoding=\"async\" alt=\"\" src=\"https:\/\/www.europesays.com\/fr\/wp-content\/uploads\/2025\/04\/Favicon.png\"\/><\/p>\n<p>Dans le m\u00eame temps, cette enceinte a \u00e9t\u00e9 tr\u00e8s bien not\u00e9e par les clients avec <strong>une jolie moyenne de 4,4\/5<\/strong> (parmi plus de 400 avis), ce qui montre bien que la majorit\u00e9 d\u2019entre eux sont <strong>satisfaits par cet achat<\/strong>. Il faut dire que LG n\u2019a pas l\u00e9sin\u00e9 sur les moyens pour les s\u00e9duire.<\/p>\n<p><img loading=\"lazy\" decoding=\"async\" width=\"1200\" height=\"670\" alt=\"barre de son LG S65Q dans un salon\" src=\"https:\/\/www.europesays.com\/fr\/wp-content\/uploads\/2025\/06\/barre-de-son-lg-s65q-dans-un-salon.jpg\"  \/><\/p>\n<p>L\u2019art du minimalisme selon LG.Quels sont les atouts \u00e0 retenir concernant la barre de son LG S65Q ?<\/p>\n<p>Pour pouvoir se d\u00e9marquer de ses rivaux sur le march\u00e9 des barres de son, LG a d\u00fb sortir le grand jeu avec <strong>cet ensemble barre de son + caisson de basses<\/strong> d\u00e9di\u00e9 au home-cin\u00e9ma. La premi\u00e8re impression est excellente, avec deux enceintes au <strong>design moderne et au format relativement compact<\/strong> qui n\u2019ont aucun mal \u00e0 trouver leur place dans un salon.<\/p>\n<p><img loading=\"lazy\" decoding=\"async\" width=\"1200\" height=\"670\" alt=\"audio 3D avec la barre de son LG S65Q\" src=\"https:\/\/www.europesays.com\/fr\/wp-content\/uploads\/2025\/06\/audio-3d-avec-la-barre-de-son-lg-s65q.jpg\"  \/><\/p>\n<p>Un rendu audio (presque) comme au cin\u00e9ma, sans avoir \u00e0 sortir de chez soi.<\/p>\n<p>Par ailleurs, elles se distinguent de la concurrence gr\u00e2ce \u00e0 <strong>leur excellent rendu audio par rapport \u00e0 leur tarif<\/strong>, notamment au niveau des dialogues qui ont tendance \u00e0 \u00eatre noy\u00e9s par les haut-parleurs des TV. Gr\u00e2ce \u00e0 leur configuration 3.1, <a href=\"https:\/\/www.ecranlarge.com\/high-tech\/conseils\/1490883-3-astuces-pour-ameliorer-le-son-des-dialogues\" rel=\"nofollow noopener\" target=\"_blank\">fini les voix inaudibles<\/a> dans les films d\u2019action.<\/p>\n<p>En outre, le fabricant annonce que ces deux enceintes sont capables de d\u00e9livrer <strong>une puissance maximale de 440 watts<\/strong>, ce qui suffira largement dans un petit espace de vie. Les spectateurs appr\u00e9cieront \u00e9galement <strong>la compatibilit\u00e9 DTS Virtual:X<\/strong> qui favorise l\u2019immersion avec des effets d\u2019audio 3D.<\/p>\n<p><img decoding=\"async\" alt=\"\" src=\"https:\/\/www.europesays.com\/fr\/wp-content\/uploads\/2025\/04\/Favicon.png\"\/><\/p>\n<p>Au niveau de la connectique, cet ensemble LG S65Q est surtout con\u00e7u pour fonctionner avec <strong>un t\u00e9l\u00e9viseur LG gr\u00e2ce \u00e0 l\u2019interface WOW<\/strong> mais il dispose aussi de tout le n\u00e9cessaire pour le relier \u00e0 une TV d\u2019une autre marque (HDMI 2.1 eARC\/ARC, Bluetooth 4.2, USB 2.0, entr\u00e9e optique\u2026). La prise en main est \u00e9galement \u00e0 la port\u00e9e de tous avec <strong>une t\u00e9l\u00e9commande intuitive et compl\u00e8te<\/strong>.<\/p>\n<p>N\u00e9anmoins, la marque cor\u00e9enne a aussi d\u00fb faire quelques concessions pour ce prix. Il faudra donc faire<strong> l\u2019impasse sur une connexion Wi-Fi, <\/strong>tandis que les basses fr\u00e9quences sont l\u00e9g\u00e8rement en retrait par rapport \u00e0 certains concurrents. Malgr\u00e9 ces quelques petits b\u00e9mols, <strong>LG rend une copie quasi parfaite<\/strong> pour un ensemble barre de son + caisson de basses \u00e0 moins de 300 \u20ac.<\/p>\n<p><img loading=\"lazy\" decoding=\"async\" width=\"1200\" height=\"670\" alt=\"barre de son LG S65Q pose\u0301e sur un meuble TV\" src=\"https:\/\/www.europesays.com\/fr\/wp-content\/uploads\/2025\/06\/barre-de-son-lg-s65q-posee-sur-un-meuble-tv.jpg\"  \/><\/p>\n<p>Une paire gagnante pour des soir\u00e9es cin\u00e9ma r\u00e9ussies.<\/p>\n<p>Pour conclure, ce kit de home-cin\u00e9ma LG S65Q s\u2019adresse principalement aux cin\u00e9philes qui cherchent <strong>un moyen abordable d\u2019am\u00e9liorer le rendu sonore<\/strong> de leur TV. Gr\u00e2ce \u00e0 leur restitution exceptionnelle des voix, leur design moderne et leur puissance tout \u00e0 fait satisfaisante pour un petit espace, ces enceintes se placent comme <strong>d\u2019excellents mod\u00e8les d\u2019entr\u00e9e de gamme<\/strong> pour faire passer l\u2019exp\u00e9rience audiovisuelle \u00e0 la maison dans une autre dimension. Cerise sur le g\u00e2teau : il est assez rare de voir un tel ensemble passer sous la barre des 300 \u20ac.<\/p>\n<p><img decoding=\"async\" alt=\"\" src=\"https:\/\/www.europesays.com\/fr\/wp-content\/uploads\/2025\/04\/Favicon.png\"\/><\/p>\n","protected":false},"excerpt":{"rendered":"Taill\u00e9e pour les petites pi\u00e8ces et les cin\u00e9philes au budget limit\u00e9, la barre de son LG S65Q et&hellip;\n","protected":false},"author":2,"featured_media":198725,"comment_status":"","ping_status":"","sticky":false,"template":"","format":"standard","meta":{"footnotes":""},"categories":[7],"tags":[1011,27,43,40,41,39,42,44],"class_list":{"0":"post-198724","1":"post","2":"type-post","3":"status-publish","4":"format-standard","5":"has-post-thumbnail","7":"category-sciences-et-technologies","8":"tag-fr","9":"tag-france","10":"tag-science","11":"tag-science-and-technology","12":"tag-sciences","13":"tag-sciences-et-technologies","14":"tag-technologies","15":"tag-technology"},"share_on_mastodon":{"url":"https:\/\/pubeurope.com\/@fr\/114733922107858942","error":""},"_links":{"self":[{"href":"https:\/\/www.europesays.com\/fr\/wp-json\/wp\/v2\/posts\/198724","targetHints":{"allow":["GET"]}}],"collection":[{"href":"https:\/\/www.europesays.com\/fr\/wp-json\/wp\/v2\/posts"}],"about":[{"href":"https:\/\/www.europesays.com\/fr\/wp-json\/wp\/v2\/types\/post"}],"author":[{"embeddable":true,"href":"https:\/\/www.europesays.com\/fr\/wp-json\/wp\/v2\/users\/2"}],"replies":[{"embeddable":true,"href":"https:\/\/www.europesays.com\/fr\/wp-json\/wp\/v2\/comments?post=198724"}],"version-history":[{"count":0,"href":"https:\/\/www.europesays.com\/fr\/wp-json\/wp\/v2\/posts\/198724\/revisions"}],"wp:featuredmedia":[{"embeddable":true,"href":"https:\/\/www.europesays.com\/fr\/wp-json\/wp\/v2\/media\/198725"}],"wp:attachment":[{"href":"https:\/\/www.europesays.com\/fr\/wp-json\/wp\/v2\/media?parent=198724"}],"wp:term":[{"taxonomy":"category","embeddable":true,"href":"https:\/\/www.europesays.com\/fr\/wp-json\/wp\/v2\/categories?post=198724"},{"taxonomy":"post_tag","embeddable":true,"href":"https:\/\/www.europesays.com\/fr\/wp-json\/wp\/v2\/tags?post=198724"}],"curies":[{"name":"wp","href":"https:\/\/api.w.org\/{rel}","templated":true}]}}