{"id":198728,"date":"2025-06-23T17:45:09","date_gmt":"2025-06-23T17:45:09","guid":{"rendered":"https:\/\/www.europesays.com\/fr\/198728\/"},"modified":"2025-06-23T17:45:09","modified_gmt":"2025-06-23T17:45:09","slug":"le-qatar-suspend-son-trafic-aerien-par-mesure-de-precaution","status":"publish","type":"post","link":"https:\/\/www.europesays.com\/fr\/198728\/","title":{"rendered":"Le Qatar suspend son trafic a\u00e9rien par \u00abmesure de pr\u00e9caution\u00bb"},"content":{"rendered":"<p>Le minist\u00e8re qatari des Affaires \u00e9trang\u00e8res veut \u00abassurer la s\u00e9curit\u00e9 des citoyens, des r\u00e9sidents et des visiteurs\u00bb dans un contexte d\u2019escalade militaire dans la r\u00e9gion.<\/p>\n<p class=\"fig-paragraph\">Le Qatar, qui abrite la plus grande base am\u00e9ricaine du Moyen-Orient, a annonc\u00e9 ce lundi 23 juin la fermeture de son trafic a\u00e9rien apr\u00e8s que l&rsquo;Iran a menac\u00e9 de riposter aux\u00a0<a href=\"http:\/\/www.lefigaro.fr\/international\/guerre-israel-iran-des-images-satellites-revelent-les-degats-des-frappes-americaines-sur-les-sites-nucleaires-iraniens-20250623\" target=\"_blank\" data-fig-type=\"NewsFlash\" rel=\"noopener\" data-gtm-custom-categorie=\"navigation\" data-gtm-custom-action=\"crossclick\" data-gtm-custom-label=\"Contextuel\" data-gtm-event=\"customEventSPE\" data-fig-domain=\"LEFIGARO\">bombardements am\u00e9ricains<\/a>\u00a0de ses installations nucl\u00e9aires.<\/p>\n<p class=\"fig-paragraph\">\u00abLes autorit\u00e9s comp\u00e9tentes annoncent la suspension temporaire du trafic dans l&rsquo;espace a\u00e9rien du pays, dans le cadre d&rsquo;un ensemble de mesures de pr\u00e9caution prises sur la base des d\u00e9veloppements dans la r\u00e9gion, afin d\u2019assurer la s\u00e9curit\u00e9 des citoyens, des r\u00e9sidents et des visiteurs\u00bb, a affirm\u00e9 le minist\u00e8re qatari des Affaires \u00e9trang\u00e8res dans un communiqu\u00e9.<\/p>\n<p class=\"fig-paragraph\">Des\u00a0<a href=\"https:\/\/www.lefigaro.fr\/international\/en-direct-guerre-iran-israel-trump-etats-unis-nucleaire-changement-de-regime-represailles-20250623\" data-fig-type=\"Live\" data-gtm-custom-categorie=\"navigation\" data-gtm-custom-action=\"crossclick\" data-gtm-custom-label=\"Contextuel\" data-gtm-event=\"customEventSPE\" data-fig-domain=\"LEFIGARO\" target=\"_blank\" rel=\"noopener\">explosions ont \u00e9t\u00e9 entendues lundi au-dessus de Doha<\/a>, la capitale du Qatar, a rapport\u00e9 un t\u00e9moin de Reuters, peu apr\u00e8s qu\u2019un diplomate occidental ait d\u00e9clar\u00e9 qu\u2019il y avait eu une menace iranienne cr\u00e9dible contre la base a\u00e9rienne am\u00e9ricaine d\u2019Al Udeid dans cet \u00c9tat arabe du Golfe depuis midi. Le diplomate s\u2019est exprim\u00e9 peu apr\u00e8s que le Qatar ait annonc\u00e9 la fermeture temporaire de son espace a\u00e9rien afin d\u2019assurer la s\u00e9curit\u00e9 des r\u00e9sidents et des visiteurs. Plus t\u00f4t, l\u2019ambassade am\u00e9ricaine au Qatar avait conseill\u00e9 aux Am\u00e9ricains de se mettre \u00e0 l\u2019abri, par \u00ab mesure de pr\u00e9caution\u00a0\u00bb.<\/p>\n<p>Cons\u00e9quence sur les vols entre l\u2019Europe et l\u2019Asie<\/p>\n<p class=\"fig-paragraph\">Cette mesure risque d\u2019impacter fortement les trajets a\u00e9riens dans la r\u00e9gion, en particulier les clients de Qatar Airways. La compagnie nationale du pays est tr\u00e8s pl\u00e9biscit\u00e9e par les voyageurs qui relient l\u2019Europe \u00e0 l\u2019Asie en transitant par l\u2019a\u00e9roport international de Doha, l\u2019un des principaux hubs a\u00e9riens dans le monde. Selon Flightradar24, suite de suivi des vols en direct, une centaine de vols \u00e9taient en direction de Doha ce lundi vers 18 heures (heure de Paris).<\/p>\n<p class=\"fig-paragraph\">La situation g\u00e9opolitique\u00a0<a href=\"http:\/\/www.lefigaro.fr\/societes\/guerre-israel-iran-air-france-annule-ses-vols-vers-dubai-et-ryad-ce-lundi-20250623\" target=\"_blank\" data-fig-type=\"NewsFlash\" rel=\"noopener\" data-gtm-custom-categorie=\"navigation\" data-gtm-custom-action=\"crossclick\" data-gtm-custom-label=\"Contextuel\" data-gtm-event=\"customEventSPE\" data-fig-domain=\"LEFIGARO\">a d\u00e9j\u00e0 pouss\u00e9 Air France \u00e0 annuler ses vols<\/a>\u00a0vers Duba\u00ef et Ryad jusqu\u2019au mardi 24 juin inclus et \u00e0 prolonger la suspension de ses vols vers Tel-Aviv. Le minist\u00e8re fran\u00e7ais des Affaires \u00e9trang\u00e8res\u00a0<a href=\"http:\/\/www.lefigaro.fr\/voyages\/israel-iran-le-quai-d-orsay-deconseille-de-voyager-dans-plusieurs-pays-du-proche-et-moyen-orient-20250618\" target=\"_blank\" data-fig-type=\"Article\" rel=\"noopener\" data-gtm-custom-categorie=\"navigation\" data-gtm-custom-action=\"crossclick\" data-gtm-custom-label=\"Contextuel\" data-gtm-event=\"customEventSPE\" data-fig-domain=\"LEFIGARO\">d\u00e9conseille de voyager dans certains pays<\/a>\u00a0du Proche ou Moyen-Orient \u00absauf raison imp\u00e9rative\u00bb.<\/p>\n<p class=\"fig-paragraph\"><strong>ET AUSSI &#8211; Quel est le classement 2025 des 100 meilleures compagnies a\u00e9riennes\u00a0?<\/strong><\/p>\n","protected":false},"excerpt":{"rendered":"Le minist\u00e8re qatari des Affaires \u00e9trang\u00e8res veut \u00abassurer la s\u00e9curit\u00e9 des citoyens, des r\u00e9sidents et des visiteurs\u00bb dans&hellip;\n","protected":false},"author":2,"featured_media":198729,"comment_status":"","ping_status":"","sticky":false,"template":"","format":"standard","meta":{"footnotes":""},"categories":[5],"tags":[608,607,609,610,11,604,605,603,606,1011,27,14,3019,664,12,611,2445,28],"class_list":{"0":"post-198728","1":"post","2":"type-post","3":"status-publish","4":"format-standard","5":"has-post-thumbnail","7":"category-international","8":"tag-activite-de-plein-air","9":"tag-activite-loisirs","10":"tag-activite-plein-air-enfant","11":"tag-activites-loisirs","12":"tag-actualites","13":"tag-agenda-brocantes","14":"tag-chasse-et-peche","15":"tag-circuits-randonnees","16":"tag-decouverte-du-patrimoine","17":"tag-fr","18":"tag-france","19":"tag-international","20":"tag-iran","21":"tag-israel","22":"tag-news","23":"tag-sorties-famille","24":"tag-transport-aerien","25":"tag-world"},"share_on_mastodon":{"url":"https:\/\/pubeurope.com\/@fr\/114733929224084573","error":""},"_links":{"self":[{"href":"https:\/\/www.europesays.com\/fr\/wp-json\/wp\/v2\/posts\/198728","targetHints":{"allow":["GET"]}}],"collection":[{"href":"https:\/\/www.europesays.com\/fr\/wp-json\/wp\/v2\/posts"}],"about":[{"href":"https:\/\/www.europesays.com\/fr\/wp-json\/wp\/v2\/types\/post"}],"author":[{"embeddable":true,"href":"https:\/\/www.europesays.com\/fr\/wp-json\/wp\/v2\/users\/2"}],"replies":[{"embeddable":true,"href":"https:\/\/www.europesays.com\/fr\/wp-json\/wp\/v2\/comments?post=198728"}],"version-history":[{"count":0,"href":"https:\/\/www.europesays.com\/fr\/wp-json\/wp\/v2\/posts\/198728\/revisions"}],"wp:featuredmedia":[{"embeddable":true,"href":"https:\/\/www.europesays.com\/fr\/wp-json\/wp\/v2\/media\/198729"}],"wp:attachment":[{"href":"https:\/\/www.europesays.com\/fr\/wp-json\/wp\/v2\/media?parent=198728"}],"wp:term":[{"taxonomy":"category","embeddable":true,"href":"https:\/\/www.europesays.com\/fr\/wp-json\/wp\/v2\/categories?post=198728"},{"taxonomy":"post_tag","embeddable":true,"href":"https:\/\/www.europesays.com\/fr\/wp-json\/wp\/v2\/tags?post=198728"}],"curies":[{"name":"wp","href":"https:\/\/api.w.org\/{rel}","templated":true}]}}