{"id":198732,"date":"2025-06-23T17:47:14","date_gmt":"2025-06-23T17:47:14","guid":{"rendered":"https:\/\/www.europesays.com\/fr\/198732\/"},"modified":"2025-06-23T17:47:14","modified_gmt":"2025-06-23T17:47:14","slug":"cpme-et-medef-lachent-du-lest","status":"publish","type":"post","link":"https:\/\/www.europesays.com\/fr\/198732\/","title":{"rendered":"CPME et Medef l\u00e2chent du lest"},"content":{"rendered":"<p>Patrick Martin, pour le Medef, et Amir Reza Tofighi pour la CPME sont arriv\u00e9s, vestes noires et chemises blanches, cet apr\u00e8s-midi, avenue de S\u00e9gur \u00e0 Paris, quelques minutes avant le d\u00e9but de la derni\u00e8re s\u00e9ance de n\u00e9gociation. Les deux responsables patronaux ont soigneusement mis en sc\u00e8ne leur entente, tentant de gommer les tiraillements qui ont parcouru le clan patronal pendant ces cinq mois de conclave.<\/p>\n<p>Sur le trottoir, devant la presse, ils ont r\u00e9pondu aux questions des journalistes venus nombreux. Sur les principaux points de crispations de cette n\u00e9gociation, ils sont pr\u00eats \u00e0 faire des concessions. Concessions que vous r\u00e9v\u00e9lait d\u00e8s ce week-end, La Tribune Dimanche.<\/p>\n<p>Sur la p\u00e9nibilit\u00e9 tout d&rsquo;abord, ils proposent de ne pas toucher aux syst\u00e8mes concernant les crit\u00e8res existants. Alors qu&rsquo;il y a encore quelques jours, ils tenaient \u00e0 revenir en arri\u00e8re sur la question de la r\u00e9paration, c&rsquo;est-\u00e0-dire la possibilit\u00e9 de pr\u00e9voir des d\u00e9parts anticip\u00e9s pour les travailleurs qui ont exerc\u00e9 des m\u00e9tiers qui les oblige \u00e0 faire les 3 x 8, ou \u00e0 travailler la nuit. Aujourd&rsquo;hui, ils sont pr\u00eats \u00e0 laisser en l&rsquo;\u00e9tat les choses.<\/p>\n","protected":false},"excerpt":{"rendered":"Patrick Martin, pour le Medef, et Amir Reza Tofighi pour la CPME sont arriv\u00e9s, vestes noires et chemises&hellip;\n","protected":false},"author":2,"featured_media":198733,"comment_status":"","ping_status":"","sticky":false,"template":"","format":"standard","meta":{"footnotes":""},"categories":[2],"tags":[17,11,13175,32210,33,1011,27,33843,33844,4803,12,9910],"class_list":{"0":"post-198732","1":"post","2":"type-post","3":"status-publish","4":"format-standard","5":"has-post-thumbnail","7":"category-actualites","8":"tag-17","9":"tag-actualites","10":"tag-conclave","11":"tag-cpme","12":"tag-economie","13":"tag-fr","14":"tag-france","15":"tag-lachent","16":"tag-lest","17":"tag-medef","18":"tag-news","19":"tag-retraites"},"share_on_mastodon":{"url":"https:\/\/pubeurope.com\/@fr\/114733936988392252","error":""},"_links":{"self":[{"href":"https:\/\/www.europesays.com\/fr\/wp-json\/wp\/v2\/posts\/198732","targetHints":{"allow":["GET"]}}],"collection":[{"href":"https:\/\/www.europesays.com\/fr\/wp-json\/wp\/v2\/posts"}],"about":[{"href":"https:\/\/www.europesays.com\/fr\/wp-json\/wp\/v2\/types\/post"}],"author":[{"embeddable":true,"href":"https:\/\/www.europesays.com\/fr\/wp-json\/wp\/v2\/users\/2"}],"replies":[{"embeddable":true,"href":"https:\/\/www.europesays.com\/fr\/wp-json\/wp\/v2\/comments?post=198732"}],"version-history":[{"count":0,"href":"https:\/\/www.europesays.com\/fr\/wp-json\/wp\/v2\/posts\/198732\/revisions"}],"wp:featuredmedia":[{"embeddable":true,"href":"https:\/\/www.europesays.com\/fr\/wp-json\/wp\/v2\/media\/198733"}],"wp:attachment":[{"href":"https:\/\/www.europesays.com\/fr\/wp-json\/wp\/v2\/media?parent=198732"}],"wp:term":[{"taxonomy":"category","embeddable":true,"href":"https:\/\/www.europesays.com\/fr\/wp-json\/wp\/v2\/categories?post=198732"},{"taxonomy":"post_tag","embeddable":true,"href":"https:\/\/www.europesays.com\/fr\/wp-json\/wp\/v2\/tags?post=198732"}],"curies":[{"name":"wp","href":"https:\/\/api.w.org\/{rel}","templated":true}]}}