{"id":198734,"date":"2025-06-23T17:48:33","date_gmt":"2025-06-23T17:48:33","guid":{"rendered":"https:\/\/www.europesays.com\/fr\/198734\/"},"modified":"2025-06-23T17:48:33","modified_gmt":"2025-06-23T17:48:33","slug":"villars-une-plateforme-etoffee-pour-faire-ses-demarches-en-ligne","status":"publish","type":"post","link":"https:\/\/www.europesays.com\/fr\/198734\/","title":{"rendered":"Villars. Une plateforme \u00e9toff\u00e9e pour faire ses d\u00e9marches en ligne"},"content":{"rendered":"<p>Selon les statistiques de l\u2019Insee (Institut national de la statistique et des \u00e9tudes \u00e9conomiques), en 2024, 94,4\u00a0% des m\u00e9nages avaient un acc\u00e8s \u00e0 l\u2019internet en France. 87,9\u00a0% de particuliers en font un usage quotidien. Effectuer ses d\u00e9marches en ligne est ainsi progressivement devenu une habitude pour de plus en plus d\u2019usagers.<\/p>\n<p>Avec la refonte de son site internet, la commune de Villars a aussi \u00e9toff\u00e9 l\u2019acc\u00e8s \u00e0 ses services en proposant&#8230;<\/p>\n","protected":false},"excerpt":{"rendered":"Selon les statistiques de l\u2019Insee (Institut national de la statistique et des \u00e9tudes \u00e9conomiques), en 2024, 94,4\u00a0% des&hellip;\n","protected":false},"author":2,"featured_media":198735,"comment_status":"","ping_status":"","sticky":false,"template":"","format":"standard","meta":{"footnotes":""},"categories":[9653],"tags":[1111,11,2430,4523,7539,1777,674,1011,27,12,25,4001,9664,104,10246],"class_list":{"0":"post-198734","1":"post","2":"type-post","3":"status-publish","4":"format-standard","5":"has-post-thumbnail","7":"category-saint-etienne","8":"tag-actu","9":"tag-actualites","10":"tag-auvergne-rhone-alpes","11":"tag-conseils-pratiques","12":"tag-edition-loire-sud","13":"tag-eu","14":"tag-europe","15":"tag-fr","16":"tag-france","17":"tag-news","18":"tag-republique-francaise","19":"tag-saint-etienne","20":"tag-saint-etienne-bassin","21":"tag-societe","22":"tag-villars"},"share_on_mastodon":{"url":"https:\/\/pubeurope.com\/@fr\/114733940992972052","error":""},"_links":{"self":[{"href":"https:\/\/www.europesays.com\/fr\/wp-json\/wp\/v2\/posts\/198734","targetHints":{"allow":["GET"]}}],"collection":[{"href":"https:\/\/www.europesays.com\/fr\/wp-json\/wp\/v2\/posts"}],"about":[{"href":"https:\/\/www.europesays.com\/fr\/wp-json\/wp\/v2\/types\/post"}],"author":[{"embeddable":true,"href":"https:\/\/www.europesays.com\/fr\/wp-json\/wp\/v2\/users\/2"}],"replies":[{"embeddable":true,"href":"https:\/\/www.europesays.com\/fr\/wp-json\/wp\/v2\/comments?post=198734"}],"version-history":[{"count":0,"href":"https:\/\/www.europesays.com\/fr\/wp-json\/wp\/v2\/posts\/198734\/revisions"}],"wp:featuredmedia":[{"embeddable":true,"href":"https:\/\/www.europesays.com\/fr\/wp-json\/wp\/v2\/media\/198735"}],"wp:attachment":[{"href":"https:\/\/www.europesays.com\/fr\/wp-json\/wp\/v2\/media?parent=198734"}],"wp:term":[{"taxonomy":"category","embeddable":true,"href":"https:\/\/www.europesays.com\/fr\/wp-json\/wp\/v2\/categories?post=198734"},{"taxonomy":"post_tag","embeddable":true,"href":"https:\/\/www.europesays.com\/fr\/wp-json\/wp\/v2\/tags?post=198734"}],"curies":[{"name":"wp","href":"https:\/\/api.w.org\/{rel}","templated":true}]}}