{"id":19874,"date":"2025-04-12T13:37:17","date_gmt":"2025-04-12T13:37:17","guid":{"rendered":"https:\/\/www.europesays.com\/fr\/19874\/"},"modified":"2025-04-12T13:37:17","modified_gmt":"2025-04-12T13:37:17","slug":"tanesh-est-le-nouveau-champion-dile-de-france-du-burger","status":"publish","type":"post","link":"https:\/\/www.europesays.com\/fr\/19874\/","title":{"rendered":"Tanesh est le nouveau champion d&rsquo;\u00cele-de-France du burger"},"content":{"rendered":"<p>            Par<br \/>\n        <strong><br \/>\n            <a href=\"https:\/\/actu.fr\/auteur\/raphael-delaveaux-actu-fr\" title=\"Consulter tous les articles de Rapha\u00ebl Delaveaux\" rel=\"nofollow noopener\" target=\"_blank\">Rapha\u00ebl Delaveaux<\/a><br \/>\n        <\/strong><\/p>\n<p>        Publi\u00e9 le<\/p>\n<p>            11 avr. 2025 \u00e0 12h50        <\/p>\n<p>Une journ\u00e9e en or pour ce sp\u00e9cialiste des <b>burgers<\/b>.<\/p>\n<p class=\" wall-content\"><a href=\"https:\/\/actu.fr\/ile-de-france\/deuil-la-barre_95197\/coupe-de-france-du-burger-ce-cuisinier-du-val-doise-veut-tout-rafler-pour-sa-premiere_62449050.html\" rel=\"nofollow noopener\" target=\"_blank\"> Tanesh Thanaratnam<\/a>, habitant de<a href=\"https:\/\/actu.fr\/ile-de-france\/deuil-la-barre_95197\" rel=\"nofollow noopener\" target=\"_blank\"> Deuil-la-Barre<\/a> (<a href=\"https:\/\/actu.fr\/la-gazette-du-val-d-oise\/\" rel=\"nofollow noopener\" target=\"_blank\">Val-d\u2019Oise<\/a>) participait pour la premi\u00e8re fois \u00e0 la finale de la <b>Coupe de France<\/b> du burger, mercredi 2 avril.<\/p>\n<p class=\" wall-content\">Et le novice a d\u00e9jou\u00e9 les pronostics, puisqu\u2019il a <b>remport\u00e9 <\/b>la finale r\u00e9gionale face \u00e0 quatre autres concurrents.<\/p>\n<p class=\" wall-content\">\u00a0\u00bb On m\u2019a assur\u00e9 que jamais <b>personne <\/b>n\u2019avait remport\u00e9 sa r\u00e9gion d\u00e8s la premi\u00e8re participation. C\u2019est une fiert\u00e9. \u00ab\u00a0<\/p>\n<p>    <a href=\"https:\/\/www.facebook.com\/plugins\/video.php?height=476&amp;href=https%3A%2F%2Fwww.facebook.com%2Freel%2F1168712877742720%2F&amp;show_text=false&amp;width=350&amp;t=0\" title=\"Ouvrie le lien\" rel=\"nofollow noopener\" target=\"_blank\">Cliquez ici pour visualiser le contenu<\/a><\/p>\n<p>Une journ\u00e9e pleine d\u2019apprentissages<\/p>\n<p class=\" wall-content\">Il \u00e9tait peu avant 10h, mercredi 2 avril, lorsque Tanesh s\u2019est mis au <b>travail<\/b>.<\/p>\n<p>Vid\u00e9os : en ce moment sur Actu<\/p>\n<p class=\" wall-content\">Minutieusement, il a \u00e9labor\u00e9 plusieurs <b>burgers <\/b>afin de les faire d\u00e9guster \u00e0 un jury compos\u00e9 de professionnels, parmi lesquels comptait le <b>meilleur ouvrier de France<\/b> Tom Meyer.<\/p>\n<p class=\" wall-content\">Une journ\u00e9e charg\u00e9e pour le cuisinier, mais pleine d\u2019enseignements.<\/p>\n<blockquote class=\"ac-article-quote wall-content\">\n<p>Il y avait beaucoup de pression, il a fallu s\u2019adapter \u00e0 un mat\u00e9riel que je ne connaissais pas.<\/p>\n<p>Tanesh Thanaratnam, vainqueur de la finale r\u00e9gionale de la Coupe de France du burger<\/p><\/blockquote>\n<p class=\" wall-content\">Malgr\u00e9 cela, il a remport\u00e9 \u00e0 l\u2019<b>unanimit\u00e9<\/b> la finale r\u00e9gionale d\u2019\u00cele-de-France.<\/p>\n<blockquote class=\"ac-article-quote wall-content\">\n<p>J\u2019ai gagn\u00e9 gr\u00e2ce \u00e0 l\u2019histoire, le go\u00fbt et la m\u00e9thode de production du burger.<\/p>\n<p>Tanesh Thanaratnam<\/p><\/blockquote>\n<p class=\" wall-content\">S\u2019il n\u2019a fini qu\u2019\u00e0 la cinqui\u00e8me place de la finale nationale, le sp\u00e9cialiste des <b>burgers <\/b>consid\u00e8re que \u00ab la journ\u00e9e \u00e9tait d\u00e9j\u00e0 gagn\u00e9e avant \u00bb.<\/p>\n<p class=\" wall-content\">Une premi\u00e8re <b>exp\u00e9rience <\/b>dans le monde des concours culinaires qui a donn\u00e9 \u00e0 Tanesh le go\u00fbt de la comp\u00e9tition.<\/p>\n<blockquote class=\"ac-article-quote wall-content\">\n<p>\u00c9videmment, cela me motive pour revenir l\u2019an prochain. Je n\u2019avais jamais ressenti ce genre d\u2019adr\u00e9naline.\u00a0<\/p>\n<p>Tanesh Thanaratnam<\/p><\/blockquote>\n<p>    <a href=\"https:\/\/www.facebook.com\/plugins\/post.php?href=https%3A%2F%2Fwww.facebook.com%2Fpermalink.php%3Fstory_fbid%3Dpfbid02ghujq3XPCcRZmqfLBoY8Zaq3Jo521iwvRFiq5a93JeGMobsaFWhJkpop98NjKZ74l%26id%3D100064163288844&amp;show_text=true&amp;width=350\" title=\"Ouvrie le lien\" rel=\"nofollow noopener\" target=\"_blank\">Cliquez ici pour visualiser le contenu<\/a><\/p>\n<p>Retour au resto<\/p>\n<p class=\" wall-content\">De retour \u00e0 <a href=\"https:\/\/www.facebook.com\/p\/La-Station-Burger-100064163288844\/\" rel=\"nofollow noopener\" target=\"_blank\">La station burger <\/a>aur\u00e9ol\u00e9 d\u2019un tr\u00e8s beau titre, avec un ch\u00e8que de 1 000 \u20ac en poche, Tanesh propose son plat \u00e0 la carte du <b>restaurant <\/b>\u00e0 Deuil-la-Barre.<\/p>\n<p class=\" wall-content\">Le burger <b>Le tissot de la Varenne<\/b> est propos\u00e9 \u00e0 la vente depuis cette semaine.<\/p>\n<p class=\" wall-content\">Il s\u2019agit d\u2019un b\u0153uf carotte en burger <b>bistronomique<\/b>.<\/p>\n<p class=\" wall-content\">\u00c0 l\u2019int\u00e9rieur, les clients auront le plaisir de go\u00fbter l\u2019alliage de <b>kumquats <\/b>confits et de fanes de carottes frites, avec un pain <b>brioch\u00e9<\/b> \u00e9labor\u00e9 comme un \u00ab carott cake \u00bb, une joue de b\u0153uf mijot\u00e9e dans son jus, une viande de qualit\u00e9 et du black cheddar matur\u00e9 en guise de <b>fromage<\/b>.<\/p>\n<p class=\" wall-content\">Le fruit d\u2019un long travail avec toute l\u2019\u00e9quipe du <b>restaurant<\/b>, que Tanesh \u00ab\u00a0est fier d\u2019avoir repr\u00e9sent\u00e9\u00a0\u00bb sur la sc\u00e8ne nationale.<\/p>\n<p class=\" wall-content\">Suivez toute l\u2019actualit\u00e9 de vos villes et m\u00e9dias favoris en vous inscrivant \u00e0 <a href=\"https:\/\/moncompte.actu.fr\" title=\"D\u00e9couvez Mon Actu\" rel=\"nofollow noopener\" data-trk=\"{&quot;cta&quot;:{&quot;action&quot;:&quot;https:\\\/\\\/moncompte.actu.fr&quot;,&quot;category&quot;:&quot;mon compte&quot;,&quot;from&quot;:&quot;article footer&quot;,&quot;name&quot;:&quot;Mon actu&quot;,&quot;type&quot;:&quot;cta&quot;}}\" target=\"_blank\">Mon Actu<\/a>.<\/p>\n","protected":false},"excerpt":{"rendered":"Par Rapha\u00ebl Delaveaux Publi\u00e9 le 11 avr. 2025 \u00e0 12h50 Une journ\u00e9e en or pour ce sp\u00e9cialiste des&hellip;\n","protected":false},"author":2,"featured_media":19875,"comment_status":"","ping_status":"","sticky":false,"template":"","format":"standard","meta":{"footnotes":""},"categories":[1592],"tags":[1111,11,83,902,1777,674,1011,27,662,12,626,25,1340,104],"class_list":{"0":"post-19874","1":"post","2":"type-post","3":"status-publish","4":"format-standard","5":"has-post-thumbnail","7":"category-ile-de-france","8":"tag-actu","9":"tag-actualites","10":"tag-coupe-de-france","11":"tag-cuisine","12":"tag-eu","13":"tag-europe","14":"tag-fr","15":"tag-france","16":"tag-ile-de-france","17":"tag-news","18":"tag-paris","19":"tag-republique-francaise","20":"tag-restaurant","21":"tag-societe"},"share_on_mastodon":{"url":"https:\/\/pubeurope.com\/@fr\/114325267769822484","error":""},"_links":{"self":[{"href":"https:\/\/www.europesays.com\/fr\/wp-json\/wp\/v2\/posts\/19874","targetHints":{"allow":["GET"]}}],"collection":[{"href":"https:\/\/www.europesays.com\/fr\/wp-json\/wp\/v2\/posts"}],"about":[{"href":"https:\/\/www.europesays.com\/fr\/wp-json\/wp\/v2\/types\/post"}],"author":[{"embeddable":true,"href":"https:\/\/www.europesays.com\/fr\/wp-json\/wp\/v2\/users\/2"}],"replies":[{"embeddable":true,"href":"https:\/\/www.europesays.com\/fr\/wp-json\/wp\/v2\/comments?post=19874"}],"version-history":[{"count":0,"href":"https:\/\/www.europesays.com\/fr\/wp-json\/wp\/v2\/posts\/19874\/revisions"}],"wp:featuredmedia":[{"embeddable":true,"href":"https:\/\/www.europesays.com\/fr\/wp-json\/wp\/v2\/media\/19875"}],"wp:attachment":[{"href":"https:\/\/www.europesays.com\/fr\/wp-json\/wp\/v2\/media?parent=19874"}],"wp:term":[{"taxonomy":"category","embeddable":true,"href":"https:\/\/www.europesays.com\/fr\/wp-json\/wp\/v2\/categories?post=19874"},{"taxonomy":"post_tag","embeddable":true,"href":"https:\/\/www.europesays.com\/fr\/wp-json\/wp\/v2\/tags?post=19874"}],"curies":[{"name":"wp","href":"https:\/\/api.w.org\/{rel}","templated":true}]}}