{"id":198748,"date":"2025-06-23T17:55:10","date_gmt":"2025-06-23T17:55:10","guid":{"rendered":"https:\/\/www.europesays.com\/fr\/198748\/"},"modified":"2025-06-23T17:55:10","modified_gmt":"2025-06-23T17:55:10","slug":"lucioles-grenouilles-oiseaux-nocturnes-a-montpellier-la-pollution-lumineuse-des-lampadaires-passee-au-crible-par-les-scientifiques-liberation","status":"publish","type":"post","link":"https:\/\/www.europesays.com\/fr\/198748\/","title":{"rendered":"Lucioles, grenouilles, oiseaux nocturnes\u2026 A Montpellier, la pollution lumineuse des lampadaires pass\u00e9e au crible par les scientifiques \u2013 Lib\u00e9ration"},"content":{"rendered":"<p class=\"sc-ksZaOG ehjQrN text-element\">Et si r\u00e9duire <a href=\"https:\/\/www.liberation.fr\/sciences\/espace\/la-pollution-lumineuse-vue-de-lespace-une-carte-pour-mesurer-les-degats-de-leclairage-led-dans-les-villes-20221029_YKMANWJHLJDW7NZ2LY4CX25ZY4\/\" target=\"_blank\" rel=\"nofollow noopener\" title=\"https:\/\/www.liberation.fr\/sciences\/espace\/la-pollution-lumineuse-vue-de-lespace-une-carte-pour-mesurer-les-degats-de-leclairage-led-dans-les-villes-20221029_YKMANWJHLJDW7NZ2LY4CX25ZY4\/\">la pollution lumineuse en ville<\/a> en conciliant \u00e0 la fois respect de la biodiversit\u00e9, attentes des habitants et s\u00e9curit\u00e9 \u00e9tait possible ? C\u2019est la question \u00e0 laquelle une \u00e9quipe de six chercheuses fran\u00e7aises (Inrae, MNHN, AgroParisTech) et un chercheur de la start-up la TeleScop a essay\u00e9 de r\u00e9pondre dans <a href=\"https:\/\/www.nature.com\/articles\/s44284-025-00245-7\" target=\"_blank\" rel=\"nofollow noopener\" title=\"https:\/\/www.nature.com\/articles\/s44284-025-00245-7\">une \u00e9tude<\/a> publi\u00e9e le 20 juin dans la revue Nature Cities. \u00abNous sommes parties d\u2019un constat : quand on parle de l\u2019\u00e9clairage public avec des \u00e9lus et des associations de protection de l\u2019environnement, les positions sont souvent \u201cextr\u00eames\u201d, tr\u00e8s polaris\u00e9es, expose aupr\u00e8s de Lib\u00e9 L\u00e9a Tardieu, \u00e9conomiste de l\u2019environnement \u00e0 l\u2019Inrae et coautrice de l\u2019\u00e9tude. On est dans une logique du \u201ctout ou rien\u201d : soit on ne fait rien car certains habitants sont contre, soit on \u00e9teint partout. L\u2019id\u00e9e ici \u00e9tait de montrer que l\u2019on peut \u00eatre plus fin et mettre en place des politiqu<\/p>\n","protected":false},"excerpt":{"rendered":"Et si r\u00e9duire la pollution lumineuse en ville en conciliant \u00e0 la fois respect de la biodiversit\u00e9, attentes&hellip;\n","protected":false},"author":2,"featured_media":198749,"comment_status":"","ping_status":"","sticky":false,"template":"","format":"standard","meta":{"footnotes":""},"categories":[9599],"tags":[1111,11,5253,1777,674,1011,27,2208,12,2680,25],"class_list":{"0":"post-198748","1":"post","2":"type-post","3":"status-publish","4":"format-standard","5":"has-post-thumbnail","7":"category-montpellier","8":"tag-actu","9":"tag-actualites","10":"tag-biodiversite-cest-la-sante","11":"tag-eu","12":"tag-europe","13":"tag-fr","14":"tag-france","15":"tag-montpellier","16":"tag-news","17":"tag-occitanie","18":"tag-republique-francaise"},"share_on_mastodon":{"url":"https:\/\/pubeurope.com\/@fr\/114733968561973076","error":""},"_links":{"self":[{"href":"https:\/\/www.europesays.com\/fr\/wp-json\/wp\/v2\/posts\/198748","targetHints":{"allow":["GET"]}}],"collection":[{"href":"https:\/\/www.europesays.com\/fr\/wp-json\/wp\/v2\/posts"}],"about":[{"href":"https:\/\/www.europesays.com\/fr\/wp-json\/wp\/v2\/types\/post"}],"author":[{"embeddable":true,"href":"https:\/\/www.europesays.com\/fr\/wp-json\/wp\/v2\/users\/2"}],"replies":[{"embeddable":true,"href":"https:\/\/www.europesays.com\/fr\/wp-json\/wp\/v2\/comments?post=198748"}],"version-history":[{"count":0,"href":"https:\/\/www.europesays.com\/fr\/wp-json\/wp\/v2\/posts\/198748\/revisions"}],"wp:featuredmedia":[{"embeddable":true,"href":"https:\/\/www.europesays.com\/fr\/wp-json\/wp\/v2\/media\/198749"}],"wp:attachment":[{"href":"https:\/\/www.europesays.com\/fr\/wp-json\/wp\/v2\/media?parent=198748"}],"wp:term":[{"taxonomy":"category","embeddable":true,"href":"https:\/\/www.europesays.com\/fr\/wp-json\/wp\/v2\/categories?post=198748"},{"taxonomy":"post_tag","embeddable":true,"href":"https:\/\/www.europesays.com\/fr\/wp-json\/wp\/v2\/tags?post=198748"}],"curies":[{"name":"wp","href":"https:\/\/api.w.org\/{rel}","templated":true}]}}