{"id":198750,"date":"2025-06-23T17:56:23","date_gmt":"2025-06-23T17:56:23","guid":{"rendered":"https:\/\/www.europesays.com\/fr\/198750\/"},"modified":"2025-06-23T17:56:23","modified_gmt":"2025-06-23T17:56:23","slug":"des-piqures-sauvages-durant-la-fete-de-la-musique-de-rouen-trois-plaintes-deposees","status":"publish","type":"post","link":"https:\/\/www.europesays.com\/fr\/198750\/","title":{"rendered":"Des \u00ab\u2009piq\u00fbres sauvages\u2009\u00bb durant la f\u00eate de la musique de Rouen ? Trois plaintes d\u00e9pos\u00e9es"},"content":{"rendered":"<p>            Par<br \/>\n        <strong><br \/>\n            <a href=\"https:\/\/actu.fr\/auteur\/thomas-rideau\" title=\"Consulter tous les articles de Thomas Rideau\" target=\"_blank\" rel=\"noopener\">Thomas Rideau<\/a><br \/>\n        <\/strong><\/p>\n<p>        Publi\u00e9 le<\/p>\n<p>            23 juin 2025 \u00e0 15h06        <\/p>\n<p>Psychose ou v\u00e9ritable agression\u2009? Le ph\u00e9nom\u00e8ne des piq\u00fbres sauvages en soir\u00e9e semble faire sa r\u00e9apparition. \u00c0 <a href=\"https:\/\/actu.fr\/normandie\/rouen_76540\" target=\"_blank\" rel=\"noopener\">Rouen (Seine-Maritime)<\/a>, en marge de la f\u00eate de la musique, ce 21 juin 2025, <strong>19 personnes ont signal\u00e9<\/strong> \u00ab\u2009avoir \u00e9t\u00e9 peut-\u00eatre piqu\u00e9es par un tiers lors de la soir\u00e9e\u2009\u00bb, indique le parquet dans une communication.<\/p>\n<p class=\" wall-content\">Une <strong>enqu\u00eate<\/strong> pour \u00ab\u2009administration de substances nuisibles a \u00e9t\u00e9 ouverte\u2009\u00bb, par le procureur de la R\u00e9publique qui appelle, dans le m\u00eame temps, \u00e0 la prudence\u2009: \u00ab\u2009<strong>Rien ne permet<\/strong> pour l\u2019heure d\u2019affirmer qu\u2019<strong>un tiers a bien tent\u00e9<\/strong> d\u2019injecter des substances \u00e0 une de ces 19\u00a0personnes.\u2009\u00bb<\/p>\n<p>Trois plaintes de d\u00e9pos\u00e9es<\/p>\n<p class=\" wall-content\">Et de pr\u00e9ciser que, \u00ab\u2009\u00e0 ce stade, seules trois plaintes\u2009\u00bb ont \u00e9t\u00e9 d\u00e9pos\u00e9es. \u00ab\u2009Quelques autres \u2013 en fait <strong>piqu\u00e9es par des insectes<\/strong> \u2013 se sont depuis d\u00e9sist\u00e9es de leur signalement.\u2009\u00bb<\/p>\n<p class=\" wall-content\">\u00c0 noter tout de m\u00eame qu\u2019un individu suspect \u00ab\u2009a \u00e9t\u00e9 plac\u00e9 en garde \u00e0 vue\u2009\u00bb mais que cette derni\u00e8re a \u00e9t\u00e9 lev\u00e9e, \u00ab\u2009les premiers \u00e9l\u00e9ments n\u2019ont pas permis de le mettre en cause plus pr\u00e9cis\u00e9ment\u2009\u00bb. \u00ab\u2009<strong>De nombreuses investigations et expertises<\/strong> (notamment afin de d\u00e9terminer si les plaignants ont \u00e9t\u00e9 ou non intoxiqu\u00e9s) sont \u00e0 accomplir dans les jours \u00e0 venir.\u2009\u00bb<\/p>\n<p>Suivez l\u2019actualit\u00e9 de Rouen <a href=\"https:\/\/www.whatsapp.com\/channel\/0029VaKfnf99hXF2ddApFB1D\" target=\"_blank\" rel=\"noopener\">sur notre cha\u00eene WhatsApp<\/a> et <a href=\"https:\/\/www.tiktok.com\/@76actu.fr?lang=fr\" target=\"_blank\" rel=\"noopener\">sur notre compte TikTok<\/a>Vid\u00e9os : en ce moment sur Actu<\/p>\n<p class=\" wall-content\">Suivez toute l\u2019actualit\u00e9 de vos villes et m\u00e9dias favoris en vous inscrivant \u00e0 <a href=\"https:\/\/moncompte.actu.fr\" title=\"D\u00e9couvez Mon Actu\" rel=\"nofollow noopener\" data-trk=\"{&quot;cta&quot;:{&quot;action&quot;:&quot;https:\\\/\\\/moncompte.actu.fr&quot;,&quot;category&quot;:&quot;mon compte&quot;,&quot;from&quot;:&quot;article footer&quot;,&quot;name&quot;:&quot;Mon actu&quot;,&quot;type&quot;:&quot;cta&quot;}}\" target=\"_blank\">Mon Actu<\/a>.<\/p>\n<p>                    <script async src=\"\/\/www.tiktok.com\/embed.js\"><\/script><\/p>\n","protected":false},"excerpt":{"rendered":"Par Thomas Rideau Publi\u00e9 le 23 juin 2025 \u00e0 15h06 Psychose ou v\u00e9ritable agression\u2009? Le ph\u00e9nom\u00e8ne des piq\u00fbres&hellip;\n","protected":false},"author":2,"featured_media":198751,"comment_status":"","ping_status":"","sticky":false,"template":"","format":"standard","meta":{"footnotes":""},"categories":[9587],"tags":[1111,11,1777,674,118,25885,1011,27,12,5161,25,9590],"class_list":{"0":"post-198750","1":"post","2":"type-post","3":"status-publish","4":"format-standard","5":"has-post-thumbnail","7":"category-rouen","8":"tag-actu","9":"tag-actualites","10":"tag-eu","11":"tag-europe","12":"tag-faits-divers","13":"tag-fete-de-la-musique","14":"tag-fr","15":"tag-france","16":"tag-news","17":"tag-normandie","18":"tag-republique-francaise","19":"tag-rouen"},"share_on_mastodon":{"url":"https:\/\/pubeurope.com\/@fr\/114733972451164057","error":""},"_links":{"self":[{"href":"https:\/\/www.europesays.com\/fr\/wp-json\/wp\/v2\/posts\/198750","targetHints":{"allow":["GET"]}}],"collection":[{"href":"https:\/\/www.europesays.com\/fr\/wp-json\/wp\/v2\/posts"}],"about":[{"href":"https:\/\/www.europesays.com\/fr\/wp-json\/wp\/v2\/types\/post"}],"author":[{"embeddable":true,"href":"https:\/\/www.europesays.com\/fr\/wp-json\/wp\/v2\/users\/2"}],"replies":[{"embeddable":true,"href":"https:\/\/www.europesays.com\/fr\/wp-json\/wp\/v2\/comments?post=198750"}],"version-history":[{"count":0,"href":"https:\/\/www.europesays.com\/fr\/wp-json\/wp\/v2\/posts\/198750\/revisions"}],"wp:featuredmedia":[{"embeddable":true,"href":"https:\/\/www.europesays.com\/fr\/wp-json\/wp\/v2\/media\/198751"}],"wp:attachment":[{"href":"https:\/\/www.europesays.com\/fr\/wp-json\/wp\/v2\/media?parent=198750"}],"wp:term":[{"taxonomy":"category","embeddable":true,"href":"https:\/\/www.europesays.com\/fr\/wp-json\/wp\/v2\/categories?post=198750"},{"taxonomy":"post_tag","embeddable":true,"href":"https:\/\/www.europesays.com\/fr\/wp-json\/wp\/v2\/tags?post=198750"}],"curies":[{"name":"wp","href":"https:\/\/api.w.org\/{rel}","templated":true}]}}