{"id":198754,"date":"2025-06-23T17:58:11","date_gmt":"2025-06-23T17:58:11","guid":{"rendered":"https:\/\/www.europesays.com\/fr\/198754\/"},"modified":"2025-06-23T17:58:11","modified_gmt":"2025-06-23T17:58:11","slug":"aubenas-des-chansons-metissees-a-laffiche-de-la-bobine-le-27-juin","status":"publish","type":"post","link":"https:\/\/www.europesays.com\/fr\/198754\/","title":{"rendered":"Aubenas. Des chansons m\u00e9tiss\u00e9es \u00e0 l\u2019affiche de La Bobine le 27\u00a0juin"},"content":{"rendered":"<p>C\u2019est avec les rythmes de Lula Maria &amp; Quando que l\u2019espace culturel associatif albenassien La Bobine va vibrer ce vendredi 27\u00a0juin \u00e0 20\u00a0h\u00a030. Un groupe form\u00e9 autour de la chanteuse Lula Maria qui autour de ses racines et de ses influences br\u00e9siliennes, qui entra\u00eene les spectateurs dans une chanson m\u00e9tisse au fil de compositions originales teint\u00e9es d\u2019afro, de samba et de groove\u00a0!<\/p>\n<p class=\"note\">Tarifs\u00a0: de 8 \u00e0 15\u00a0euros. Renseignements et r\u00e9servations\u00a0: 04\u00a075\u00a093\u00a073\u00a090 ou labobine.asso@gmail.com<\/p>\n","protected":false},"excerpt":{"rendered":"C\u2019est avec les rythmes de Lula Maria &amp; Quando que l\u2019espace culturel associatif albenassien La Bobine va vibrer&hellip;\n","protected":false},"author":2,"featured_media":198755,"comment_status":"","ping_status":"","sticky":false,"template":"","format":"standard","meta":{"footnotes":""},"categories":[9566],"tags":[1111,11,17018,33845,2430,1687,4645,1777,674,1795,1011,27,2731,12,25,3140],"class_list":{"0":"post-198754","1":"post","2":"type-post","3":"status-publish","4":"format-standard","5":"has-post-thumbnail","7":"category-grenoble","8":"tag-actu","9":"tag-actualites","10":"tag-aubenas","11":"tag-aubenas-bassin","12":"tag-auvergne-rhone-alpes","13":"tag-culture-loisirs","14":"tag-edition-aubenas-privas-vallee-du-rhone","15":"tag-eu","16":"tag-europe","17":"tag-fil-web","18":"tag-fr","19":"tag-france","20":"tag-grenoble","21":"tag-news","22":"tag-republique-francaise","23":"tag-spectacle"},"share_on_mastodon":{"url":"https:\/\/pubeurope.com\/@fr\/114733980289318417","error":""},"_links":{"self":[{"href":"https:\/\/www.europesays.com\/fr\/wp-json\/wp\/v2\/posts\/198754","targetHints":{"allow":["GET"]}}],"collection":[{"href":"https:\/\/www.europesays.com\/fr\/wp-json\/wp\/v2\/posts"}],"about":[{"href":"https:\/\/www.europesays.com\/fr\/wp-json\/wp\/v2\/types\/post"}],"author":[{"embeddable":true,"href":"https:\/\/www.europesays.com\/fr\/wp-json\/wp\/v2\/users\/2"}],"replies":[{"embeddable":true,"href":"https:\/\/www.europesays.com\/fr\/wp-json\/wp\/v2\/comments?post=198754"}],"version-history":[{"count":0,"href":"https:\/\/www.europesays.com\/fr\/wp-json\/wp\/v2\/posts\/198754\/revisions"}],"wp:featuredmedia":[{"embeddable":true,"href":"https:\/\/www.europesays.com\/fr\/wp-json\/wp\/v2\/media\/198755"}],"wp:attachment":[{"href":"https:\/\/www.europesays.com\/fr\/wp-json\/wp\/v2\/media?parent=198754"}],"wp:term":[{"taxonomy":"category","embeddable":true,"href":"https:\/\/www.europesays.com\/fr\/wp-json\/wp\/v2\/categories?post=198754"},{"taxonomy":"post_tag","embeddable":true,"href":"https:\/\/www.europesays.com\/fr\/wp-json\/wp\/v2\/tags?post=198754"}],"curies":[{"name":"wp","href":"https:\/\/api.w.org\/{rel}","templated":true}]}}