{"id":198758,"date":"2025-06-23T18:00:20","date_gmt":"2025-06-23T18:00:20","guid":{"rendered":"https:\/\/www.europesays.com\/fr\/198758\/"},"modified":"2025-06-23T18:00:20","modified_gmt":"2025-06-23T18:00:20","slug":"morlaix-libertes-denonce-la-politique-anti-migratoire-du-gouvernement","status":"publish","type":"post","link":"https:\/\/www.europesays.com\/fr\/198758\/","title":{"rendered":"Morlaix Libert\u00e9s d\u00e9nonce \u00ab\u00a0la politique anti-migratoire du gouvernement\u00a0\u00bb"},"content":{"rendered":"<p>Cr\u00e9\u00e9e en 1995, l\u2019association Morlaix Libert\u00e9, forte d\u2019une trentaine d\u2019adh\u00e9rents, agit pour favoriser l\u2019insertion des \u00e9trangers et d\u00e9fendre le droit d\u2019asile. \u00c0 l\u2019appel du Collectif de soutien aux personnes sans-papiers de Rennes, elle appelle \u00e0 manifester \u00e0 Rennes le samedi 28 juin, \u00e0 15\u00a0h, avec un large \u00e9ventail d\u2019organisations soucieuses des droits humains. \u00ab\u00a0Les droits fondamentaux des \u00e9trangers sont de plus en plus bafou\u00e9s. Des milliers de sans-papiers par exemple n\u2019ont pas acc\u00e8s \u00e0 l\u2019aide m\u00e9dicale d\u2019\u00c9tat, ni au droit au logement\u00a0\u00bb, indique Fabienne Sanquer, en d\u00e9non\u00e7ant la loi Darmanin de 2024 et les circulaires Retailleau.<\/p>\n<p>Expulsions et conditions d\u2019acc\u00e8s difficiles aux titres de s\u00e9jour<\/p>\n<p>\u00ab\u00a0On note une augmentation significative des obligations de quitter le territoire fran\u00e7ais (OQTF), et une multiplication des contr\u00f4les d\u2019identit\u00e9 dans les transports en commun, et aux abords des associations caritatives comme les Restos du c\u0153ur\u00a0\u00bb, d\u00e9nonce Sylvaine Vulpiani. Pour Elisabeth B\u00e9gard, la politique gouvernementale conduit \u00e0 un durcissement des conditions d\u2019acc\u00e8s aux titres de s\u00e9jour. \u00ab\u00a0Il faut un examen civique \u00e9crit, un niveau \u00e9lev\u00e9 en fran\u00e7ais, et une absence de s\u00e9jour irr\u00e9gulier par le pass\u00e9. A cela s\u2019ajoute les difficult\u00e9s des d\u00e9marches en ligne\u00a0\u00bb.<\/p>\n<p><b>Pratique<\/b><\/p>\n<p class=\"note\">Morlaix Libert\u00e9s, permanences au pavillon du Pouliet, place Pouliet, tous les mardis (18\u00a0h\u00a030-20\u00a0h\u00a030). Contact\u00a0: t\u00e9l. 06\u00a066\u00a045\u00a077\u00a012 et morlaixlib@laposte.net<\/p>\n","protected":false},"excerpt":{"rendered":"Cr\u00e9\u00e9e en 1995, l\u2019association Morlaix Libert\u00e9, forte d\u2019une trentaine d\u2019adh\u00e9rents, agit pour favoriser l\u2019insertion des \u00e9trangers et d\u00e9fendre&hellip;\n","protected":false},"author":2,"featured_media":198759,"comment_status":"","ping_status":"","sticky":false,"template":"","format":"standard","meta":{"footnotes":""},"categories":[2821],"tags":[1111,11,829,1777,674,1011,27,2131,12,584,25],"class_list":{"0":"post-198758","1":"post","2":"type-post","3":"status-publish","4":"format-standard","5":"has-post-thumbnail","7":"category-rennes","8":"tag-actu","9":"tag-actualites","10":"tag-bretagne","11":"tag-eu","12":"tag-europe","13":"tag-fr","14":"tag-france","15":"tag-morlaix","16":"tag-news","17":"tag-rennes","18":"tag-republique-francaise"},"share_on_mastodon":{"url":"https:\/\/pubeurope.com\/@fr\/114733988232011456","error":""},"_links":{"self":[{"href":"https:\/\/www.europesays.com\/fr\/wp-json\/wp\/v2\/posts\/198758","targetHints":{"allow":["GET"]}}],"collection":[{"href":"https:\/\/www.europesays.com\/fr\/wp-json\/wp\/v2\/posts"}],"about":[{"href":"https:\/\/www.europesays.com\/fr\/wp-json\/wp\/v2\/types\/post"}],"author":[{"embeddable":true,"href":"https:\/\/www.europesays.com\/fr\/wp-json\/wp\/v2\/users\/2"}],"replies":[{"embeddable":true,"href":"https:\/\/www.europesays.com\/fr\/wp-json\/wp\/v2\/comments?post=198758"}],"version-history":[{"count":0,"href":"https:\/\/www.europesays.com\/fr\/wp-json\/wp\/v2\/posts\/198758\/revisions"}],"wp:featuredmedia":[{"embeddable":true,"href":"https:\/\/www.europesays.com\/fr\/wp-json\/wp\/v2\/media\/198759"}],"wp:attachment":[{"href":"https:\/\/www.europesays.com\/fr\/wp-json\/wp\/v2\/media?parent=198758"}],"wp:term":[{"taxonomy":"category","embeddable":true,"href":"https:\/\/www.europesays.com\/fr\/wp-json\/wp\/v2\/categories?post=198758"},{"taxonomy":"post_tag","embeddable":true,"href":"https:\/\/www.europesays.com\/fr\/wp-json\/wp\/v2\/tags?post=198758"}],"curies":[{"name":"wp","href":"https:\/\/api.w.org\/{rel}","templated":true}]}}