{"id":198764,"date":"2025-06-23T18:03:10","date_gmt":"2025-06-23T18:03:10","guid":{"rendered":"https:\/\/www.europesays.com\/fr\/198764\/"},"modified":"2025-06-23T18:03:10","modified_gmt":"2025-06-23T18:03:10","slug":"strasbourg-lex-brasserie-kohler-rehm-installe-une-terrasse-tout-lete-avant-la-reouverture-en-fin-dannee","status":"publish","type":"post","link":"https:\/\/www.europesays.com\/fr\/198764\/","title":{"rendered":"Strasbourg. L\u2019ex brasserie Kohler-Rehm installe une terrasse tout l\u2019\u00e9t\u00e9 avant la r\u00e9ouverture en fin d\u2019ann\u00e9e"},"content":{"rendered":"<p>  Un rodage avant l\u2019ouverture officielle<\/p>\n<p>La p\u00e9riode estivale est \u00e0 la fois un rodage pour la quinzaine d\u2019employ\u00e9s de La terrasse Kl\u00e9ber et une mani\u00e8re de prendre le pouls des clients. L\u2019occasion pour les barmans et serveurs de pr\u00e9senter une carte \u00e9ph\u00e9m\u00e8re avec des consommations accessibles et d\u2019autres plus complexes. \u00ab\u00a0La carte pr\u00e9sente des vins de la r\u00e9gion, une d\u00e9clinaison de bi\u00e8res de la brasserie Licorne, des cocktails \u00e9labor\u00e9s et des spiritueux exclusifs\u00a0\u00bb, ajoute Alexis Nacher. Du c\u00f4t\u00e9 de la restauration, des petits plats locaux et des glaces artisanales sont propos\u00e9s.<\/p>\n<p>L\u2019\u00e9t\u00e9 sera ponctu\u00e9 de \u00ab\u00a0happenings\u00a0\u00bb comme une soir\u00e9e carte blanche de cocktails, une autre autour de la culture Tiki ou encore une d\u00e9gustation bi\u00e8res et mets. Mais le personnel de La terrasse Kl\u00e9ber veut garder quelques secrets et divulguer son programme au fil de l\u2019eau. Les travaux du rez-de-chauss\u00e9e devraient \u00eatre termin\u00e9s en automne, ceux du premier \u00e9tage un peu plus tard. Le temps de patienter encore un peu avant de red\u00e9couvrir ce lieu charg\u00e9 d\u2019histoire.<\/p>\n","protected":false},"excerpt":{"rendered":"Un rodage avant l\u2019ouverture officielle La p\u00e9riode estivale est \u00e0 la fois un rodage pour la quinzaine d\u2019employ\u00e9s&hellip;\n","protected":false},"author":2,"featured_media":198765,"comment_status":"","ping_status":"","sticky":false,"template":"","format":"standard","meta":{"footnotes":""},"categories":[2820],"tags":[1111,11,130,33,2880,1777,674,107,1011,27,775,12,25,640,2879],"class_list":{"0":"post-198764","1":"post","2":"type-post","3":"status-publish","4":"format-standard","5":"has-post-thumbnail","7":"category-strasbourg","8":"tag-actu","9":"tag-actualites","10":"tag-consommation","11":"tag-economie","12":"tag-edition-strasbourg","13":"tag-eu","14":"tag-europe","15":"tag-fil-info","16":"tag-fr","17":"tag-france","18":"tag-grand-est","19":"tag-news","20":"tag-republique-francaise","21":"tag-strasbourg","22":"tag-strasbourg-ville"},"share_on_mastodon":{"url":"https:\/\/pubeurope.com\/@fr\/114733999998046669","error":""},"_links":{"self":[{"href":"https:\/\/www.europesays.com\/fr\/wp-json\/wp\/v2\/posts\/198764","targetHints":{"allow":["GET"]}}],"collection":[{"href":"https:\/\/www.europesays.com\/fr\/wp-json\/wp\/v2\/posts"}],"about":[{"href":"https:\/\/www.europesays.com\/fr\/wp-json\/wp\/v2\/types\/post"}],"author":[{"embeddable":true,"href":"https:\/\/www.europesays.com\/fr\/wp-json\/wp\/v2\/users\/2"}],"replies":[{"embeddable":true,"href":"https:\/\/www.europesays.com\/fr\/wp-json\/wp\/v2\/comments?post=198764"}],"version-history":[{"count":0,"href":"https:\/\/www.europesays.com\/fr\/wp-json\/wp\/v2\/posts\/198764\/revisions"}],"wp:featuredmedia":[{"embeddable":true,"href":"https:\/\/www.europesays.com\/fr\/wp-json\/wp\/v2\/media\/198765"}],"wp:attachment":[{"href":"https:\/\/www.europesays.com\/fr\/wp-json\/wp\/v2\/media?parent=198764"}],"wp:term":[{"taxonomy":"category","embeddable":true,"href":"https:\/\/www.europesays.com\/fr\/wp-json\/wp\/v2\/categories?post=198764"},{"taxonomy":"post_tag","embeddable":true,"href":"https:\/\/www.europesays.com\/fr\/wp-json\/wp\/v2\/tags?post=198764"}],"curies":[{"name":"wp","href":"https:\/\/api.w.org\/{rel}","templated":true}]}}