{"id":19878,"date":"2025-04-12T13:39:08","date_gmt":"2025-04-12T13:39:08","guid":{"rendered":"https:\/\/www.europesays.com\/fr\/19878\/"},"modified":"2025-04-12T13:39:08","modified_gmt":"2025-04-12T13:39:08","slug":"a-paris-la-butte-montmartre-impatiente-daccueillir-le-tour-de-france","status":"publish","type":"post","link":"https:\/\/www.europesays.com\/fr\/19878\/","title":{"rendered":"\u00e0 Paris, la butte Montmartre impatiente d&rsquo;accueillir le Tour de France"},"content":{"rendered":"<p>            Par<br \/>\n        <strong><br \/>\n            <a href=\"https:\/\/actu.fr\/auteur\/antoine-grotteria02\" title=\"Consulter tous les articles de Antoine Grotteria\" rel=\"nofollow noopener\" target=\"_blank\">Antoine Grotteria<\/a><br \/>\n        <\/strong><\/p>\n<p>        Publi\u00e9 le<\/p>\n<p>            12 avr. 2025 \u00e0 13h28        <\/p>\n<p>\u00ab\u2009On est bien, ici\u2009?\u2009\u00bb Dans sa petite boutique d\u2019art, Constance Lequesne poss\u00e8de une vue privil\u00e9gi\u00e9e sur la <a href=\"https:\/\/actu.fr\/ile-de-france\/paris_75056\/je-n-arrive-plus-a-en-parler-sans-m-enerver-a-montmartre-la-pietonnisation-de-la-butte-fait-polemique_62132703.html\" rel=\"nofollow noopener\" target=\"_blank\">rue Lepic<\/a>. Son rev\u00eatement pav\u00e9, son inclinaison \u2013 parfois s\u00e9v\u00e8re -, ses charmants r\u00e9verb\u00e8res, ses b\u00e2timents historiques\u2026 Depuis plusieurs ann\u00e9es, cette art\u00e8re situ\u00e9e \u00e0 quelques m\u00e8tres de la basilique du <a href=\"https:\/\/actu.fr\/ile-de-france\/paris_75056\/a-paris-le-sacre-coeur-va-etre-classe-monument-historique-ce-que-ca-va-changer_54439499.html\" rel=\"nofollow noopener\" target=\"_blank\">Sacr\u00e9-C\u0153ur<\/a>, au c\u0153ur du quartier de <a href=\"https:\/\/actu.fr\/ile-de-france\/paris_75056\/connaissez-vous-cette-rue-de-paris-aux-222-marches-haute-comme-12-etages_51929038.html\" rel=\"nofollow noopener\" target=\"_blank\">Montmartre<\/a>, suscite <strong>l\u2019effervescence<\/strong>. Du film Am\u00e9lie Poulain aux <a href=\"https:\/\/actu.fr\/jeux-olympiques-2024\/\" rel=\"nofollow noopener\" target=\"_blank\">Jeux olympiques de 2024<\/a>, le lieu a \u00e9t\u00e9 le th\u00e9\u00e2tre de sc\u00e8nes embl\u00e9matiques. Et le prochain \u00e9t\u00e9 s\u2019annonce <strong>mouvement\u00e9<\/strong>.<\/p>\n<p>Une f\u00eate diff\u00e9rente des JO\u2009?<\/p>\n<p class=\" wall-content\">Car le <a href=\"https:\/\/actu.fr\/tag\/tour-de-france\" rel=\"nofollow noopener\" target=\"_blank\">Tour de France<\/a> devrait charrier sa caravane et les meilleurs coureurs du peloton dans les rues \u00e9troites du 18e arrondissement de <a href=\"https:\/\/actu.fr\/paris\/\" rel=\"nofollow noopener\" target=\"_blank\">Paris<\/a>. Selon <a href=\"https:\/\/www.leparisien.fr\/sports\/cyclisme\/tour-de-france\/tour-de-france-2025-la-derniere-etape-passera-bien-par-montmartre-et-la-rue-lepic-pour-raviver-la-folie-des-jo-06-04-2025-WS7HYSTNRND2PG77FPNCNFFYAE.php\" rel=\"nofollow noopener\" target=\"_blank\">Le Parisien<\/a>, la derni\u00e8re \u00e9tape, qui se disputera le dimanche 27\u00a0juillet 2025, pourrait passer \u00e0 <strong>trois reprises<\/strong>, avant de s\u2019achever sur les <a href=\"https:\/\/actu.fr\/tag\/champs-elysees\" rel=\"nofollow noopener\" target=\"_blank\">Champs-\u00c9lys\u00e9es<\/a>, comme de coutume depuis un demi-si\u00e8cle. Le d\u00e9part du trac\u00e9 sera donn\u00e9 \u00e0 Mantes-la-Jolie (Yvelines).<\/p>\n<p class=\" wall-content\">\u00ab\u2009Le dossier est <strong>en cours d\u2019instruction<\/strong>\u2009\u00bb, a temp\u00e9r\u00e9 le pr\u00e9fet de police de Paris, <strong>Laurent Nu\u00f1ez<\/strong>, cit\u00e9 par le journal <a href=\"https:\/\/www.lequipe.fr\/Cyclisme-sur-route\/Actualites\/Le-passage-du-tour-de-france-par-montmartre-pas-encore-enterine-selon-la-prefecture-de-police-de-paris\/1552611\" rel=\"nofollow noopener\" target=\"_blank\">L\u2019\u00c9quipe<\/a>. De son c\u00f4t\u00e9, la mairie de Paris n\u2019a pas confirm\u00e9 l\u2019information. \u00ab\u2009C\u2019est un sujet [\u2026] qui a besoin d\u2019un travail tr\u00e8s fin avec les organisateurs [\u2026] <strong>Ce travail n\u2019est pas abouti<\/strong>\u2009\u00bb, a expliqu\u00e9 l\u2019adjoint \u00e0 la maire de Paris en charge du sport, Pierre Rabadan, lors de la <a href=\"https:\/\/actu.fr\/ile-de-france\/paris_75056\/on-manquait-d-espace-a-paris-la-porte-de-vincennes-va-s-equiper-d-un-temple-du-sport-de-trois-etages_62476898.html\" rel=\"nofollow noopener\" target=\"_blank\">pr\u00e9sentation<\/a> du futur \u00e9quipement sportif de la porte de Vincennes (12e).<\/p>\n<p class=\" wall-content\">Si les autorit\u00e9s calment le jeu, les commer\u00e7ants du quartier se h\u00e2tent d\u00e9j\u00e0. Avec l\u2019envie de revivre <strong>l\u2019enthousiasme des JO<\/strong>. Le 3\u00a0ao\u00fbt 2024, des milliers de personnes s\u2019\u00e9taient mass\u00e9es sur la butte.<\/p>\n<blockquote class=\"ac-article-quote wall-content\">\n<p>\u00ab\u00a0J&rsquo;\u00e9tais triste d&rsquo;avoir loup\u00e9 les Jeux olympiques. Les images \u00e9taient vraiment incroyables. On a m\u00eame France 2 qui est pass\u00e9e tout pr\u00e8s de l&rsquo;\u00e9choppe. Cette fois-ci, j&rsquo;esp\u00e8re \u00eatre pr\u00e9sente !\u00a0\u00bb<\/p>\n<p>    <strong>Constance Lequesne<\/strong><br \/>\n        Directrice de Little Big Galerie, rue Lepic    <\/p><\/blockquote>\n<p class=\" wall-content\">Au Lux Bar, 12 Rue Lepic, on se r\u00e9jouit \u00e9galement de cet \u00e9v\u00e9nement. \u00ab\u2009\u00c7a va r\u00e9veiller le quartier. Car l\u2019\u00e9t\u00e9, c\u2019est moins anim\u00e9 qu\u2019\u00e0 l\u2019ann\u00e9e. Et je pense que <strong>les habitants feront l\u2019effort de venir cette fois-ci<\/strong>\u2009\u00bb, conjecture l\u2019un des serveurs. Devant le comptoir, Beno\u00eet se montre plus sceptique. \u00ab\u2009C\u2019est bien qu\u2019il existe ce genre de course. Mais \u00e7a risque de <strong>d\u00e9naturer<\/strong> le quartier \u00e0 long terme\u2009\u00bb, s\u2019inqui\u00e8te celui qui observe l\u2019\u00e9volution du quartier depuis vingt-cinq ans.<\/p>\n<p>Un dispositif \u00e0 affiner<\/p>\n<p class=\" wall-content\">Son avis contraste avec les opinions de Julien et Julia. Co-g\u00e9rants du restaurant gastronomique Damoiseau, au tournant de la rue Lepic, ils habitent juste au-dessus de leur commerce. Lors de la course en ligne des hommes, le couple avait un emplacement de <strong>choix<\/strong> pour assister \u00e0 l\u2019\u00e9preuve. \u00ab\u2009On s\u2019amusait \u00e0 faire des allers-retours entre le rez-de-chauss\u00e9e et l\u2019appartement. C\u2019\u00e9tait compl\u00e8tement <strong>dingue<\/strong>\u2009\u00bb, insiste Julie.<\/p>\n<p class=\" wall-content\">Parmi les habitants, certains craignent, malgr\u00e9 tout, des difficult\u00e9s \u00e0 se mouvoir. \u00ab\u2009L\u2019ann\u00e9e derni\u00e8re, j\u2019ai mis <strong>plusieurs heures \u00e0 venir travailler dans le bar<\/strong>, alors que je n\u2019habite pas tr\u00e8s loin. Il a fallu que je contourne toute la rue\u2009\u00bb, explique l\u2019un des salari\u00e9s du caf\u00e9 Bibiche.<\/p>\n<p class=\" wall-content\">Et pour cause, la pr\u00e9sence de 170 coureurs, coupl\u00e9e \u00e0 l\u2019importante logistique de la <a href=\"https:\/\/actu.fr\/ile-de-france\/paris_75056\/on-ne-remplace-pas-paris-comme-ca-le-patron-du-tour-de-france-se-rejouit-du-retour-sur-les-champs-elysees_62076536.html\" rel=\"nofollow noopener\" target=\"_blank\">Grande Boucle<\/a>, n\u00e9cessite un dispositif de s\u00e9curit\u00e9 singulier. \u00ab\u2009On regarde si le nombre de barri\u00e8re est suffisant par exemple\u2009\u00bb, a conc\u00e9d\u00e9 Laurent Nu\u00f1ez. Mais ce n\u2019est pas la seule contrainte. La circulation devrait \u00eatre <strong>interrompue<\/strong> plusieurs jours avant la course. Des arbitrages doivent \u00eatre rendus dans les prochaines semaines.<\/p>\n<p class=\" wall-content\">Suivez toute l\u2019actualit\u00e9 de vos villes et m\u00e9dias favoris en vous inscrivant \u00e0 <a href=\"https:\/\/moncompte.actu.fr\" title=\"D\u00e9couvez Mon Actu\" rel=\"nofollow noopener\" data-trk=\"{&quot;cta&quot;:{&quot;action&quot;:&quot;https:\\\/\\\/moncompte.actu.fr&quot;,&quot;category&quot;:&quot;mon compte&quot;,&quot;from&quot;:&quot;article footer&quot;,&quot;name&quot;:&quot;Mon actu&quot;,&quot;type&quot;:&quot;cta&quot;}}\" target=\"_blank\">Mon Actu<\/a>.<\/p>\n","protected":false},"excerpt":{"rendered":"Par Antoine Grotteria Publi\u00e9 le 12 avr. 2025 \u00e0 13h28 \u00ab\u2009On est bien, ici\u2009?\u2009\u00bb Dans sa petite boutique&hellip;\n","protected":false},"author":2,"featured_media":19879,"comment_status":"","ping_status":"","sticky":false,"template":"","format":"standard","meta":{"footnotes":""},"categories":[1888],"tags":[1111,1928,11,1927,215,1777,674,1011,27,7661,12,1926,626,1925,25,104,2116],"class_list":{"0":"post-19878","1":"post","2":"type-post","3":"status-publish","4":"format-standard","5":"has-post-thumbnail","7":"category-paris","8":"tag-actu","9":"tag-actu-paris","10":"tag-actualites","11":"tag-actualites-paris","12":"tag-commerce","13":"tag-eu","14":"tag-europe","15":"tag-fr","16":"tag-france","17":"tag-montmartre","18":"tag-news","19":"tag-news-paris","20":"tag-paris","21":"tag-paris-news","22":"tag-republique-francaise","23":"tag-societe","24":"tag-tour-de-france-2025"},"share_on_mastodon":{"url":"https:\/\/pubeurope.com\/@fr\/114325275565318517","error":""},"_links":{"self":[{"href":"https:\/\/www.europesays.com\/fr\/wp-json\/wp\/v2\/posts\/19878","targetHints":{"allow":["GET"]}}],"collection":[{"href":"https:\/\/www.europesays.com\/fr\/wp-json\/wp\/v2\/posts"}],"about":[{"href":"https:\/\/www.europesays.com\/fr\/wp-json\/wp\/v2\/types\/post"}],"author":[{"embeddable":true,"href":"https:\/\/www.europesays.com\/fr\/wp-json\/wp\/v2\/users\/2"}],"replies":[{"embeddable":true,"href":"https:\/\/www.europesays.com\/fr\/wp-json\/wp\/v2\/comments?post=19878"}],"version-history":[{"count":0,"href":"https:\/\/www.europesays.com\/fr\/wp-json\/wp\/v2\/posts\/19878\/revisions"}],"wp:featuredmedia":[{"embeddable":true,"href":"https:\/\/www.europesays.com\/fr\/wp-json\/wp\/v2\/media\/19879"}],"wp:attachment":[{"href":"https:\/\/www.europesays.com\/fr\/wp-json\/wp\/v2\/media?parent=19878"}],"wp:term":[{"taxonomy":"category","embeddable":true,"href":"https:\/\/www.europesays.com\/fr\/wp-json\/wp\/v2\/categories?post=19878"},{"taxonomy":"post_tag","embeddable":true,"href":"https:\/\/www.europesays.com\/fr\/wp-json\/wp\/v2\/tags?post=19878"}],"curies":[{"name":"wp","href":"https:\/\/api.w.org\/{rel}","templated":true}]}}