{"id":198786,"date":"2025-06-23T18:14:09","date_gmt":"2025-06-23T18:14:09","guid":{"rendered":"https:\/\/www.europesays.com\/fr\/198786\/"},"modified":"2025-06-23T18:14:09","modified_gmt":"2025-06-23T18:14:09","slug":"totalenergies-cma-cgm-orange-des-fleurons-ancres-sur-le-territoire-local","status":"publish","type":"post","link":"https:\/\/www.europesays.com\/fr\/198786\/","title":{"rendered":"TotalEnergies, CMA CGM, Orange, des fleurons ancr\u00e9s sur le territoire local"},"content":{"rendered":"<p>Donner du sens et une raison d\u2019\u00eatre. Si la r\u00e9gion est \u00e0 la tra\u00eene, Marseille brille sur le territoire national voire international. La s\u00e9lection est forc\u00e9ment subjective. Difficile de passer \u00e0 c\u00f4t\u00e9 du fleuron <a href=\"https:\/\/www.laprovence.com\/article\/societe\/45532378056335\/eric-berton-president-d-aix-marseille-universite-l-aide-directe-de-cma-cgm-permettra-l-ouverture-d-une-centaine-de-logements\" target=\"_blank\" rel=\"nofollow noopener\">CMA CGM<\/a> (propri\u00e9taire unique de La Provence), de l\u2019International Total ou encore du tr\u00e8s connect\u00e9 Orange. Depuis\u00a02008, la Fondation TotalEnergies a r\u00e9orient\u00e9 son engagement vers un sujet aussi vital que souvent n\u00e9glig\u00e9\u00a0: <a href=\"https:\/\/www.laprovence.com\/article\/region\/29644826956094\/a-aix-la-fondation-total-energies-sengage-avec-lecole-des-xv-contre-le-decrochage-scolaire\" target=\"_blank\" rel=\"nofollow noopener\">la jeunesse vuln\u00e9rable.<\/a> Un virage strat\u00e9gique assum\u00e9, \u00e0 hauteur de 200\u00a0millions d\u2019euros par quinquennat en France. Cr\u00e9\u00e9e en\u00a01992, la Fondation s\u2019est d\u2019abord illustr\u00e9e dans le m\u00e9c\u00e9nat environnemental, en particulier autour de la biodiversit\u00e9 marine. Mais, \u00e0 partir de\u00a02008-2009, elle amorce un changement radical. \u00ab\u00a0Le virage se fait avec l\u2019initiative de Martin Hirsch, la Fondation d\u2019exp\u00e9rimentation pour la jeunesse\u00a0\u00bb, affirme Jean-Emmanuel Saulnier, pr\u00e9sident de la Fondation. Aujourd\u2019hui, la ligne est claire\u00a0: \u00ab\u00a0L\u2019environnement, c\u2019est un sujet du business. \u00c9viter, limiter, compenser\u2026 \u00e7a rel\u00e8ve du m\u00e9tier. Il y a trop de gamins qui sortent du dispositif scolaire sans \u00e9ducation, sans orientation, voire sans qualification professionnelle.\u00a0\u00bb Partant de ce constat, <a href=\"http:\/\/laprovence.com\/article\/region\/40516001366297\/rencontres-economiques-daix-pour-patrick-pouyanne-les-gens-veulent-une-transition-energetique-mais-ne-veulent-pas-payer-plus-cher\" target=\"_blank\" rel=\"nofollow noopener\">le PDG Patrick Pouyann\u00e9<\/a> a donn\u00e9 un cap net. \u00ab\u00a0C\u2019est la 1re fondation redistributrice de France\u00a0\u00bb, affirme Jean-Emmanuel Saulnier.<\/p>\n","protected":false},"excerpt":{"rendered":"Donner du sens et une raison d\u2019\u00eatre. Si la r\u00e9gion est \u00e0 la tra\u00eene, Marseille brille sur le&hellip;\n","protected":false},"author":2,"featured_media":198787,"comment_status":"","ping_status":"","sticky":false,"template":"","format":"standard","meta":{"footnotes":""},"categories":[2814],"tags":[17,1111,11,33849,33847,10184,154,33,1777,674,33848,1011,27,884,12,738,882,25,33846],"class_list":{"0":"post-198786","1":"post","2":"type-post","3":"status-publish","4":"format-standard","5":"has-post-thumbnail","7":"category-marseille","8":"tag-17","9":"tag-actu","10":"tag-actualites","11":"tag-ancres","12":"tag-cgm","13":"tag-cma","14":"tag-des","15":"tag-economie","16":"tag-eu","17":"tag-europe","18":"tag-fleurons","19":"tag-fr","20":"tag-france","21":"tag-marseille","22":"tag-news","23":"tag-orange","24":"tag-provence-alpes-cote-dazur","25":"tag-republique-francaise","26":"tag-totalenergies"},"share_on_mastodon":{"url":"https:\/\/pubeurope.com\/@fr\/114734043229682685","error":""},"_links":{"self":[{"href":"https:\/\/www.europesays.com\/fr\/wp-json\/wp\/v2\/posts\/198786","targetHints":{"allow":["GET"]}}],"collection":[{"href":"https:\/\/www.europesays.com\/fr\/wp-json\/wp\/v2\/posts"}],"about":[{"href":"https:\/\/www.europesays.com\/fr\/wp-json\/wp\/v2\/types\/post"}],"author":[{"embeddable":true,"href":"https:\/\/www.europesays.com\/fr\/wp-json\/wp\/v2\/users\/2"}],"replies":[{"embeddable":true,"href":"https:\/\/www.europesays.com\/fr\/wp-json\/wp\/v2\/comments?post=198786"}],"version-history":[{"count":0,"href":"https:\/\/www.europesays.com\/fr\/wp-json\/wp\/v2\/posts\/198786\/revisions"}],"wp:featuredmedia":[{"embeddable":true,"href":"https:\/\/www.europesays.com\/fr\/wp-json\/wp\/v2\/media\/198787"}],"wp:attachment":[{"href":"https:\/\/www.europesays.com\/fr\/wp-json\/wp\/v2\/media?parent=198786"}],"wp:term":[{"taxonomy":"category","embeddable":true,"href":"https:\/\/www.europesays.com\/fr\/wp-json\/wp\/v2\/categories?post=198786"},{"taxonomy":"post_tag","embeddable":true,"href":"https:\/\/www.europesays.com\/fr\/wp-json\/wp\/v2\/tags?post=198786"}],"curies":[{"name":"wp","href":"https:\/\/api.w.org\/{rel}","templated":true}]}}