{"id":198792,"date":"2025-06-23T18:17:10","date_gmt":"2025-06-23T18:17:10","guid":{"rendered":"https:\/\/www.europesays.com\/fr\/198792\/"},"modified":"2025-06-23T18:17:10","modified_gmt":"2025-06-23T18:17:10","slug":"lyon-gabriel-giorda-fait-entrer-the-french-studio-au-capital-des-espaces-receptifs","status":"publish","type":"post","link":"https:\/\/www.europesays.com\/fr\/198792\/","title":{"rendered":"Lyon. Gabriel Giorda fait entrer The French Studio au capital des Espaces R\u00e9ceptifs"},"content":{"rendered":"<p>En quelques ann\u00e9es, Gabriel Giorda s\u2019est b\u00e2ti une solide r\u00e9putation dans l\u2019\u00e9v\u00e9nementiel lyonnais et aspire \u00e0 devenir un incontournable. Pour satisfaire les demandes de s\u00e9minaires, de r\u00e9ceptions, de r\u00e9unions, de team building, de cocktails, de showrooms,\u00a0etc&#8230; Il propose une collection de 18 espaces r\u00e9ceptifs originaux, qu\u2019il a s\u00e9lectionn\u00e9 avec son \u00e9quipe.<\/p>\n<p>Des sites lyonnais dans lesquels il propose une offre cl\u00e9 en main \u00e0 des PME-ETI et des grands groupes \u00ab\u00a0\u00e0 la recherche&#8230;<\/p>\n","protected":false},"excerpt":{"rendered":"En quelques ann\u00e9es, Gabriel Giorda s\u2019est b\u00e2ti une solide r\u00e9putation dans l\u2019\u00e9v\u00e9nementiel lyonnais et aspire \u00e0 devenir un&hellip;\n","protected":false},"author":2,"featured_media":198793,"comment_status":"","ping_status":"","sticky":false,"template":"","format":"standard","meta":{"footnotes":""},"categories":[1889],"tags":[1111,11,2430,4406,130,33,2757,1777,674,1011,27,2428,2756,12,2922,25,602,216],"class_list":{"0":"post-198792","1":"post","2":"type-post","3":"status-publish","4":"format-standard","5":"has-post-thumbnail","7":"category-lyon","8":"tag-actu","9":"tag-actualites","10":"tag-auvergne-rhone-alpes","11":"tag-commerce-et-services","12":"tag-consommation","13":"tag-economie","14":"tag-edition-lyon-villeurbanne","15":"tag-eu","16":"tag-europe","17":"tag-fr","18":"tag-france","19":"tag-lyon","20":"tag-lyon-bassin","21":"tag-news","22":"tag-pouvoir-dachat","23":"tag-republique-francaise","24":"tag-tourisme","25":"tag-vie-des-entreprises"},"share_on_mastodon":{"url":"https:\/\/pubeurope.com\/@fr\/114734054969550406","error":""},"_links":{"self":[{"href":"https:\/\/www.europesays.com\/fr\/wp-json\/wp\/v2\/posts\/198792","targetHints":{"allow":["GET"]}}],"collection":[{"href":"https:\/\/www.europesays.com\/fr\/wp-json\/wp\/v2\/posts"}],"about":[{"href":"https:\/\/www.europesays.com\/fr\/wp-json\/wp\/v2\/types\/post"}],"author":[{"embeddable":true,"href":"https:\/\/www.europesays.com\/fr\/wp-json\/wp\/v2\/users\/2"}],"replies":[{"embeddable":true,"href":"https:\/\/www.europesays.com\/fr\/wp-json\/wp\/v2\/comments?post=198792"}],"version-history":[{"count":0,"href":"https:\/\/www.europesays.com\/fr\/wp-json\/wp\/v2\/posts\/198792\/revisions"}],"wp:featuredmedia":[{"embeddable":true,"href":"https:\/\/www.europesays.com\/fr\/wp-json\/wp\/v2\/media\/198793"}],"wp:attachment":[{"href":"https:\/\/www.europesays.com\/fr\/wp-json\/wp\/v2\/media?parent=198792"}],"wp:term":[{"taxonomy":"category","embeddable":true,"href":"https:\/\/www.europesays.com\/fr\/wp-json\/wp\/v2\/categories?post=198792"},{"taxonomy":"post_tag","embeddable":true,"href":"https:\/\/www.europesays.com\/fr\/wp-json\/wp\/v2\/tags?post=198792"}],"curies":[{"name":"wp","href":"https:\/\/api.w.org\/{rel}","templated":true}]}}