{"id":198798,"date":"2025-06-23T18:20:11","date_gmt":"2025-06-23T18:20:11","guid":{"rendered":"https:\/\/www.europesays.com\/fr\/198798\/"},"modified":"2025-06-23T18:20:11","modified_gmt":"2025-06-23T18:20:11","slug":"je-suis-le-mieux-place-pour-rassembler","status":"publish","type":"post","link":"https:\/\/www.europesays.com\/fr\/198798\/","title":{"rendered":"Je suis le mieux plac\u00e9 pour rassembler"},"content":{"rendered":"<p>            Par<br \/>\n        <strong><br \/>\n            <a href=\"https:\/\/actu.fr\/auteur\/augustin-delaporte\" title=\"Consulter tous les articles de Augustin Delaporte\" rel=\"nofollow noopener\" target=\"_blank\">Augustin Delaporte<\/a><br \/>\n        <\/strong><\/p>\n<p>        Publi\u00e9 le<\/p>\n<p>            23 juin 2025 \u00e0 19h02        <\/p>\n<p>\u00ab\u2009Une transmission sereine.\u2009\u00bb Le 26 novembre dernier, le<a href=\"https:\/\/actu.fr\/ile-de-france\/paris_75056\/municipales-2026-qui-est-remi-feraud-favori-d-anne-hidalgo-pour-prendre-sa-suite-a-la-mairie-de-paris_61916811.html\" rel=\"nofollow noopener\" target=\"_blank\"> nom de R\u00e9mi F\u00e9raud<\/a> fait irruption dans la course \u00e0 la <a href=\"https:\/\/actu.fr\/tag\/mairie-de-paris\" rel=\"nofollow noopener\" target=\"_blank\">Mairie de Paris<\/a>, lorsque la maire sortante,<a href=\"https:\/\/actu.fr\/tag\/anne-hidalgo\" rel=\"nofollow noopener\" target=\"_blank\"> Anne Hidalgo (PS)<\/a>, r\u00e9v\u00e8le dans les colonnes du journal Le Monde qu\u2019elle esp\u00e8re le voir lui succ\u00e9der. Une semaine plus t\u00f4t, c\u2019est le d\u00e9put\u00e9 de Paris et ex-premier adjoint de l\u2019\u00e9dile, avec qui elle est d\u00e9sormais en froid, <a href=\"https:\/\/actu.fr\/ile-de-france\/paris_75056\/ca-nous-fera-perdre-anne-hidalgo-refuse-de-soutenir-emmanuel-gregoire-s-il-gagne-la-primaire-socialiste_62369034.html\" rel=\"nofollow noopener\" target=\"_blank\">Emmanuel Gr\u00e9goire<\/a>, qui a annonc\u00e9 sa candidature. \u00ab\u00a0Un match\u00a0\u00bb pr\u00e9vu les 30 juin et 1er juillet 2025, au milieu duquel <a href=\"https:\/\/actu.fr\/ile-de-france\/paris_75056\/municipales-2026-a-paris-dans-la-bataille-socialiste-marion-waller-n-a-pas-peur-d-etre-la-candidate-woke_62733408.html\" rel=\"nofollow noopener\" target=\"_blank\">la benjamine Marion Waller tente de jouer des coudes<\/a>.\u00a0<br \/>\u00c0 dix jours de la primaire du PS, le s\u00e9nateur de 53 ans et ancien maire du 10e arrondissement nous a re\u00e7us \u00e0 l\u2019H\u00f4tel de Ville, dans les bureaux du groupe Paris en Commun, dont il est le pr\u00e9sident au Conseil de Paris. Un moment d\u2019\u00e9change durant lequel l\u2019\u00e9lu a dress\u00e9 les grandes lignes de sa vision pour Paris, mais aussi fait appara\u00eetre quelques \u00e9l\u00e9ments de personnalit\u00e9. <br \/>Rigoureux, celui-ci semble ne rien laisser au hasard et faire en sorte de <strong>constamment rester en ma\u00eetrise<\/strong>. Son discours est millim\u00e9tr\u00e9, son temps de r\u00e9action court. Ce qui fait un interlocuteur clair, une qualit\u00e9 qu\u2019il met lui-m\u00eame en avant, mais pas toujours aussi accessible qu\u2019il le dit. Rencontre.\u00a0<\/p>\n<p class=\" wall-content\"><strong>actu Paris : On vous d\u00e9signe r\u00e9guli\u00e8rement comme <a href=\"https:\/\/actu.fr\/ile-de-france\/paris_75056\/municipales-2026-remi-feraud-un-heritier-de-bertrand-delanoe-et-d-anne-hidalgo_61925942.html\" rel=\"nofollow noopener\" target=\"_blank\">le candidat d\u2019Anne Hidalgo<\/a>. Est-ce une chance ou un handicap ?<br \/><\/strong><\/p>\n<p class=\" wall-content\"><strong>R\u00e9mi F\u00e9raud :<\/strong> Ma candidature vient de mon parcours et c\u2019est ma d\u00e9cision. Son soutien, pour lui succ\u00e9der, de la part d\u2019une socialiste \u00e0 un autre, c\u2019est <strong>une force indispensable<\/strong>.\u00a0<\/p>\n<p class=\" wall-content\"><strong>actu Paris : Indispensable. Cela veut dire qu\u2019on ne peut pas <a href=\"https:\/\/actu.fr\/ile-de-france\/paris_75056\/ca-nous-fera-perdre-anne-hidalgo-refuse-de-soutenir-emmanuel-gregoire-s-il-gagne-la-primaire-socialiste_62369034.html\" rel=\"nofollow noopener\" target=\"_blank\">faire sans<\/a> ?<\/strong><\/p>\n<p class=\" wall-content\"><strong>R.F. :<\/strong> Non.\u00a0<\/p>\n<p class=\" wall-content\"><strong>actu Paris : Le grand public ne vous identifie pas forc\u00e9ment bien, comment vous pr\u00e9senteriez-vous en quelques phrases \u00e0 un Parisien, une Parisienne ?<\/strong><\/p>\n<p class=\" wall-content\"><strong>R.F. :<\/strong> Je suis un \u00e9lu de Paris depuis vingt-cinq ans, socialiste et bien \u00e0 gauche. J\u2019ai montr\u00e9 lorsque j\u2019\u00e9tais maire du 10e arrondissement que je savais \u00eatre proche des habitants et mener \u00e0 bien des projets. <strong>J\u2019ai \u00e9t\u00e9 \u00e9lu maire \u00e0 seulement 36 ans<\/strong>, j\u2019ai ensuite \u00e9t\u00e9 r\u00e9\u00e9lu en 2014 et j\u2019ai su peser sur l\u2019arrondissement qui a v\u00e9cu le plus de transformations : la place de la R\u00e9publique r\u00e9nov\u00e9e, le quartier des gares, <a href=\"https:\/\/actu.fr\/ile-de-france\/paris_75056\/paris-decouvrez-a-quoi-ressemblera-le-canal-saint-martin-en-2026_60361901.html\" rel=\"nofollow noopener\" target=\"_blank\">le canal Saint-Martin<\/a>\u2026\u00a0 J\u2019ai men\u00e9 le combat du nouveau Lariboisi\u00e8re, celui de la mixit\u00e9 sociale, du logement social et de l\u2019accueil des plus pr\u00e9caires.<\/p>\n<p class=\" wall-content\">Mais \u00e9galement celui de la place de la voiture : le canal Saint-Martin, d\u00e9sormais presque enti\u00e8rement pi\u00e9ton, en est le symbole. Par ailleurs, avec mon \u00e9quipe, nous avons \u00e9t\u00e9 engag\u00e9s sur le lancement de la <a href=\"https:\/\/actu.fr\/ile-de-france\/paris_75056\/remonter-la-pente-c-est-long-a-la-salle-de-shoot-de-paris-des-annees-d-efforts-et-de-petites-victoires_62511780.html?fbclid=IwY2xjawLCJyJleHRuA2FlbQIxMABicmlkETFHY21YVHB1bFNxRkVvcm5oAR7ISUATjZ5svljg673btOdRwUvw32qC_9XwJBTukWv46wR4xNAsH3o52IR7qw_aem_I3s0nPtvxFpKuXHaI_YvDQ\" rel=\"nofollow noopener\" target=\"_blank\">salle de consommation \u00e0 moindre risque<\/a> il y a maintenant presque dix ans et, aujourd\u2019hui, <a href=\"https:\/\/actu.fr\/ile-de-france\/paris_75056\/un-mepris-en-test-depuis-9-ans-l-unique-salle-de-consommation-de-drogues-de-paris-pourrait-disparaitre_62497609.html\" rel=\"nofollow noopener\" target=\"_blank\">toutes les \u00e9tudes et rapports nous donnent raison<\/a>.<\/p>\n<p>    <img   decoding=\"async\" loading=\"lazy\" src=\"https:\/\/www.europesays.com\/fr\/wp-content\/uploads\/2025\/06\/img-1936-960x640.jpg\" alt=\"Municipales 2026 \u00e0 Paris : R\u00e9mi F\u00e9raud \" width=\"960\" height=\"640\"\/><br \/>\n    R\u00e9mi F\u00e9raud a \u00e9t\u00e9 maire du 10\u1d49 arrondissement de Paris entre 2008 et 2017. (\u00a9AD \/ actu Paris)<\/p>\n<p class=\" wall-content\"><strong>actu Paris : Vous diriez que le 10e arrondissement offre un bon aper\u00e7u de votre politique ?<\/strong><\/p>\n<p class=\" wall-content\"><strong>R. F. : <\/strong>[Il acquiesce] Il est au c\u0153ur de Paris, cr\u00e9atif, m\u00e9lang\u00e9. Depuis l\u2019arriv\u00e9e de la gauche en 2001, il est redevenu festif, avec des restaurants, des bars, des lieux culturels alors qu\u2019avant, il perdait des commerces, des habitants et la qualit\u00e9 de vie y \u00e9tait faible.<\/p>\n<blockquote class=\"ac-article-quote wall-content\">\n<p>J&rsquo;ai de l&rsquo;exp\u00e9rience et un bilan. Depuis 11 ans, j&rsquo;ai vu passer l&rsquo;ensemble des dossiers en Conseil de Paris.<\/p>\n<p>    <strong>R\u00e9mi F\u00e9raud <\/strong><br \/>\n        Candidat \u00e0 la primaire socialiste    <\/p><\/blockquote>\n<p class=\" wall-content\">En tant que maire du 10e, j\u2019ai aussi \u00e9t\u00e9 aux premi\u00e8res loges des <a href=\"https:\/\/actu.fr\/dossier\/proces-des-attentats-du-13-novembre-a-paris-et-saint-denis_44681000.html\" rel=\"nofollow noopener\" target=\"_blank\">attentats du 13 novembre 2015<\/a>, avec le maire du 11 [Fran\u00e7ois Vauglin, PS]. Il a fallu mener un travail de proximit\u00e9 et de r\u00e9silience. C\u2019est aussi \u00e7a \u00eatre un maire : au-del\u00e0 du programme, il faut \u00eatre pr\u00eat \u00e0 affronter des \u00e9preuves telles qu\u2019une crise terroriste, une crise migratoire, ou une crise politique comme les <a href=\"https:\/\/actu.fr\/tag\/gilets-jaunes\" rel=\"nofollow noopener\" target=\"_blank\">gilets jaunes<\/a>. J\u2019ai de l\u2019exp\u00e9rience et un bilan. Depuis onze ans, j\u2019ai vu passer l\u2019ensemble des dossiers en <a href=\"https:\/\/actu.fr\/ile-de-france\/paris_75056\/en-plein-conseil-de-paris-remi-feraud-et-d-autres-elus-se-paient-rachida-dati-et-ses-bijoux-caches_62493065.html\" rel=\"nofollow noopener\" target=\"_blank\">Conseil de Paris<\/a>.<\/p>\n<p class=\" wall-content\"><strong>actu Paris : <a href=\"https:\/\/actu.fr\/ile-de-france\/paris_75056\/municipales-2026-a-paris-c-est-inacceptable-tensions-au-ps-pour-le-choix-de-la-date-de-la-primaire_62346506.html\" rel=\"nofollow noopener\" target=\"_blank\">Votre \u00ab\u00a0match\u00a0\u00bb avec Emmanuel Gr\u00e9goire<\/a> occupe l\u2019espace dans les m\u00e9dias. Racontez-nous la face moins visible de votre campagne pour la primaire\u2026<br \/><\/strong><\/p>\n<p class=\" wall-content\"><strong>R. F. :<\/strong> Ce sont des rencontres avec les militants dans toutes les sections [il y en a une par arrondissement]. Parfois seul, parfois lors de d\u00e9bats. Nous avons aussi organis\u00e9 des r\u00e9unions avec des intervenants qualifi\u00e9s pour faire \u00e9merger des probl\u00e9matiques et des propositions sur des th\u00e9matiques aussi diverses que le logement, le handicap ou la transformation de la ville.\u00a0<\/p>\n<p class=\" wall-content\"><strong>actu Paris : Comme les deux autres candidats \u00e0 la primaire, vous revendiquez les deux mandats d\u2019Anne Hidalgo (mais aussi <a href=\"https:\/\/actu.fr\/ile-de-france\/paris_75056\/municipales-2026-remi-feraud-un-heritier-de-bertrand-delanoe-et-d-anne-hidalgo_61925942.html\" rel=\"nofollow noopener\" target=\"_blank\">ceux de Bertrand Delano\u00eb<\/a>). Si vous deviez en choisir un seul, quel serait le chantier que vous ressortiriez de ce qui a \u00e9t\u00e9 fait \u00e0 Paris depuis 2014 ?\u00a0<\/strong><\/p>\n<p class=\" wall-content\"><strong>R.F. : <\/strong>La <strong>pi\u00e9tonnisation des voies sur berge<\/strong>, parce que cela acte le volontarisme \u00e0 faire reculer la place de la voiture et \u00e0 rendre Paris aux Parisiens.\u00a0<\/p>\n<p>    <img   decoding=\"async\" loading=\"lazy\" src=\"https:\/\/www.europesays.com\/fr\/wp-content\/uploads\/2025\/06\/img-1940-960x640.jpg\" alt=\"Municipales 2026 \u00e0 Paris : R\u00e9mi F\u00e9raud \" width=\"960\" height=\"640\"\/><br \/>\n    L\u2019\u00e9lu parisien a adh\u00e9r\u00e9 au Parti socialiste en 1994, dans la section du 10e arrondissement de Paris. (\u00a9AD \/ actu Paris)<\/p>\n<p class=\" wall-content\"><strong>actu Paris : <a href=\"https:\/\/actu.fr\/ile-de-france\/paris_75056\/municipales-2026-marion-waller-benjamine-de-la-primaire-du-ps-a-paris-je-suis-la-plus-avant-gardiste_62767239.html\" rel=\"nofollow noopener\" target=\"_blank\">Marion Waller nous a parl\u00e9 de \u00ab\u00a0mandats de transition\u00a0\u00bb<\/a>, parce que l\u2019espace public a consid\u00e9rablement \u00e9t\u00e9 transform\u00e9 durant cette p\u00e9riode. Est-ce c\u2019est une formulation que vous partagez ?<br \/><\/strong><\/p>\n<p class=\" wall-content\"><strong>R.F. :<\/strong> Non. Je dirais qu\u2019ils ont \u00e9t\u00e9 tr\u00e8s cr\u00e9atifs et volontaires, mais j\u2019ai l\u2019ambition que les prochains le soient tout autant. Quand le r\u00e9chauffement climatique s\u2019acc\u00e9l\u00e8re, que la crise du logement se renforce, <strong>on ne ralentit pas sur les mesures<\/strong>.<\/p>\n<p class=\" wall-content\"><strong>actu Paris : Vous souhaitez vous inscrire dans la continuit\u00e9 ?<\/strong><\/p>\n<p class=\" wall-content\"><strong>R. F. :<\/strong> Pas tout \u00e0 fait, cela sous-entendrait une forme d\u2019immobilisme. Je me place plut\u00f4t dans le prolongement. Je prends tout l\u2019acquis, mais j\u2019avance, sans regarder dans le r\u00e9tro.\u00a0<\/p>\n<p class=\" wall-content\"><strong>actu Paris : Quelle sera la patte de \u00ab\u00a0R\u00e9mi F\u00e9raud, maire de Paris\u00a0\u00bb ?<\/strong><\/p>\n<p class=\" wall-content\"><strong>R. F. : <\/strong>Je ne suis pas maire [il sourit]\u2026\u00a0<\/p>\n<p class=\" wall-content\"><strong>actu Paris : Projetons-nous quand m\u00eame\u2026<\/strong><\/p>\n<p class=\" wall-content\"><strong>R. F. :<\/strong> Je veux combiner l\u2019ambition, la volont\u00e9 et la proximit\u00e9. <strong>Ma touche personnelle, aujourd\u2019hui, c\u2019est d\u2019avoir \u00e9t\u00e9 maire d\u2019arrondissement<\/strong>. Cela marque une attention au quotidien, \u00e0 la proximit\u00e9, aux gens.<\/p>\n<p>    <img   decoding=\"async\" loading=\"lazy\" src=\"https:\/\/www.europesays.com\/fr\/wp-content\/uploads\/2025\/06\/img-1949-960x640.jpg\" alt=\"Municipales 2026 \u00e0 Paris : R\u00e9mi F\u00e9raud \" width=\"960\" height=\"640\"\/><br \/>\n    En mars 2014, lors des \u00e9lections municipales, il devient codirecteur de campagne de la candidate socialiste\u2026 Anne Hidalgo. (\u00a9AD \/ actu Paris)<\/p>\n<p class=\" wall-content\"><strong>actu Paris : \u00ab\u00a0Paris est devenue une ville woke.\u00a0\u00bb Que dites-vous de cette affirmation ? <\/strong><\/p>\n<p class=\" wall-content\"><strong>R. F. :<\/strong> Ce terme est utilis\u00e9 par la droite pour d\u00e9cr\u00e9dibiliser la gauche. Je dirais que Paris est une ville de diversit\u00e9s, refuge, d\u2019\u00e9galit\u00e9 et de libert\u00e9. Elle envoie un message universel au monde. <a href=\"https:\/\/actu.fr\/ile-de-france\/paris_75056\/ceremonie-d-ouverture-des-jo-2024-iconique-hallucinant-les-reactions-des-internautes-du-monde-entier_61401096.html\" rel=\"nofollow noopener\" target=\"_blank\">La c\u00e9r\u00e9monie d\u2019ouverture des Jeux l\u2019a symbolis\u00e9<\/a>. Et je serais un maire tr\u00e8s attach\u00e9 \u00e0 ce que Paris lutte contre les discriminations, qu\u2019elle soit <strong>une ville f\u00e9ministe<\/strong>, pour toutes les g\u00e9n\u00e9rations, de mixit\u00e9 sociale, qui <strong>prot\u00e8ge les personnes LGBT<\/strong> et <a href=\"https:\/\/actu.fr\/ile-de-france\/paris_75056\/handicap-c-est-cynique-dans-ce-quartier-de-paris-l-ilot-d-accessibilite-est-difficile-a-atteindre_62085547.html\" rel=\"nofollow noopener\" target=\"_blank\">inclusive pour les personnes handicap\u00e9es<\/a>.<\/p>\n<p class=\" wall-content\"><strong>actu Paris : Ce sont d\u2019importants d\u00e9fis\u2026 Comment prot\u00e8ge-t-on les personnes LGBT ?<\/strong><\/p>\n<p class=\" wall-content\"><strong>R. F. :<\/strong> En soutenant le monde associatif, en marquant leur place dans la ville, en \u00e9tant attentif \u00e0 l\u2019accueil des exil\u00e9s et r\u00e9fugi\u00e9s LGBT, mais aussi aux agressions et violences. <strong>En valorisant cette dimension de Paris<\/strong> comme nous l\u2019avons fait tout au long de ce mandat avec Jean-Luc Romero [adjoint \u00e0 la Maire de Paris en charge des droits humains, de l\u2019int\u00e9gration et de la lutte contre les discriminations].<\/p>\n<p class=\" wall-content\"><strong>actu Paris : D\u00e9sormais, quels sont, selon vous, les grands enjeux du prochain mandat ?<\/strong><\/p>\n<p class=\" wall-content\"><strong>R. F. :<\/strong> En mars 2026, il y aura un choix \u00e0 faire entre la poursuite d\u2019une ville progressiste et un coup d\u2019arr\u00eat, voire un retour en arri\u00e8re. Quant aux enjeux, il y a d\u2019abord celui de la transformation \u00e9cologique de la ville. Rachida Dati conteste les pistes cyclables, elle ne s\u2019en est pas cach\u00e9e. Il y a ensuite la mixit\u00e9 sociale : <a href=\"https:\/\/actu.fr\/ile-de-france\/paris_75056\/a-paris-l-ecoquartier-saint-vincent-de-paul-co-construit-avec-de-futurs-habitants-une-sacree-aventure_62665733.html\" rel=\"nofollow noopener\" target=\"_blank\">la gauche fait du logement social<\/a>, la droite n\u2019en veut plus. Enfin, il y a la protection de la d\u00e9mocratie et la culture des valeurs dans un monde domin\u00e9 par le populisme, la mont\u00e9e des extr\u00eames, les crises et la guerre.<\/p>\n<p class=\" wall-content\"><strong> actu Paris : Pouvez-vous pr\u00e9ciser votre dernier point ?<\/strong><\/p>\n<p class=\" wall-content\"><strong>R. F. :<\/strong> Veut-on d\u2019un maire qui aime la d\u00e9mocratie ou qui est <a href=\"https:\/\/actu.fr\/politique\/un-proces-pour-corruption-requis-contre-rachida-dati-ministre-de-la-culture-et-carlos-ghosn_61870547.html\" rel=\"nofollow noopener\" target=\"_blank\">mis en examen pour corruption<\/a> ? Est-ce qu\u2019on sacrifie la culture ou est-ce qu\u2019on en fait un \u00e9l\u00e9ment central ? Est-ce qu\u2019on valorise la <a href=\"https:\/\/actu.fr\/ile-de-france\/paris_75056\/votation-citoyenne-a-paris-les-electeurs-ont-dit-oui-aux-rues-jardin-malgre-une-participation-tres-faible_62411320.html#:~:text=Les%20Parisiens%20ont%20parl%C3%A9.,d&#039;%C3%A9lecteurs%20se%20soient%20d%C3%A9plac%C3%A9s.\" rel=\"nofollow noopener\" target=\"_blank\">participation citoyenne<\/a>, est-ce qu\u2019on soutient les associations ? Ou est-ce qu\u2019on fait des sous sur leur dos ?<\/p>\n<p>    <img   decoding=\"async\" loading=\"lazy\" src=\"https:\/\/www.europesays.com\/fr\/wp-content\/uploads\/2025\/06\/img-1947-960x640.jpg\" alt=\"municipales\" width=\"960\" height=\"640\"\/><br \/>\n    Depuis le 26 novembre 2024, R\u00e9mi F\u00e9raud est officiellement en campagne pour devenir maire de Paris. (\u00a9AD \/ actu Paris)<\/p>\n<p class=\" wall-content\"><strong>actu Paris : Les opposants \u00e0 la majorit\u00e9 municipale pointent r\u00e9guli\u00e8rement du doigt la dette de Paris. Quelle est votre r\u00e9ponse ?<\/strong><\/p>\n<p class=\" wall-content\"><strong>R. F. :<\/strong> C\u2019est une fa\u00e7on de faire peur \u00e0 mauvais escient. Paris a une dette d\u2019un peu moins de 10 milliards d\u2019euros et un patrimoine quatre \u00e0 cinq fois sup\u00e9rieur. C\u2019est pourquoi la ville a la meilleure notation possible des agences. Ce n\u2019est pas la paille qu\u2019il faut regarder, mais la poutre : <a href=\"https:\/\/actu.fr\/ile-de-france\/paris_75056\/mairie-de-paris-anne-hidalgo-face-a-une-ponction-inedite-de-l-etat-pour-son-dernier-budget_62667973.html\" rel=\"nofollow noopener\" target=\"_blank\">en l\u2019occurrence, la dette de l\u2019\u00c9tat<\/a>.\u00a0<\/p>\n<p class=\" wall-content\">Cela n\u2019emp\u00eache pas qu\u2019il va falloir faire des \u00e9conomies de gestion et <strong>stabiliser la dette lors du prochain mandat<\/strong>, \u00e0 moins que l\u2019\u00c9tat ne change les r\u00e8gles du jeu.<\/p>\n<blockquote class=\"ac-article-quote wall-content\">\n<p>Je proposerai aux Verts que nous soyons ensemble d\u00e8s le premier tour.<\/p>\n<p>    <strong>R\u00e9mi F\u00e9raud <\/strong><br \/>\n        Candidat \u00e0 la primaire socialiste    <\/p><\/blockquote>\n<p class=\" wall-content\"><strong>actu Paris : Beaucoup ont du mal \u00e0 voir les diff\u00e9rences entre les trois candidats PS. Comment vous d\u00e9marquez-vous ?<\/strong><\/p>\n<p class=\" wall-content\"><strong>R. F. :<\/strong> La clart\u00e9 dans mon \u00ab\u00a0approche projet\u00a0\u00bb et mes convictions politiques, avec un <strong>ancrage \u00e0 gauche et \u00e9cologiste<\/strong>. Une fid\u00e9lit\u00e9 sans faille au parti, aussi. Je suis le mieux plac\u00e9 pour rassembler nos familles politiques. Sinon, ni Anne Hidalgo ni les maires d\u2019arrondissements ne me soutiendraient. Si je n\u2019en avais pas la certitude moi-m\u00eame, je ne serais pas candidat.\u00a0\u00a0<\/p>\n<p class=\" wall-content\"><strong>actu Paris : Quel regard portez-vous sur chacun des deux autres candidats ?<\/strong><\/p>\n<p class=\" wall-content\"><strong>R. F. :<\/strong> Une campagne interne cr\u00e9e de l\u2019\u00e9mulation positive, chacun arrive avec des id\u00e9es nouvelles. Notamment Marion Waller, qui apporte un regard diff\u00e9rent, puisqu\u2019elle n\u2019a jamais \u00e9t\u00e9 \u00e9lue et qu\u2019elle est d\u2019une autre g\u00e9n\u00e9ration.<\/p>\n<p class=\" wall-content\"><strong>actu Paris : Quelles alliances envisagez-vous ?<\/strong><\/p>\n<p class=\" wall-content\"><strong>R. F. :<\/strong> Je veux la m\u00eame alliance qui nous a permis de gagner depuis 2001, je ne suis pas sectaire. C\u2019est-\u00e0-dire, toute la gauche, sauf LFI, et avec une ouverture sur la soci\u00e9t\u00e9 civile : les communistes, Place publique, les Radicaux de Gauche\u2026<\/p>\n<p class=\" wall-content\">Je proposerai \u00e9galement <strong>aux Verts que nous soyons ensemble<\/strong> d\u00e8s le premier tour. Sur le refus de transiger avec LFI, il n\u2019y aura aucune exception, j\u2019ai toujours \u00e9t\u00e9 clair sur ce sujet.\u00a0<\/p>\n<p class=\" wall-content\"><strong>actu Paris : Si vous \u00eates \u00e9lu en mars prochain, quelles seront vos mesures prioritaires ?\u00a0<\/strong><\/p>\n<p class=\" wall-content\"><strong>R. F. :<\/strong> Il y aura une <strong>prime climat<\/strong> pour aider les Parisiens \u00e0 faire la r\u00e9novation thermique de leur logement. Il s\u2019agira d\u2019un investissement r\u00e9cup\u00e9rable au moment de la vente de l\u2019appartement ou lors de la succession.\u00a0<\/p>\n<p class=\" wall-content\">La deuxi\u00e8me mesure concernera le <strong>statut des familles monoparentales<\/strong>, qui sont essentiellement des femmes seules avec leurs enfants. Cela d\u00e9bouchera sur des tarifs moindres, dans les diff\u00e9rents services municipaux comme la cantine ou le sport.\u00a0<\/p>\n<p class=\" wall-content\">Enfin, je souhaite cr\u00e9er <strong>un pass culture parisien<\/strong>, d\u00e9di\u00e9 notamment aux jeunes et aux familles monoparentales.<\/p>\n<p class=\" wall-content\">Suivez toute l\u2019actualit\u00e9 de vos villes et m\u00e9dias favoris en vous inscrivant \u00e0 <a href=\"https:\/\/moncompte.actu.fr\" title=\"D\u00e9couvez Mon Actu\" rel=\"nofollow noopener\" data-trk=\"{&quot;cta&quot;:{&quot;action&quot;:&quot;https:\\\/\\\/moncompte.actu.fr&quot;,&quot;category&quot;:&quot;mon compte&quot;,&quot;from&quot;:&quot;article footer&quot;,&quot;name&quot;:&quot;Mon actu&quot;,&quot;type&quot;:&quot;cta&quot;}}\" target=\"_blank\">Mon Actu<\/a>.<\/p>\n","protected":false},"excerpt":{"rendered":"Par Augustin Delaporte Publi\u00e9 le 23 juin 2025 \u00e0 19h02 \u00ab\u2009Une transmission sereine.\u2009\u00bb Le 26 novembre dernier, le&hellip;\n","protected":false},"author":2,"featured_media":198799,"comment_status":"","ping_status":"","sticky":false,"template":"","format":"standard","meta":{"footnotes":""},"categories":[1888],"tags":[1111,1928,11,1927,4188,1777,674,1011,27,2381,3434,12,1926,626,1925,316,31667,25],"class_list":{"0":"post-198798","1":"post","2":"type-post","3":"status-publish","4":"format-standard","5":"has-post-thumbnail","7":"category-paris","8":"tag-actu","9":"tag-actu-paris","10":"tag-actualites","11":"tag-actualites-paris","12":"tag-elections-municipales","13":"tag-eu","14":"tag-europe","15":"tag-fr","16":"tag-france","17":"tag-mairie-de-paris","18":"tag-municipales-2026","19":"tag-news","20":"tag-news-paris","21":"tag-paris","22":"tag-paris-news","23":"tag-politique","24":"tag-remi-feraud","25":"tag-republique-francaise"},"share_on_mastodon":{"url":"https:\/\/pubeurope.com\/@fr\/114734067062756305","error":""},"_links":{"self":[{"href":"https:\/\/www.europesays.com\/fr\/wp-json\/wp\/v2\/posts\/198798","targetHints":{"allow":["GET"]}}],"collection":[{"href":"https:\/\/www.europesays.com\/fr\/wp-json\/wp\/v2\/posts"}],"about":[{"href":"https:\/\/www.europesays.com\/fr\/wp-json\/wp\/v2\/types\/post"}],"author":[{"embeddable":true,"href":"https:\/\/www.europesays.com\/fr\/wp-json\/wp\/v2\/users\/2"}],"replies":[{"embeddable":true,"href":"https:\/\/www.europesays.com\/fr\/wp-json\/wp\/v2\/comments?post=198798"}],"version-history":[{"count":0,"href":"https:\/\/www.europesays.com\/fr\/wp-json\/wp\/v2\/posts\/198798\/revisions"}],"wp:featuredmedia":[{"embeddable":true,"href":"https:\/\/www.europesays.com\/fr\/wp-json\/wp\/v2\/media\/198799"}],"wp:attachment":[{"href":"https:\/\/www.europesays.com\/fr\/wp-json\/wp\/v2\/media?parent=198798"}],"wp:term":[{"taxonomy":"category","embeddable":true,"href":"https:\/\/www.europesays.com\/fr\/wp-json\/wp\/v2\/categories?post=198798"},{"taxonomy":"post_tag","embeddable":true,"href":"https:\/\/www.europesays.com\/fr\/wp-json\/wp\/v2\/tags?post=198798"}],"curies":[{"name":"wp","href":"https:\/\/api.w.org\/{rel}","templated":true}]}}