{"id":198800,"date":"2025-06-23T18:21:13","date_gmt":"2025-06-23T18:21:13","guid":{"rendered":"https:\/\/www.europesays.com\/fr\/198800\/"},"modified":"2025-06-23T18:21:13","modified_gmt":"2025-06-23T18:21:13","slug":"pourquoi-paris-attire-t-elle-si-peu-apres-les-jo-2024-le-vrai-frein-identifie-pour-le-tourisme","status":"publish","type":"post","link":"https:\/\/www.europesays.com\/fr\/198800\/","title":{"rendered":"Pourquoi Paris attire-t-elle si peu apr\u00e8s les JO 2024 ? Le vrai frein identifi\u00e9 pour le tourisme"},"content":{"rendered":"<p>\u00a9 Buzzly &#8211; Pourquoi Paris attire-t-elle si peu apr\u00e8s les JO 2024 ? Le vrai frein identifi\u00e9 pour le tourisme<\/p>\n<p>        Voir le sommaire<br \/>\n        Ne plus voir le sommaire <\/p>\n<p>Un an apr\u00e8s les Jeux olympiques de Paris 2024, l\u2019effet sur le tourisme reste en demi-teinte. Contrairement aux esp\u00e9rances, la fr\u00e9quentation n\u2019a pas explos\u00e9. Les chiffres montrent des <b>\u00e9volutions timides<\/b>, et plusieurs <b>professionnels du secteur<\/b> s\u2019interrogent sur les <b>vraies retomb\u00e9es<\/b> de cet <b>\u00e9v\u00e9nement mondial<\/b> pour la <b>capitale fran\u00e7aise<\/b>.\n<\/p>\n<p>Une hausse mod\u00e9r\u00e9e de la fr\u00e9quentation<\/p>\n<p>Depuis janvier, la fr\u00e9quentation touristique \u00e0 <b>Paris a l\u00e9g\u00e8rement progress\u00e9<\/b>, mais sans atteindre les <b>sommets attendus<\/b>. Didier Arino, directeur de Protourisme, \u00e9voque une <b>hausse de seulement 2 %<\/b>. Autrement dit, les <b>Jeux n\u2019ont pas g\u00e9n\u00e9r\u00e9<\/b> l\u2019effet \u201ccoup de projecteur\u201d esp\u00e9r\u00e9 \u00e0 <b>long terme<\/b> par les professionnels du secteur.\n<\/p>\n<p>M\u00eame si cet \u00e9t\u00e9 2025 s\u2019annonce correctement rempli, la <b>tendance n\u2019est pas claire<\/b>. Leslie Rival, secr\u00e9taire g\u00e9n\u00e9rale d\u2019Alliance France Tourisme, estime qu\u2019il est <b>difficile de relier<\/b> directement les arriv\u00e9es de <b>touristes \u00e0 l\u2019impact<\/b> des JO. Les <b>r\u00e9servations se font tard<\/b>, et les <b>raisons de voyage<\/b> sont diverses, ce qui <b>brouille les pistes<\/b>.<\/p>\n<p><a class=\"related-article simple\" href=\"https:\/\/buzzly.fr\/news\/20701-vagues-de-chaleur-a-paris-comment-la-seine-refroidit-deja-800-batiments-sans-clim\/\" rel=\"nofollow noopener\" target=\"_blank\"><br \/>\n                        \u00c0 lire<br \/>\n                        Vagues de chaleur \u00e0 Paris : comment la Seine refroidit d\u00e9j\u00e0 800 b\u00e2timents sans clim\u2019<\/p>\n<p>                        <\/a><\/p>\n<p>Un effet JO \u00e0 double tranchant<\/p>\n<p>En r\u00e9alit\u00e9, l\u2019\u00e9t\u00e9 2024 avait d\u00e9j\u00e0 montr\u00e9 une <b>dynamique un peu hors-norme<\/b>. Paris avait moins attir\u00e9 ses <b>touristes habituels<\/b>, notamment ceux int\u00e9ress\u00e9s par le <b>patrimoine ou la culture<\/b>, au profit des <b>fans de sport<\/b> venus suivre les comp\u00e9titions. Atout France rappelle que ce <b>changement de public<\/b> n\u2019a pas forc\u00e9ment profit\u00e9 \u00e0 toute <b>l\u2019\u00e9conomie touristique locale<\/b>, notamment aux <b>h\u00f4tels ou mus\u00e9es<\/b> en dehors du <b>circuit olympique<\/b>.\n<\/p>\n<p>En 2025, aucun rebond \u00e9vident ne s\u2019est encore fait sentir. Si l\u2019on regarde de plus pr\u00e8s, les chiffres montrent m\u00eame des <b>signaux contradictoires<\/b>. La ministre d\u00e9l\u00e9gu\u00e9e en charge du Tourisme, Nathalie Delattre, \u00e9voque tout de m\u00eame un <b>\u201c\u00e9lan post-JO\u201d<\/b>. Selon elle, les <b>arriv\u00e9es a\u00e9riennes<\/b> \u00e0 Paris auraient grimp\u00e9 de 8 % au <b>premier trimestre<\/b>. Mais de son c\u00f4t\u00e9, l\u2019Insee signale une <b>baisse de 1,5 %<\/b> dans les h\u00e9bergements touristiques, <b>hors campings<\/b>. Difficile donc d\u2019y voir un <b>vrai boom<\/b>.\n<\/p>\n<p>Un manque de strat\u00e9gie \u00e0 long terme<\/p>\n<p>Plusieurs voix dans le secteur s\u2019interrogent sur la fa\u00e7on dont le <b><a href=\"https:\/\/buzzly.fr\/news\/20620-tourisme-russe-en-baisse-israel-relance-ses-vols-pour-seduire-a-nouveau-les-voyageurs\/\" rel=\"nofollow noopener\" target=\"_blank\">tourisme<\/a> fran\u00e7ais pourrait mieux capitaliser<\/b> sur des <b>\u00e9v\u00e9nements mondiaux<\/b> de cette ampleur. Leslie Rival insiste sur l\u2019absence d\u2019une vraie <b>\u201cstrat\u00e9gie industrielle\u201d<\/b> du <b>tourisme dans notre pays<\/b>. Elle appelle \u00e0 regarder du <b>c\u00f4t\u00e9 britannique<\/b> : apr\u00e8s les <b>JO de Londres 2012<\/b>, le Royaume-Uni a su <b>renforcer durablement<\/b> son attractivit\u00e9.\n<\/p>\n<p>Cette r\u00e9flexion est d\u2019autant plus n\u00e9cessaire que le <b>secteur a\u00e9rien en France<\/b> est \u00e0 la tra\u00eene face \u00e0 ses voisins. La F\u00e9d\u00e9ration nationale de l\u2019aviation marchande (Fnam) d\u00e9plore que notre <b>pays soit le seul march\u00e9<\/b> europ\u00e9en en recul cet \u00e9t\u00e9. La fiscalit\u00e9 fran\u00e7aise, souvent <b>mise en cause<\/b>, p\u00e8serait sur la <b>comp\u00e9titivit\u00e9 de l\u2019offre<\/b>.<\/p>\n<p><a class=\"related-article simple\" href=\"https:\/\/buzzly.fr\/news\/20561-bientot-des-vacances-en-turquie-attention-a-ces-risques-dannulation-a-cause-du-gouvernement\/\" rel=\"nofollow noopener\" target=\"_blank\"><br \/>\n                        \u00c0 lire<br \/>\n                        Bient\u00f4t des vacances en Turquie ? Attention \u00e0 ces risques d\u2019annulation \u00e0 cause du gouvernement<\/p>\n<p>                        <\/a><\/p>\n<p>Des signaux encourageants mais trop l\u00e9gers<\/p>\n<p>Pour l\u2019instant, l\u2019apr\u00e8s-JO semble marquer un <b>l\u00e9ger mieux<\/b>, mais pas la <b>r\u00e9volution attendue<\/b>. Les professionnels du tourisme l\u2019ont souvent dit : un <b>\u00e9v\u00e9nement m\u00e9diatique<\/b>, si fort soit-il, ne suffit pas \u00e0 <b>transformer une destination<\/b>. Sans suivi, sans <b>politique claire<\/b>, et sans strat\u00e9gie d\u2019investissement, <b>l\u2019\u00e9lan peut retomber<\/b> rapidement.\n<\/p>\n<p>Reste donc \u00e0 voir si d\u2019autres <b>\u00e9l\u00e9ments comme la promotion<\/b> \u00e0 l\u2019international, la <b>qualit\u00e9 de l\u2019accueil<\/b> ou l\u2019innovation dans les <b>services touristiques<\/b>, pourront prendre le relais pour faire de <b>Paris une capitale attrayante<\/b> dans les ann\u00e9es \u00e0 venir.\n<\/p>\n<p>\u00c0 ce jour, on retient que :\n<\/p>\n<ul>\n<li>La fr\u00e9quentation touristique de Paris a progress\u00e9 de 2 % en un an.<\/li>\n<li>Les arriv\u00e9es a\u00e9riennes ont augment\u00e9 de 8 % au T1 2025.<\/li>\n<li>Les h\u00e9bergements hors campings ont recul\u00e9 de 1,5 % selon l\u2019Insee.<\/li>\n<li>La France reste le seul march\u00e9 a\u00e9rien en baisse en Europe cet \u00e9t\u00e9.<\/li>\n<li>Il manque une strat\u00e9gie nationale claire pour transformer cet \u00e9lan \u00e0 long terme.<\/li>\n<\/ul>\n<p><img loading=\"lazy\" decoding=\"async\" class=\"alignnone wp-image-20802 size-full\" src=\"data:image\/svg+xml,%3Csvg%20xmlns=\" http:=\"\" alt=\"Le secteur a\u00e9rien fran\u00e7ais est actuellement en crise.\" width=\"1200\" height=\"480\" data-lazy- data-lazy- data-lazy-src=\"https:\/\/www.europesays.com\/fr\/wp-content\/uploads\/2025\/06\/buzzly.fr-pourquoi-paris-attire-t-elle-si-peu-apres-les-jo-2024-le-vrai-frein-identifie-pour-le-tour.jpeg\"\/><\/p>\n<p><a class=\"related-article simple\" href=\"https:\/\/buzzly.fr\/news\/20492-salaires-records-dans-le-tourisme-pourquoi-les-pdg-du-secteur-voyage-gagnent-autant\/\" rel=\"nofollow noopener\" target=\"_blank\"><br \/>\n                        \u00c0 lire<br \/>\n                        Salaires records dans le tourisme : pourquoi les PDG du secteur voyage gagnent autant<\/p>\n<p>                        <\/a><\/p>\n","protected":false},"excerpt":{"rendered":"\u00a9 Buzzly &#8211; Pourquoi Paris attire-t-elle si peu apr\u00e8s les JO 2024 ? Le vrai frein identifi\u00e9 pour&hellip;\n","protected":false},"author":2,"featured_media":198801,"comment_status":"","ping_status":"","sticky":false,"template":"","format":"standard","meta":{"footnotes":""},"categories":[1888],"tags":[1111,1928,11,1927,1777,674,1011,27,12,1926,626,1925,25,602],"class_list":{"0":"post-198800","1":"post","2":"type-post","3":"status-publish","4":"format-standard","5":"has-post-thumbnail","7":"category-paris","8":"tag-actu","9":"tag-actu-paris","10":"tag-actualites","11":"tag-actualites-paris","12":"tag-eu","13":"tag-europe","14":"tag-fr","15":"tag-france","16":"tag-news","17":"tag-news-paris","18":"tag-paris","19":"tag-paris-news","20":"tag-republique-francaise","21":"tag-tourisme"},"share_on_mastodon":{"url":"https:\/\/pubeurope.com\/@fr\/114734071013793967","error":""},"_links":{"self":[{"href":"https:\/\/www.europesays.com\/fr\/wp-json\/wp\/v2\/posts\/198800","targetHints":{"allow":["GET"]}}],"collection":[{"href":"https:\/\/www.europesays.com\/fr\/wp-json\/wp\/v2\/posts"}],"about":[{"href":"https:\/\/www.europesays.com\/fr\/wp-json\/wp\/v2\/types\/post"}],"author":[{"embeddable":true,"href":"https:\/\/www.europesays.com\/fr\/wp-json\/wp\/v2\/users\/2"}],"replies":[{"embeddable":true,"href":"https:\/\/www.europesays.com\/fr\/wp-json\/wp\/v2\/comments?post=198800"}],"version-history":[{"count":0,"href":"https:\/\/www.europesays.com\/fr\/wp-json\/wp\/v2\/posts\/198800\/revisions"}],"wp:featuredmedia":[{"embeddable":true,"href":"https:\/\/www.europesays.com\/fr\/wp-json\/wp\/v2\/media\/198801"}],"wp:attachment":[{"href":"https:\/\/www.europesays.com\/fr\/wp-json\/wp\/v2\/media?parent=198800"}],"wp:term":[{"taxonomy":"category","embeddable":true,"href":"https:\/\/www.europesays.com\/fr\/wp-json\/wp\/v2\/categories?post=198800"},{"taxonomy":"post_tag","embeddable":true,"href":"https:\/\/www.europesays.com\/fr\/wp-json\/wp\/v2\/tags?post=198800"}],"curies":[{"name":"wp","href":"https:\/\/api.w.org\/{rel}","templated":true}]}}