{"id":198804,"date":"2025-06-23T18:23:11","date_gmt":"2025-06-23T18:23:11","guid":{"rendered":"https:\/\/www.europesays.com\/fr\/198804\/"},"modified":"2025-06-23T18:23:11","modified_gmt":"2025-06-23T18:23:11","slug":"seattle-psg-la-composition-officielle-de-paris-avec-des-choix-forts-de-luis-enrique-en-attaque","status":"publish","type":"post","link":"https:\/\/www.europesays.com\/fr\/198804\/","title":{"rendered":"Seattle-PSG\u00a0: la composition officielle de Paris avec des choix forts de Luis Enrique en attaque"},"content":{"rendered":"<p class=\"paragraph text_align_left lp-f-body-02\">Une qualification \u00e0 assurer. <a href=\"https:\/\/www.leparisien.fr\/sports\/football\/psg\/\" target=\"_blank\" rel=\"noreferrer nofollow noopener\">Le PSG<\/a> va tenter d\u2019obtenir son ticket pour les 8es de finale de <a href=\"https:\/\/www.leparisien.fr\/sports\/football\/coupe-du-monde-des-clubs\/\" target=\"_blank\" rel=\"noreferrer nofollow noopener\">la Coupe du monde des clubs<\/a> ce lundi soir (21 heures) \u00e0 l\u2019occasion de son dernier match de poules contre les Seattle Sounders, pratiquement \u00e9limin\u00e9s de la comp\u00e9tition. Une victoire enverrait les champions d\u2019Europe au tour suivant \u00e0 Atlanta ou Philadelphie. Pour relever ce d\u00e9fi, Luis Enrique a opt\u00e9 pour une formation tr\u00e8s comp\u00e9titive.<\/p>\n<p class=\"paragraph text_align_left lp-f-body-02\">Apr\u00e8s avoir align\u00e9 une \u00e9quipe remani\u00e9e lors de la d\u00e9faite face \u00e0 Botafogo (1-0), le technicien espagnol a d\u00e9cid\u00e9 de confiance \u00e0 son onze pratiquement type. La principale surprise provient de la titularisation de Senny Mayulu, possiblement dans un r\u00f4le de faux num\u00e9ro 9, une position o\u00f9 il avait \u00e9volu\u00e9 avec r\u00e9ussite en fin de match contre l\u2019Atl\u00e9tico de Madrid.<\/p>\n<p>Demb\u00e9l\u00e9 absent de la feuille de match<\/p>\n<p class=\"paragraph text_align_left lp-f-body-02\">Le trio d\u2019attaque est compl\u00e9t\u00e9 par D\u00e9sir\u00e9 Dou\u00e9 et Khvicha Kvaratskhelia. D\u00e9cevant lors des deux premi\u00e8res rencontres, Gon\u00e7alo Ramos d\u00e9marre sur le banc, tout comme Bradley Barcola, encore un peu juste pour d\u00e9marrer. <a href=\"https:\/\/www.leparisien.fr\/sports\/football\/coupe-du-monde-des-clubs\/seattle-psg-pourquoi-ousmane-dembele-est-toujours-incertain-21-06-2025-WPQACLVW4RBH7D3VMHI3JHMOZQ.php\" target=\"_blank\" rel=\"noreferrer nofollow noopener\">Comme pr\u00e9vu, Ousmane Demb\u00e9l\u00e9 ne figure pas sur la feuille de match<\/a>. Le staff a d\u00e9cid\u00e9 de ne prendre aucun risque avec son meilleur buteur<\/p>\n<p class=\"paragraph text_align_left lp-f-body-02\">Pour le reste, c\u2019est du grand classique : Gianluigi Donnarumma d\u00e9marre dans le but parisien. Achraf Hakimi, Marquinhos, Willian Pacho et Nuno Mendes composent le traditionnel quatuor d\u00e9fensif. Au milieu, on retrouve Jo\u00e3o Neves et Fabian Ruiz en tant que relayeurs, tandis que Vitinha occupe le poste de sentinelle, pour le troisi\u00e8me match de suite dans la comp\u00e9tition.<\/p>\n<p class=\"paragraph text_align_left lp-f-body-02\"><b>La composition officielle du PSG :<\/b> Donnarumma &#8211; Hakimi, Marquinhos (cap.), Pacho, Nuno Mendes &#8211; Neves, Vitinha, Ruiz &#8211; Dou\u00e9, Mayulu, Kvaratskhelia.<\/p>\n","protected":false},"excerpt":{"rendered":"Une qualification \u00e0 assurer. Le PSG va tenter d\u2019obtenir son ticket pour les 8es de finale de la&hellip;\n","protected":false},"author":2,"featured_media":198805,"comment_status":"","ping_status":"","sticky":false,"template":"","format":"standard","meta":{"footnotes":""},"categories":[1888],"tags":[11,7151,1777,674,63,1011,27,12,626,25,60],"class_list":{"0":"post-198804","1":"post","2":"type-post","3":"status-publish","4":"format-standard","5":"has-post-thumbnail","7":"category-paris","8":"tag-actualites","9":"tag-coupe-du-monde-des-clubs","10":"tag-eu","11":"tag-europe","12":"tag-football","13":"tag-fr","14":"tag-france","15":"tag-news","16":"tag-paris","17":"tag-republique-francaise","18":"tag-sports"},"share_on_mastodon":{"url":"https:\/\/pubeurope.com\/@fr\/114734078845510777","error":""},"_links":{"self":[{"href":"https:\/\/www.europesays.com\/fr\/wp-json\/wp\/v2\/posts\/198804","targetHints":{"allow":["GET"]}}],"collection":[{"href":"https:\/\/www.europesays.com\/fr\/wp-json\/wp\/v2\/posts"}],"about":[{"href":"https:\/\/www.europesays.com\/fr\/wp-json\/wp\/v2\/types\/post"}],"author":[{"embeddable":true,"href":"https:\/\/www.europesays.com\/fr\/wp-json\/wp\/v2\/users\/2"}],"replies":[{"embeddable":true,"href":"https:\/\/www.europesays.com\/fr\/wp-json\/wp\/v2\/comments?post=198804"}],"version-history":[{"count":0,"href":"https:\/\/www.europesays.com\/fr\/wp-json\/wp\/v2\/posts\/198804\/revisions"}],"wp:featuredmedia":[{"embeddable":true,"href":"https:\/\/www.europesays.com\/fr\/wp-json\/wp\/v2\/media\/198805"}],"wp:attachment":[{"href":"https:\/\/www.europesays.com\/fr\/wp-json\/wp\/v2\/media?parent=198804"}],"wp:term":[{"taxonomy":"category","embeddable":true,"href":"https:\/\/www.europesays.com\/fr\/wp-json\/wp\/v2\/categories?post=198804"},{"taxonomy":"post_tag","embeddable":true,"href":"https:\/\/www.europesays.com\/fr\/wp-json\/wp\/v2\/tags?post=198804"}],"curies":[{"name":"wp","href":"https:\/\/api.w.org\/{rel}","templated":true}]}}