{"id":198808,"date":"2025-06-23T18:25:09","date_gmt":"2025-06-23T18:25:09","guid":{"rendered":"https:\/\/www.europesays.com\/fr\/198808\/"},"modified":"2025-06-23T18:25:09","modified_gmt":"2025-06-23T18:25:09","slug":"des-drones-iraniens-sabattent-sur-kiev-et-une-coalition-de-meurtriers","status":"publish","type":"post","link":"https:\/\/www.europesays.com\/fr\/198808\/","title":{"rendered":"Des drones iraniens s\u2019abattent sur Kiev et une \u00ab coalition de meurtriers \u00bb"},"content":{"rendered":"<p><strong>R\u00e9cap &#8211; \u00ab\u00a020 Minutes\u00a0\u00bb fait le point pour vous tous les soirs sur le conflit en Ukraine. Ce lundi, au 1.216e jour de guerre, la Russie a men\u00e9 des attaques a\u00e9riennes meurtri\u00e8res sur Kiev et Odessa<\/strong><\/p>\n<p>Vous avez rat\u00e9 les derniers \u00e9v\u00e9nements sur la <a href=\"https:\/\/www.20minutes.fr\/monde\/ukraine\/?at_medium=RSS%20feed&amp;at_campaign=ynews&amp;utm_source=yahoo&amp;utm_medium=rss&amp;utm_campaign=news_feed&amp;utm_content=in_article_link\" rel=\"nofollow noopener\" target=\"_blank\" data-ylk=\"slk:guerre en Ukraine;elm:context_link;itc:0;sec:content-canvas\" class=\"link \">guerre en Ukraine<\/a>\u00a0? 20 Minutes fait le point pour vous tous les soirs. Voici l\u2019essentiel de ce lundi 23\u00a0juin 2025, 1.216e jour du conflit, qui a vu l\u2019Ukraine essuyer de nouvelles frappes russes meurtri\u00e8res.<\/p>\n<p>Le fait du jour<\/p>\n<p>Alors que le monde entier a les yeux tourn\u00e9s vers l\u2019<a href=\"https:\/\/www.20minutes.fr\/monde\/iran\/?at_medium=RSS%20feed&amp;at_campaign=ynews&amp;utm_source=yahoo&amp;utm_medium=rss&amp;utm_campaign=news_feed&amp;utm_content=in_article_link\" rel=\"nofollow noopener\" target=\"_blank\" data-ylk=\"slk:Iran;elm:context_link;itc:0;sec:content-canvas\" class=\"link \">Iran<\/a>, la <a href=\"https:\/\/www.20minutes.fr\/monde\/russie\/?at_medium=RSS%20feed&amp;at_campaign=ynews&amp;utm_source=yahoo&amp;utm_medium=rss&amp;utm_campaign=news_feed&amp;utm_content=in_article_link\" rel=\"nofollow noopener\" target=\"_blank\" data-ylk=\"slk:Russie;elm:context_link;itc:0;sec:content-canvas\" class=\"link \">Russie<\/a> continue consciencieusement \u00e0 bombarder l\u2019Ukraine. Une nouvelle attaque a\u00e9rienne russe d\u2019ampleur a tu\u00e9 au moins dix civils, dont une fillette de 11 ans, \u00e0 Kiev et dans sa r\u00e9gion, selon les autorit\u00e9s ukrainiennes. Les frappes russes ont commenc\u00e9 peu avant minuit dimanche et dur\u00e9 plus de quatre heures, d\u2019abord avec des drones explosifs, puis des missiles balistiques et de croisi\u00e8re.<\/p>\n<p>Au sud de la capitale, dans la ville de Bila Tserkva, une personne a \u00e9t\u00e9 tu\u00e9e et huit autres, dont deux secouristes, ont \u00e9t\u00e9 bless\u00e9es.<\/p>\n<p>Comme \u00e0 son habitude, Moscou a assur\u00e9 avoir vis\u00e9 des cibles militaires\u00a0: \u00ab\u00a0Cette nuit, les forces arm\u00e9es de la F\u00e9d\u00e9ration de Russie ont lanc\u00e9 une frappe group\u00e9e [\u2026] contre des entreprises du complexe militaro-industriel ukrainien dans la r\u00e9gion de Kiev\u00a0\u00bb, a affirm\u00e9 dans un communiqu\u00e9 le minist\u00e8re russe de la D\u00e9fense.<\/p>\n<p>Par ailleurs, d\u2019autres frappes russes ont vis\u00e9 la r\u00e9gion d\u2019Odessa dans le sud du pays. Elles ont tu\u00e9 deux personnes et en ont bless\u00e9 au moins une dizaine d\u2019autres, d\u2019apr\u00e8s les autorit\u00e9s locales.<\/p>\n<p>La d\u00e9claration du jour<\/p>\n<p>Tous les pays voisins de la Russie, de l\u2019Iran et de la Cor\u00e9e du Nord doivent se demander s\u2019ils seront en (&#8230;)<\/p>\n<p><a href=\"https:\/\/www.20minutes.fr\/monde\/ukraine\/4160023-20250623-guerre-ukraine-drones-iraniens-abattent-kiev-coalition-meurtriers?at_medium=RSS%20feed&amp;at_campaign=ynews&amp;utm_source=yahoo&amp;utm_medium=rss&amp;utm_campaign=news_feed&amp;utm_content=read_more_link&quot;\" rel=\"nofollow noopener\" target=\"_blank\" data-ylk=\"slk:Lire la suite sur 20minutes;elm:context_link;itc:0;sec:content-canvas\" class=\"link \">Lire la suite sur 20minutes<\/a><\/p>\n<p>\u00c0 lire aussi :<br \/><a href=\"https:\/\/www.20minutes.fr\/monde\/russie\/4159554-20250623-russie-dessins-animes-hack-chaine-tout-petits-quand-propagande-kremlin-vise-enfants?at_medium=RSS%20feed&amp;at_campaign=ynews&amp;utm_source=yahoo&amp;utm_medium=rss&amp;utm_campaign=news_feed&amp;utm_content=related_content_link\" rel=\"nofollow noopener\" target=\"_blank\" data-ylk=\"slk:Russie\u00a0: Dessins anim\u00e9s, hack de cha\u00eene pour tout-petits\u2026 Quand la propagande du Kremlin vise les enfants;elm:context_link;itc:0;sec:content-canvas\" class=\"link \">Russie\u00a0: Dessins anim\u00e9s, hack de cha\u00eene pour tout-petits\u2026 Quand la propagande du Kremlin vise les enfants<\/a><br \/><a href=\"https:\/\/www.20minutes.fr\/societe\/4159550-20250622-guerre-missiles-croisiere-balistiques-hypersoniques-differences-utilisations?at_medium=RSS%20feed&amp;at_campaign=ynews&amp;utm_source=yahoo&amp;utm_medium=rss&amp;utm_campaign=news_feed&amp;utm_content=related_content_link\" rel=\"nofollow noopener\" target=\"_blank\" data-ylk=\"slk:Guerre\u00a0: Missiles de croisi\u00e8re, balistiques ou hypersoniques\u2026 Quelles diff\u00e9rences\u00a0? Quelles utilisations\u00a0?;elm:context_link;itc:0;sec:content-canvas\" class=\"link \">Guerre\u00a0: Missiles de croisi\u00e8re, balistiques ou hypersoniques\u2026 Quelles diff\u00e9rences\u00a0? Quelles utilisations\u00a0?<\/a><\/p>\n","protected":false},"excerpt":{"rendered":"R\u00e9cap &#8211; \u00ab\u00a020 Minutes\u00a0\u00bb fait le point pour vous tous les soirs sur le conflit en Ukraine. Ce&hellip;\n","protected":false},"author":2,"featured_media":198809,"comment_status":"","ping_status":"","sticky":false,"template":"","format":"standard","meta":{"footnotes":""},"categories":[1590],"tags":[642,11,1777,674,1887,11229,2794,12,220],"class_list":{"0":"post-198808","1":"post","2":"type-post","3":"status-publish","4":"format-standard","5":"has-post-thumbnail","7":"category-ukraine","8":"tag-20-minutes","9":"tag-actualites","10":"tag-eu","11":"tag-europe","12":"tag-federation-de-russie","13":"tag-kiev","14":"tag-la-region","15":"tag-news","16":"tag-ukraine"},"share_on_mastodon":{"url":"https:\/\/pubeurope.com\/@fr\/114734086590091268","error":""},"_links":{"self":[{"href":"https:\/\/www.europesays.com\/fr\/wp-json\/wp\/v2\/posts\/198808","targetHints":{"allow":["GET"]}}],"collection":[{"href":"https:\/\/www.europesays.com\/fr\/wp-json\/wp\/v2\/posts"}],"about":[{"href":"https:\/\/www.europesays.com\/fr\/wp-json\/wp\/v2\/types\/post"}],"author":[{"embeddable":true,"href":"https:\/\/www.europesays.com\/fr\/wp-json\/wp\/v2\/users\/2"}],"replies":[{"embeddable":true,"href":"https:\/\/www.europesays.com\/fr\/wp-json\/wp\/v2\/comments?post=198808"}],"version-history":[{"count":0,"href":"https:\/\/www.europesays.com\/fr\/wp-json\/wp\/v2\/posts\/198808\/revisions"}],"wp:featuredmedia":[{"embeddable":true,"href":"https:\/\/www.europesays.com\/fr\/wp-json\/wp\/v2\/media\/198809"}],"wp:attachment":[{"href":"https:\/\/www.europesays.com\/fr\/wp-json\/wp\/v2\/media?parent=198808"}],"wp:term":[{"taxonomy":"category","embeddable":true,"href":"https:\/\/www.europesays.com\/fr\/wp-json\/wp\/v2\/categories?post=198808"},{"taxonomy":"post_tag","embeddable":true,"href":"https:\/\/www.europesays.com\/fr\/wp-json\/wp\/v2\/tags?post=198808"}],"curies":[{"name":"wp","href":"https:\/\/api.w.org\/{rel}","templated":true}]}}