{"id":198810,"date":"2025-06-23T18:26:09","date_gmt":"2025-06-23T18:26:09","guid":{"rendered":"https:\/\/www.europesays.com\/fr\/198810\/"},"modified":"2025-06-23T18:26:09","modified_gmt":"2025-06-23T18:26:09","slug":"bloquer-le-detroit-dormuz-apres-les-frappes-des-etats-unis-la-pire-riposte-de-liran-nest-pas-forcement-militaire","status":"publish","type":"post","link":"https:\/\/www.europesays.com\/fr\/198810\/","title":{"rendered":"Bloquer le d\u00e9troit d\u2019Ormuz\u00a0? Apr\u00e8s les frappes des \u00c9tats-Unis, la pire riposte de l\u2019Iran n\u2019est pas forc\u00e9ment militaire"},"content":{"rendered":"\n<p> La lecture de ce contenu est susceptible d\u2019entra\u00eener un d\u00e9p\u00f4t de cookies de la part de l\u2019op\u00e9rateur tiers qui l\u2019h\u00e9berge. Compte-tenu des choix que vous avez exprim\u00e9s en mati\u00e8re de d\u00e9p\u00f4t de cookies, nous avons bloqu\u00e9 l\u2019affichage de ce contenu. Si vous souhaitez y acc\u00e9der, vous devez accepter la cat\u00e9gorie de cookies \u201cContenus tiers\u201d en cliquant sur le bouton ci-dessous. <\/p>\n<p> Lire la Vid\u00e9o              <\/p>\n<p class=\"asset asset-text\">IRAN &#8211; Les menaces de riposte de T\u00e9h\u00e9ran ont \u00e9t\u00e9 imm\u00e9diates apr\u00e8s <a href=\"https:\/\/www.huffingtonpost.fr\/international\/article\/comment-les-etats-unis-ont-dupe-l-iran-et-le-monde-pour-surprendre-avec-leurs-frappes_251674.html\" rel=\"nofollow noopener\" target=\"_blank\">les frappes am\u00e9ricaines<\/a>. Parmi les options possiblement \u00e0 la disposition de l\u2019Iran, <a href=\"https:\/\/www.huffingtonpost.fr\/international\/video\/l-iran-a-lance-sa-riposte-apres-les-frappes-americaines-et-elle-est-sans-surprise_251712.html\" rel=\"nofollow noopener\" target=\"_blank\">les frappes militaires<\/a> sur des bases des <a href=\"https:\/\/www.huffingtonpost.fr\/international\/article\/donald-trump-pense-deja-a-un-changement-de-regime-en-iran-apres-les-frappes-americaines_251672.html\" rel=\"nofollow noopener\" target=\"_blank\">\u00c9tats-Unis<\/a> au Qatar ou dans le reste du Moyen Orient. D\u2019autres options inqui\u00e8tent au-del\u00e0 de Washington\u00a0: c\u2019est le cas de fa fermeture du <a href=\"https:\/\/www.huffingtonpost.fr\/international\/article\/le-detroit-d-ormuz-passage-strategique-au-c-ur-des-tensions-entre-etats-unis-et-iran_146821.html\" rel=\"nofollow noopener\" target=\"_blank\">d\u00e9troit d\u2019Ormuz<\/a>. \u00ab\u00a0Ce serait un acte suicidaire de leur part, car je pense que le monde entier se retournerait contre eux s\u2019ils agissaient ainsi,\u00a0\u00bb a consid\u00e9r\u00e9 sur CBS News ce 22\u00a0juin le secr\u00e9taire d\u2019\u00c9tat des \u00c9tats-Unis Marco Rubio.<\/p>\n<p class=\"asset asset-text\"><strong>Comme vous pouvez le voir dans la vid\u00e9o en t\u00eate d\u2019article, <\/strong>ce d\u00e9troit\u00a0entre le golfe arabo-persique et la mer d\u2019Oman est large d\u2019environ 50 kilom\u00e8tres. Et s\u2019il est capital pour toute la plan\u00e8te, c\u2019est parce que 20\u00a0% du p\u00e9trole mondial transite par lui.<\/p>\n<p class=\"asset asset-text\">Sa fermeture est donc un moyen de pression &#8211; \u00e9conomique plus que militaire &#8211; important, comme l\u2019explique Paul Tourret, directeur de l\u2019Institut sup\u00e9rieur d\u2019\u00e9conomie maritime sur <a href=\"https:\/\/www.radiofrance.fr\/franceinter\/podcasts\/l-invite-de-6h20\/l-invite-de-6h20-du-lundi-23-juin-2025-8736984\" target=\"_blank\" rel=\"noopener nofollow\" title=\"Nouvelle fen\u00eatre\">France Inter<\/a> ce 23\u00a0juin. \u00ab\u00a0Il y a un couteau sous la gorge de l\u2019\u00e9conomie mondiale. C\u2019est plus une menace globale qu\u2019une menace directe sur les int\u00e9r\u00eats am\u00e9ricains. Et c\u2019est pour \u00e7a que \u00e7a pose des questions majeures. On voit les r\u00e9actions, d\u2019ailleurs, dans les bourses, qui ont d\u00e9j\u00e0 ouvert en Asie avec une augmentation, encore l\u00e9g\u00e8re mais qui continue, du prix du p\u00e9trole\u00a0\u00bb pointe-t-il.<\/p>\n<p>    \u00ab\u00a0C\u2019est se tirer une balle dans le pied\u00a0\u00bb    <\/p>\n<p class=\"asset asset-text\">Une telle d\u00e9cision pourrait donc entra\u00eener une hausse brutale du cours des hydrocarbures ce qui inqui\u00e8te la communaut\u00e9 internationale, \u00e0 l\u2019instar de la cheffe de la diplomatie europ\u00e9enne Kaja Kallas qui a d\u00e9clar\u00e9 que la fermeture du d\u00e9troit d\u2019Ormuz \u00ab\u00a0serait extr\u00eamement dangereuse et n\u00e9faste pour tout le monde\u00a0\u00bb. Depuis la Norv\u00e8ge o\u00f9 il est en visite d\u2019\u00c9tat, Emmanuel\u00a0Macron a mis en garde contre \u00ab\u00a0les cons\u00e9quences massives\u00a0\u00bb d\u2019un tel blocage.<\/p>\n<p class=\"asset asset-text\">M\u00eame si fermer le d\u00e9troit est contraire au droit international, l\u2019Iran dispose de trois possibilit\u00e9s pour le bloquer, d\u00e9taille <a href=\"https:\/\/www.liberation.fr\/economie\/guerre-iran-israel-la-fermeture-du-detroit-dormuz-spectre-dune-flambee-des-prix-du-petrole-et-du-gaz-20250622_3OJXZH3IVRCXZBNZYWICBEK2WQ\/?redirected=1\" target=\"_blank\" rel=\"noopener nofollow\" title=\"Nouvelle fen\u00eatre\">Lib\u00e9ration\u00a0<\/a>: installer des bateaux emp\u00eachant le passage de navire, bombarder ceux qui l\u2019empruntent ou installer des mines. Mais en cas de blocus, l\u2019Iran risque une riposte des \u00c9tats-Unis, mais aussi d\u2019autres alli\u00e9s occidentaux.<\/p>\n<p class=\"asset asset-text\">Outre cette possibilit\u00e9, la fermeture du d\u00e9troit reviendrait pour T\u00e9h\u00e9ran \u00e0 se tirer une balle dans le pied, insiste June Goh, analyste du march\u00e9 p\u00e9trolier pour Sparta commodities. \u00ab\u00a0Ce pays en d\u00e9pend pour sa subsistance, son approvisionnement et l\u2019exportation de son p\u00e9trole\u00a0\u00bb, rappelle-t-elle.<\/p>\n<p class=\"asset asset-text\">Des experts doutent donc que l\u2019Iran ferme le d\u00e9troit d\u2019Ormuz. Mais rien qu\u2019en brandissant cette menace, T\u00e9h\u00e9ran cr\u00e9e de l\u2019incertitude et d\u00e9stabilise les march\u00e9s, ce qui est d\u00e9j\u00e0 en soi une forme de repr\u00e9sailles.<\/p>\n","protected":false},"excerpt":{"rendered":"La lecture de ce contenu est susceptible d\u2019entra\u00eener un d\u00e9p\u00f4t de cookies de la part de l\u2019op\u00e9rateur tiers&hellip;\n","protected":false},"author":2,"featured_media":198811,"comment_status":"","ping_status":"","sticky":false,"template":"","format":"standard","meta":{"footnotes":""},"categories":[1589],"tags":[11,73,1866,14,3019,3257,12,2532,844,1864,1865,1863,308],"class_list":{"0":"post-198810","1":"post","2":"type-post","3":"status-publish","4":"format-standard","5":"has-post-thumbnail","7":"category-etats-unis","8":"tag-actualites","9":"tag-etats-unis","10":"tag-etats-unis-damerique","11":"tag-international","12":"tag-iran","13":"tag-moyen-orient","14":"tag-news","15":"tag-nos-videos","16":"tag-petrole","17":"tag-united-states","18":"tag-united-states-of-america","19":"tag-us","20":"tag-usa"},"share_on_mastodon":{"url":"https:\/\/pubeurope.com\/@fr\/114734090426875579","error":""},"_links":{"self":[{"href":"https:\/\/www.europesays.com\/fr\/wp-json\/wp\/v2\/posts\/198810","targetHints":{"allow":["GET"]}}],"collection":[{"href":"https:\/\/www.europesays.com\/fr\/wp-json\/wp\/v2\/posts"}],"about":[{"href":"https:\/\/www.europesays.com\/fr\/wp-json\/wp\/v2\/types\/post"}],"author":[{"embeddable":true,"href":"https:\/\/www.europesays.com\/fr\/wp-json\/wp\/v2\/users\/2"}],"replies":[{"embeddable":true,"href":"https:\/\/www.europesays.com\/fr\/wp-json\/wp\/v2\/comments?post=198810"}],"version-history":[{"count":0,"href":"https:\/\/www.europesays.com\/fr\/wp-json\/wp\/v2\/posts\/198810\/revisions"}],"wp:featuredmedia":[{"embeddable":true,"href":"https:\/\/www.europesays.com\/fr\/wp-json\/wp\/v2\/media\/198811"}],"wp:attachment":[{"href":"https:\/\/www.europesays.com\/fr\/wp-json\/wp\/v2\/media?parent=198810"}],"wp:term":[{"taxonomy":"category","embeddable":true,"href":"https:\/\/www.europesays.com\/fr\/wp-json\/wp\/v2\/categories?post=198810"},{"taxonomy":"post_tag","embeddable":true,"href":"https:\/\/www.europesays.com\/fr\/wp-json\/wp\/v2\/tags?post=198810"}],"curies":[{"name":"wp","href":"https:\/\/api.w.org\/{rel}","templated":true}]}}