{"id":198814,"date":"2025-06-23T18:28:15","date_gmt":"2025-06-23T18:28:15","guid":{"rendered":"https:\/\/www.europesays.com\/fr\/198814\/"},"modified":"2025-06-23T18:28:15","modified_gmt":"2025-06-23T18:28:15","slug":"mercato-rodez-waniss-taibi-proche-dun-transfert-en-allemagne","status":"publish","type":"post","link":"https:\/\/www.europesays.com\/fr\/198814\/","title":{"rendered":"Mercato Rodez\u00a0: Waniss Ta\u00efbi proche d\u2019un transfert en Allemagne"},"content":{"rendered":"<p class=\"paragraph text_align_left lp-f-body-02\">C\u2019est un dossier qui devrait se conclure cette semaine. Li\u00e9 \u00e0 Rodez jusqu\u2019en juin 2026, Waniss Ta\u00efbi est en partance pour Hanovre en deuxi\u00e8me division allemande. Selon nos informations, un terrain d\u2019entente est proche d\u2019\u00eatre trouv\u00e9 entre les diff\u00e9rentes parties pour le transfert du milieu offensif franco-alg\u00e9rien.<\/p>\n<p class=\"paragraph text_align_left lp-f-body-02\">Form\u00e9 \u00e0 <a href=\"https:\/\/www.leparisien.fr\/sports\/football\/ligue-1\/psg-angers-1-0-paris-officiellement-sacre-champion-de-france-pour-la-13e-fois-de-son-histoire-05-04-2025-KJL6PBSPSRC45J76DULODINIUM.php?ts=1750694151607\" target=\"_self\" rel=\"nofollow noopener\">Angers<\/a>, qui l\u2019a lanc\u00e9 en professionnel, le joueur de 23 ans vient de r\u00e9aliser une saison convaincante en Ligue 2 avec 4 buts et 5 passes d\u00e9cisives en 32 sorties.<\/p>\n","protected":false},"excerpt":{"rendered":"C\u2019est un dossier qui devrait se conclure cette semaine. Li\u00e9 \u00e0 Rodez jusqu\u2019en juin 2026, Waniss Ta\u00efbi est&hellip;\n","protected":false},"author":2,"featured_media":198815,"comment_status":"","ping_status":"","sticky":false,"template":"","format":"standard","meta":{"footnotes":""},"categories":[1587],"tags":[11,672,1804,1805,1803,1777,674,63,1801,12,1802,60],"class_list":{"0":"post-198814","1":"post","2":"type-post","3":"status-publish","4":"format-standard","5":"has-post-thumbnail","7":"category-allemagne","8":"tag-actualites","9":"tag-allemagne","10":"tag-bundesrepublik-deutschland","11":"tag-de","12":"tag-deutschland","13":"tag-eu","14":"tag-europe","15":"tag-football","16":"tag-germany","17":"tag-news","18":"tag-republique-federale-dallemagne","19":"tag-sports"},"share_on_mastodon":{"url":"https:\/\/pubeurope.com\/@fr\/114734098295786977","error":""},"_links":{"self":[{"href":"https:\/\/www.europesays.com\/fr\/wp-json\/wp\/v2\/posts\/198814","targetHints":{"allow":["GET"]}}],"collection":[{"href":"https:\/\/www.europesays.com\/fr\/wp-json\/wp\/v2\/posts"}],"about":[{"href":"https:\/\/www.europesays.com\/fr\/wp-json\/wp\/v2\/types\/post"}],"author":[{"embeddable":true,"href":"https:\/\/www.europesays.com\/fr\/wp-json\/wp\/v2\/users\/2"}],"replies":[{"embeddable":true,"href":"https:\/\/www.europesays.com\/fr\/wp-json\/wp\/v2\/comments?post=198814"}],"version-history":[{"count":0,"href":"https:\/\/www.europesays.com\/fr\/wp-json\/wp\/v2\/posts\/198814\/revisions"}],"wp:featuredmedia":[{"embeddable":true,"href":"https:\/\/www.europesays.com\/fr\/wp-json\/wp\/v2\/media\/198815"}],"wp:attachment":[{"href":"https:\/\/www.europesays.com\/fr\/wp-json\/wp\/v2\/media?parent=198814"}],"wp:term":[{"taxonomy":"category","embeddable":true,"href":"https:\/\/www.europesays.com\/fr\/wp-json\/wp\/v2\/categories?post=198814"},{"taxonomy":"post_tag","embeddable":true,"href":"https:\/\/www.europesays.com\/fr\/wp-json\/wp\/v2\/tags?post=198814"}],"curies":[{"name":"wp","href":"https:\/\/api.w.org\/{rel}","templated":true}]}}