{"id":198816,"date":"2025-06-23T18:29:10","date_gmt":"2025-06-23T18:29:10","guid":{"rendered":"https:\/\/www.europesays.com\/fr\/198816\/"},"modified":"2025-06-23T18:29:10","modified_gmt":"2025-06-23T18:29:10","slug":"leurope-spectatrice-impuissante-de-la-guerre-les-etats-unis-font-en-quelque-sorte-ce-que-les-europeens-ne-veulent-ou-ne-peuvent-pas-faire","status":"publish","type":"post","link":"https:\/\/www.europesays.com\/fr\/198816\/","title":{"rendered":"L&rsquo;Europe, spectatrice impuissante de la guerre : \u00ab\u00a0les \u00c9tats-Unis font en quelque sorte ce que les Europ\u00e9ens ne veulent ou ne peuvent pas faire\u00a0\u00bb"},"content":{"rendered":"<p class=\"ap-StoryElement ap-StoryElement--mb ap-StoryText\">Trump a en effet \u00ab\u00a0r\u00e9alis\u00e9 un coup de \u00ab\u00a0poing jacksonien\u00a0\u00bb, en r\u00e9glant une bonne fois pour toutes par la force\u00a0\u00bb ce que la diplomatie europ\u00e9enne tentait laborieusement de d\u00e9samorcer depuis des mois. Cette crise r\u00e9v\u00e8le \u00e9galement les limites de l&rsquo;autonomie strat\u00e9gique europ\u00e9enne tant vant\u00e9e par Emmanuel Macron.<\/p>\n<p><a href=\"https:\/\/www.dhnet.be\/actu\/belgique\/2025\/06\/22\/comment-la-belgique-peut-atteindre-5-du-pib-pour-sa-defense-il-existe-un-secteur-ou-aller-chercher-largent-sans-detricoter-la-securite-sociale-HAA4UKPRCBD75MQ6PMDY5X7HTQ\/\" target=\"_blank\" rel=\"noopener noreferrer\" class=\"ap-StoryInterstitialLink ap-StoryElement ap-StoryElement--mb\">Comment la Belgique peut atteindre 5 % du PIB pour sa D\u00e9fense ? \u00ab\u00a0Il existe un secteur o\u00f9 aller chercher l&rsquo;argent, sans d\u00e9tricoter la s\u00e9curit\u00e9 sociale\u00a0\u00bb<\/a>Un poids g\u00e9opolitique en question<\/p>\n<p class=\"ap-StoryElement ap-StoryElement--mb ap-StoryText\">Comme l&rsquo;analyse le professeur, \u00ab\u00a0les \u00c9tats-Unis font en quelque sorte ce que les Europ\u00e9ens ne veulent ou ne peuvent pas faire\u00a0\u00bb. Et alors que le lien transatlantique \u00e9tait d\u00e9j\u00e0 distendu, cette action unilat\u00e9rale vient souligner toute sa fragilit\u00e9. \u00ab\u00a0Finalement, les Am\u00e9ricains font le sale boulot, et Trump ach\u00e8ve ce travail\u00a0\u00bb, r\u00e9sume le professeur, pointant une r\u00e9alit\u00e9 d\u00e9rangeante\u200a: l&rsquo;Europe manque des moyens militaires pour peser r\u00e9ellement sur les crises internationales.<\/p>\n<p class=\"ap-StoryElement ap-StoryElement--mb ap-StoryText\">\u00c7a tombe bien, en vue du sommet de l&rsquo;Otan \u00e0 La Haye qui d\u00e9bute ce mardi, les 32 \u00c9tats membres de l&rsquo;Otan se disent pr\u00eats \u00e0 s&rsquo;accorder autour du fameux <a href=\"https:\/\/www.dhnet.be\/actu\/belgique\/2025\/06\/22\/comment-la-belgique-peut-atteindre-5-du-pib-pour-sa-defense-il-existe-un-secteur-ou-aller-chercher-largent-sans-detricoter-la-securite-sociale-HAA4UKPRCBD75MQ6PMDY5X7HTQ\/\" target=\"_blank\" rel=\"noopener\">seuil de 5 % du PIB <\/a>\u00e0 investir dans la d\u00e9fense.<\/p>\n<p class=\"ap-StoryElement ap-StoryElement--mb ap-StoryText\">En toile de fond, la v\u00e9ritable question est de savoir si les Europ\u00e9ens sont capables d&rsquo;assumer leur propre d\u00e9fense, avec un partenaire am\u00e9ricain non pas absent, mais de plus en plus r\u00e9ticent. Pour Tanguy De Wilde, c&rsquo;est l\u00e0 que se joue l&rsquo;avenir du continent. Car au-del\u00e0 des budgets, c&rsquo;est une question qualitative\u200a: \u00ab\u00a0Cette crise montre que la puissance am\u00e9ricaine ne repose pas seulement sur un budget militaire colossal, mais aussi sur des capacit\u00e9s qualitatives pr\u00e9cises, explique-t-il. Il ne suffit pas de cumuler les d\u00e9penses de d\u00e9fense europ\u00e9ennes pour se comparer aux autres grandes puissances. Ce qui compte, c&rsquo;est ce qu&rsquo;on ach\u00e8te avec cet argent, et le pouvoir d&rsquo;achat militaire qu&rsquo;il repr\u00e9sente.\u00a0\u00bb<\/p>\n<p><a href=\"https:\/\/www.dhnet.be\/actu\/belgique\/2025\/06\/23\/augmentation-du-budget-de-la-defense-il-ny-aura-aucun-impot-en-plus-avertit-georges-louis-bouchez-652N6U7PSJDLDL77HKC2VVOPGM\/\" target=\"_blank\" rel=\"noopener noreferrer\" class=\"ap-StoryInterstitialLink ap-StoryElement ap-StoryElement--mb\">Augmentation du budget de la D\u00e9fense : \u00ab\u00a0Il n&rsquo;y aura aucun imp\u00f4t en plus\u00a0\u00bb, avertit Georges-Louis Bouchez<\/a><\/p>\n","protected":false},"excerpt":{"rendered":"Trump a en effet \u00ab\u00a0r\u00e9alis\u00e9 un coup de \u00ab\u00a0poing jacksonien\u00a0\u00bb, en r\u00e9glant une bonne fois pour toutes par&hellip;\n","protected":false},"author":2,"featured_media":198817,"comment_status":"","ping_status":"","sticky":false,"template":"","format":"standard","meta":{"footnotes":""},"categories":[1586],"tags":[11,33850,1777,674,1011,27,33851,1227,33852,33853,33854,12,33855,25],"class_list":{"0":"post-198816","1":"post","2":"type-post","3":"status-publish","4":"format-standard","5":"has-post-thumbnail","7":"category-europe","8":"tag-actualites","9":"tag-armed-forces-and-soldier","10":"tag-eu","11":"tag-europe","12":"tag-fr","13":"tag-france","14":"tag-general-view","15":"tag-horizontal","16":"tag-horizontal-format","17":"tag-military-base","18":"tag-military-plane","19":"tag-news","20":"tag-plane-on-the-ground","21":"tag-republique-francaise"},"share_on_mastodon":{"url":"https:\/\/pubeurope.com\/@fr\/114734102300066466","error":""},"_links":{"self":[{"href":"https:\/\/www.europesays.com\/fr\/wp-json\/wp\/v2\/posts\/198816","targetHints":{"allow":["GET"]}}],"collection":[{"href":"https:\/\/www.europesays.com\/fr\/wp-json\/wp\/v2\/posts"}],"about":[{"href":"https:\/\/www.europesays.com\/fr\/wp-json\/wp\/v2\/types\/post"}],"author":[{"embeddable":true,"href":"https:\/\/www.europesays.com\/fr\/wp-json\/wp\/v2\/users\/2"}],"replies":[{"embeddable":true,"href":"https:\/\/www.europesays.com\/fr\/wp-json\/wp\/v2\/comments?post=198816"}],"version-history":[{"count":0,"href":"https:\/\/www.europesays.com\/fr\/wp-json\/wp\/v2\/posts\/198816\/revisions"}],"wp:featuredmedia":[{"embeddable":true,"href":"https:\/\/www.europesays.com\/fr\/wp-json\/wp\/v2\/media\/198817"}],"wp:attachment":[{"href":"https:\/\/www.europesays.com\/fr\/wp-json\/wp\/v2\/media?parent=198816"}],"wp:term":[{"taxonomy":"category","embeddable":true,"href":"https:\/\/www.europesays.com\/fr\/wp-json\/wp\/v2\/categories?post=198816"},{"taxonomy":"post_tag","embeddable":true,"href":"https:\/\/www.europesays.com\/fr\/wp-json\/wp\/v2\/tags?post=198816"}],"curies":[{"name":"wp","href":"https:\/\/api.w.org\/{rel}","templated":true}]}}