{"id":198824,"date":"2025-06-23T18:33:11","date_gmt":"2025-06-23T18:33:11","guid":{"rendered":"https:\/\/www.europesays.com\/fr\/198824\/"},"modified":"2025-06-23T18:33:11","modified_gmt":"2025-06-23T18:33:11","slug":"panne-a-france-televisions-une-plainte-deposee-apres-un-acte-de-malveillance","status":"publish","type":"post","link":"https:\/\/www.europesays.com\/fr\/198824\/","title":{"rendered":"Panne \u00e0 France T\u00e9l\u00e9visions\u00a0: une plainte d\u00e9pos\u00e9e apr\u00e8s \u00ab\u00a0un acte de malveillance\u00a0\u00bb"},"content":{"rendered":"<p class=\"paragraph text_align_left lp-f-body-02\">C\u2019\u00e9tait un acte de malveillance. <a href=\"https:\/\/www.leparisien.fr\/culture-loisirs\/tv\/france-televisions-la-chaine-france-info-dans-lincapacite-de-diffuser-ses-programmes-en-direct-a-cause-dune-panne-21-06-2025-FIM6DON2C5EYHLZIL4E4GNZGMA.php\" target=\"_blank\" rel=\"noreferrer nofollow noopener\">La panne \u00ab majeure \u00bb<\/a> survenue dans la nuit de vendredi 20 \u00e0 samedi 21 juin sur les antennes <a href=\"https:\/\/www.leparisien.fr\/culture-loisirs\/france-tv\/\" target=\"_blank\" rel=\"noreferrer nofollow noopener\">de France T\u00e9l\u00e9visions<\/a> ne serait pas un accident. Dans un communiqu\u00e9 envoy\u00e9 ce lundi 23 juillet en fin de journ\u00e9e, la direction de France TV d\u00e9nonce \u00ab un acte de malveillance commis \u00e0 l\u2019ext\u00e9rieur \u00bb qui \u00ab a provoqu\u00e9 la panne d\u2019un circuit de climatisation \u00bb. Elle pr\u00e9cise avoir \u00ab port\u00e9 plainte afin que soit men\u00e9e une investigation sur les circonstances et les motivations de cette action \u00bb.<\/p>\n<p class=\"paragraph text_align_left lp-f-body-02\">Rappel des faits. Dans la nuit du 20 au 21, une panne de climatisation a touch\u00e9 les serveurs de diffusion de France 2, France 3, France 4, France 5 et franceinfo, causant simplement une interruption aux alentours de minuit.<\/p>\n<p class=\"paragraph text_align_left lp-f-body-02\">Mais le 21 au matin, la cha\u00eene d\u2019information en continu \u00e9tait toujours dans l\u2019incapacit\u00e9 de diffuser ses programmes en direct : la panne avait endommag\u00e9 une partie du mat\u00e9riel de la r\u00e9gie de production. \u00ab L\u2019antenne TV de franceinfo a repris en direct \u00e0 partir de 10 heures depuis le plateau France A. La cha\u00eene a retrouv\u00e9 des conditions normales de production d\u00e8s le dimanche 22 juin \u00bb, pr\u00e9cise aujourd\u2019hui France TV.<\/p>\n<p>Plus de traces de l\u00e9gionelles<\/p>\n<p class=\"paragraph text_align_left lp-f-body-02\">Depuis ce rare incident, des investigations ont, semble-t-il, permis de conclure \u00e0 une intervention ext\u00e9rieure comme cause de la panne, sans que le communiqu\u00e9 apporte davantage de pr\u00e9cision.<\/p>\n<p class=\"paragraph text_align_left lp-f-body-02\">Le texte en profite \u00e9galement pour affirmer, contrairement \u00e0 ce qu\u2019avait pu circuler sur le Web, qu\u2019il n\u2019existe plus de traces de l\u00e9gionelles dans les locaux de France TV.<\/p>\n<p class=\"paragraph text_align_left lp-f-body-02\">\u00ab Comme communiqu\u00e9 \u00e0 l\u2019ensemble des salari\u00e9s le 26 septembre 2024, un contr\u00f4le effectu\u00e9 mi-septembre 2024 a r\u00e9v\u00e9l\u00e9 la pr\u00e9sence de l\u00e9gionelles au niveau de certaines tours a\u00e9ror\u00e9frig\u00e9rantes de la Maison France T\u00e9l\u00e9visions. Imm\u00e9diatement, et en lien avec les services concern\u00e9s de la Pr\u00e9fecture d\u2019\u00cele-de-France et de la DRIEAT, l\u2019ensemble des mesures de d\u00e9sinfection et de mise en s\u00e9curit\u00e9 des salari\u00e9s ont \u00e9t\u00e9 mises en \u0153uvre. Aucun cas de contamination n\u2019a \u00e9t\u00e9 relev\u00e9 parmi les salari\u00e9s du groupe. Depuis lors, l\u2019ensemble des relev\u00e9s effectu\u00e9s tr\u00e8s r\u00e9guli\u00e8rement conform\u00e9ment \u00e0 la r\u00e9glementation ont confirm\u00e9 l\u2019absence totale de bact\u00e9ries dans nos installations \u00bb.<\/p>\n","protected":false},"excerpt":{"rendered":"C\u2019\u00e9tait un acte de malveillance. La panne \u00ab majeure \u00bb survenue dans la nuit de vendredi 20 \u00e0&hellip;\n","protected":false},"author":2,"featured_media":198825,"comment_status":"","ping_status":"","sticky":false,"template":"","format":"standard","meta":{"footnotes":""},"categories":[4],"tags":[11,872,1011,27,12,25,2205],"class_list":{"0":"post-198824","1":"post","2":"type-post","3":"status-publish","4":"format-standard","5":"has-post-thumbnail","7":"category-france","8":"tag-actualites","9":"tag-culture-et-loisirs","10":"tag-fr","11":"tag-france","12":"tag-news","13":"tag-republique-francaise","14":"tag-television-medias"},"share_on_mastodon":{"url":"https:\/\/pubeurope.com\/@fr\/114734117926932526","error":""},"_links":{"self":[{"href":"https:\/\/www.europesays.com\/fr\/wp-json\/wp\/v2\/posts\/198824","targetHints":{"allow":["GET"]}}],"collection":[{"href":"https:\/\/www.europesays.com\/fr\/wp-json\/wp\/v2\/posts"}],"about":[{"href":"https:\/\/www.europesays.com\/fr\/wp-json\/wp\/v2\/types\/post"}],"author":[{"embeddable":true,"href":"https:\/\/www.europesays.com\/fr\/wp-json\/wp\/v2\/users\/2"}],"replies":[{"embeddable":true,"href":"https:\/\/www.europesays.com\/fr\/wp-json\/wp\/v2\/comments?post=198824"}],"version-history":[{"count":0,"href":"https:\/\/www.europesays.com\/fr\/wp-json\/wp\/v2\/posts\/198824\/revisions"}],"wp:featuredmedia":[{"embeddable":true,"href":"https:\/\/www.europesays.com\/fr\/wp-json\/wp\/v2\/media\/198825"}],"wp:attachment":[{"href":"https:\/\/www.europesays.com\/fr\/wp-json\/wp\/v2\/media?parent=198824"}],"wp:term":[{"taxonomy":"category","embeddable":true,"href":"https:\/\/www.europesays.com\/fr\/wp-json\/wp\/v2\/categories?post=198824"},{"taxonomy":"post_tag","embeddable":true,"href":"https:\/\/www.europesays.com\/fr\/wp-json\/wp\/v2\/tags?post=198824"}],"curies":[{"name":"wp","href":"https:\/\/api.w.org\/{rel}","templated":true}]}}